{"id":507835,"date":"2025-10-18T07:45:12","date_gmt":"2025-10-18T07:45:12","guid":{"rendered":"https:\/\/www.europesays.com\/de\/507835\/"},"modified":"2025-10-18T07:45:12","modified_gmt":"2025-10-18T07:45:12","slug":"zwei-seltene-kometen-swan-und-lemmon-am-wochenende-am-nachthimmel-zu-sehen","status":"publish","type":"post","link":"https:\/\/www.europesays.com\/de\/507835\/","title":{"rendered":"Zwei seltene Kometen: \u201eSwan\u201c und \u201eLemmon\u201c am Wochenende am Nachthimmel zu sehen"},"content":{"rendered":"<p id=\"absatz1\" class=\"em_text\">Mit etwas Gl\u00fcck k\u00f6nnen Sternengucker in den kommenden N\u00e4chten gleich zwei Kometen beobachten \u2013 zumindest, wenn keine Wolken das Schauspiel st\u00f6ren. Anfang der n\u00e4chsten Woche erreicht Komet \u201eSwan\u201c seine gr\u00f6\u00dfte Ann\u00e4herung an die Erde, einen Tag sp\u00e4ter ist es auch f\u00fcr Komet \u201eLemmon\u201c so weit. Und wer geschickt plant, kann zus\u00e4tzlich sogar noch Sternschnuppen am Himmel sehen. Wer die beiden Kometen sehen will, sollte die Chance nutzen: Denn beide sind seltene Besucher.<\/p>\n<p id=\"absatz2\" class=\"basetext Zwischenzeile\" data-semantic=\"p\">\ud83d\udcab Was sind Kometen?<\/p>\n<p id=\"absatz3\" class=\"em_text\">Kometen sind Himmelsk\u00f6rper aus Eis, Staub und Gestein. Sie sind mehrere Milliarden Jahre alt und stammen aus der Anfangszeit des Sonnensystems. Wenn ein Komet der Sonne nahekommt, beginnt sein Kern zu verdampfen und es bildet sich eine H\u00fclle aus Gas und Staub um den Kern. Sp\u00e4ter entsteht der Kometenschweif, der mehrere Millionen Kilometer lang werden kann und im reflektierenden Sonnenlicht hell leuchtet.<\/p>\n<p class=\"basetext Zwischenzeile\" data-semantic=\"p\">\ud83d\udca5 Seltene Besucher: \u201eSwan\u201c und \u201eLemmon\u201c<\/p>\n<p id=\"absatz6\" class=\"basetext\">Eigentlich tragen die beiden Kometen viel unhandlichere Namen, n\u00e4mlich \u201eC\/2025 R2\u201c und \u201eC\/2025 A6\u201c. \u201eSwan\u201c wurde erst am 11. September vom ukrainischen Amateurastronomen Vladimir Bezugly entdeckt und wird sich der Erde bis auf 30 Millionen Kilometer n\u00e4hern.<\/p>\n<p id=\"absatz7\" class=\"basetext\">\u201eEr wird im Oktober abends im S\u00fcdwesten stehen und Anfang November im S\u00fcden\u201c, sagte Uwe Pilz, Vorsitzender der Vereinigung der Sternfreunde. Wer ihn sehen sollte, muss zwingend in den kommenden Tagen in den Nachthimmel schauen: Denn ab dem 3. November beginnt er laut der Online-Plattform der Astronomie-App \u201eStar Walk\u201c seine Reise zur\u00fcck ins \u00e4u\u00dfere Sonnensystem und soll wahrscheinlich erst in \u00fcber 20.000 Jahren zur\u00fcckkehren.<\/p>\n<p id=\"absatz8\" class=\"em_text\">\u201eLemmon\u201c hingegen ist ein regelm\u00e4\u00dfiger, aber ebenfalls seltener Besucher. Erst Anfang des Jahres wurde entdeckt, dass er wieder im Anflug ist. \u201eDer Komet war das letzte Mal hier vor circa 1.320 Jahren und wird uns in 1.410 Jahren wieder besuchen\u201c, sagt Uwe Pilz. Am Morgenhimmel sei der Komet bereits beobachtbar. Die gr\u00f6\u00dfte Erdn\u00e4he erreicht er mit knapp 90 Millionen Kilometern am Dienstag, 21. Oktober.<\/p>\n<p id=\"absatz9\"><b class=\"bold\">\u201eSwan\u201c:<\/b> <a href=\"https:\/\/www.nw.de\/nachrichten\/wissenschaft\/24177285_Neu-entdeckter-Komet-wird-am-Abendhimmel-erwartet.html\" target=\"_blank\" rel=\"noopener\">Neu entdeckter Komet wird am Abendhimmel erwartet<\/a><\/p>\n<p>\n                Empfohlener redaktioneller Inhalt\n            <\/p>\n<p>\n                Wir bieten an dieser Stelle weitere externe Informationen zu dem Artikel an. Mit einem Klick k\u00f6nnen Sie sich diese anzeigen lassen und auch wieder ausblenden.\n            <\/p>\n<p>\n                Wenn Sie sich externe Inhalte anzeigen lassen, erkl\u00e4ren Sie sich damit<br \/>\n                ein-verstanden, dass personenbezogene Daten an Drittplattformen<br \/>\n                \u00fcbermittelt werden.\n            <\/p>\n<p>                Weitere Hinweise dazu finden Sie in unserer<br \/>\n                <a href=\"\" class=\"nw-text-red-0\">Datenschutzerkl\u00e4rung.<\/a><\/p>\n<p id=\"absatz11\" class=\"basetext Zwischenzeile\" data-semantic=\"p\">\ud83d\udd2d Ist ein Fernglas n\u00f6tig?<\/p>\n<p id=\"absatz12\" class=\"basetext\">Am Wochenende erreicht \u201eSwan\u201c die gr\u00f6\u00dfte Helligkeit. Laut Uwe Pilz k\u00f6nnten erfahrene Beobachter ihn wohl sogar mit dem blo\u00dfen Auge erkennen, mit einem Fernglas sei er jedoch auf jeden Fall beobachtbar. \u201eLemmon\u201c werde hingegen von einem dunklen Standort aus mit dem blo\u00dfen Auge zu sehen sein, sagt Pilz. Er sei Ende des Monats am hellsten.<\/p>\n<p id=\"absatz13\" class=\"basetext\"><b class=\"bold\">Kometen: <\/b><a href=\"https:\/\/www.nw.de\/lokal\/bielefeld\/mitte\/23962231_Bielefelder-fotografiert-Komet-Tsuchinshan-Atlas-weiteres-Phaenomen-kommt-hinzu.html\" target=\"_blank\" rel=\"noopener\">Bielefelder fotografiert Komet Tsuchinshan-Atlas \u2013 weiteres Ph\u00e4nomen kommt hinzu <\/a><\/p>\n<p id=\"absatz14\" class=\"basetext Zwischenzeile\" data-semantic=\"p\">\ud83d\udd70\ufe0f Wann und wo sind die Kometen sichtbar?<\/p>\n<p id=\"absatz15\" class=\"basetext\">Wer \u201eSwan\u201c sehen m\u00f6chte, sollte sich vor allem Samstagnacht (18. Oktober) freihalten. Dem Deutschen Wetterdienst zufolge h\u00e4tten Sterngucker in der Nacht von Samstag auf Sonntag (18.\/19. Oktober) eine gute Chance auf einen wolkenlosen Himmel f\u00fcr das Spektakel. Im Westen Deutschlands k\u00f6nnten zwar Wolken hereinziehen, im Osten des Landes k\u00f6nne der Blick hingegen ungetr\u00fcbt sein. In der Nacht zum Montag, 20. Oktober, seien die Chancen wieder schlechter, dann sei der Komet aufgrund von Wolken nur noch im Nordosten sichtbar.<\/p>\n<p id=\"absatz16\" class=\"basetext\">Wer es aber am Montag schafft, einen geeigneten Ort zu finden, kann am gleich drei Spektakel auf einmal bestaunen: Denn dann ist \u201eSwan\u201c einerseits im S\u00fcdwesten im Sternzeichen Sch\u00fctzen zu sehen und \u201eLemmon\u201c k\u00f6nnen Sternengucker im B\u00e4renh\u00fcter ersp\u00e4hen. Dazu kommen noch die Orioniden: ein j\u00e4hrlicher Meteorstrom, der seinen H\u00f6hepunkt in der Nacht vom 21. bis zum 22. Oktober, erreicht, aber auch schon in den N\u00e4chten davor zu erkennen ist. Am Dienstag, 21. Oktober, ist au\u00dferdem Neumond, sodass der Himmel dunkel ist.<\/p>\n<p id=\"absatz17\" class=\"basetext\">Der beste Zeitpunkt, \u201eLemmon\u201c zu sehen, ist laut Sky Walk zwischen dem 25. und dem 28. Oktober.<\/p>\n<p id=\"absatz18\" class=\"basetext\"><b class=\"bold\">Lesen Sie auch: <\/b><a href=\"https:\/\/www.nw.de\/nachrichten\/panorama\/23900609_Supermond-und-Sternschnuppen-Diese-Highlights-bietet-der-Nachthimmel-im-Oktober.html\" target=\"_blank\" rel=\"noopener\">Supermond und Sternschnuppen: Diese Highlights bietet der Nachthimmel im Oktober <\/a><\/p>\n","protected":false},"excerpt":{"rendered":"Mit etwas Gl\u00fcck k\u00f6nnen Sternengucker in den kommenden N\u00e4chten gleich zwei Kometen beobachten \u2013 zumindest, wenn keine Wolken&hellip;\n","protected":false},"author":2,"featured_media":507836,"comment_status":"","ping_status":"","sticky":false,"template":"","format":"standard","meta":{"footnotes":""},"categories":[135],"tags":[29,30,12731,19190,10740,9311,16465,1608,16896,126648,736,10127,1613,18620,190,189,83561,126645,194,191,126646,126647,193,192],"class_list":{"0":"post-507835","1":"post","2":"type-post","3":"status-publish","4":"format-standard","5":"has-post-thumbnail","7":"category-wissenschaft-technik","8":"tag-deutschland","9":"tag-germany","10":"tag-gestein","11":"tag-himmelsspektakel","12":"tag-komet","13":"tag-label_familie-freizeit","14":"tag-label_hilf-mir","15":"tag-label_top-news","16":"tag-label_xl-160","17":"tag-meta_artikelklasse_advertorial_service","18":"tag-meta_copyrights_nw","19":"tag-meta_themen_natur_klima_umwelt","20":"tag-meta_userneeds_informieremich","21":"tag-nachthimmel","22":"tag-science","23":"tag-science-technology","24":"tag-serie_green","25":"tag-star-walk","26":"tag-technik","27":"tag-technology","28":"tag-uwe-pilz","29":"tag-vladimir-bezugly","30":"tag-wissenschaft","31":"tag-wissenschaft-technik"},"share_on_mastodon":{"url":"https:\/\/pubeurope.com\/@de\/115394060444793332","error":""},"_links":{"self":[{"href":"https:\/\/www.europesays.com\/de\/wp-json\/wp\/v2\/posts\/507835","targetHints":{"allow":["GET"]}}],"collection":[{"href":"https:\/\/www.europesays.com\/de\/wp-json\/wp\/v2\/posts"}],"about":[{"href":"https:\/\/www.europesays.com\/de\/wp-json\/wp\/v2\/types\/post"}],"author":[{"embeddable":true,"href":"https:\/\/www.europesays.com\/de\/wp-json\/wp\/v2\/users\/2"}],"replies":[{"embeddable":true,"href":"https:\/\/www.europesays.com\/de\/wp-json\/wp\/v2\/comments?post=507835"}],"version-history":[{"count":0,"href":"https:\/\/www.europesays.com\/de\/wp-json\/wp\/v2\/posts\/507835\/revisions"}],"wp:featuredmedia":[{"embeddable":true,"href":"https:\/\/www.europesays.com\/de\/wp-json\/wp\/v2\/media\/507836"}],"wp:attachment":[{"href":"https:\/\/www.europesays.com\/de\/wp-json\/wp\/v2\/media?parent=507835"}],"wp:term":[{"taxonomy":"category","embeddable":true,"href":"https:\/\/www.europesays.com\/de\/wp-json\/wp\/v2\/categories?post=507835"},{"taxonomy":"post_tag","embeddable":true,"href":"https:\/\/www.europesays.com\/de\/wp-json\/wp\/v2\/tags?post=507835"}],"curies":[{"name":"wp","href":"https:\/\/api.w.org\/{rel}","templated":true}]}}