{"id":507840,"date":"2025-10-18T07:49:13","date_gmt":"2025-10-18T07:49:13","guid":{"rendered":"https:\/\/www.europesays.com\/de\/507840\/"},"modified":"2025-10-18T07:49:13","modified_gmt":"2025-10-18T07:49:13","slug":"flugverkehr-lufthansa-prueft-streichung-von-100-inlandsfluegen-pro-woche","status":"publish","type":"post","link":"https:\/\/www.europesays.com\/de\/507840\/","title":{"rendered":"Flugverkehr: Lufthansa pr\u00fcft Streichung von 100 Inlandsfl\u00fcgen pro Woche"},"content":{"rendered":"<p>\n                        Mehrere innerdeutsche Fl\u00fcge k\u00f6nnten im kommenden Sommer wegen gestiegener Kosten eingestellt werden. Darunter m\u00f6glicherweise auch die Strecke von M\u00fcnchen nach Dresden.\n                    <\/p>\n<p>        Ihr Browser unterst\u00fctzt die Wiedergabe von Audio Dateien nicht. Download der Datei als mp3: https:\/\/zon-speechbert-production.s3.eu-central-1.amazonaws.com\/articles\/b081d7d9-81bc-406f-b14b-820750951ba0\/full_f74dcb6930f59f90495022b8e05aa30a3c05dc24ab7009789483af4e4b77ee0bee3c14b19242bd87f2997b15b0bb233f.mp3    <\/p>\n<p>                    1 Min.<\/p>\n<p>            -1:10<\/p>\n<p>            0.5x<br \/>\n            0.75x<br \/>\n            1.0x<br \/>\n            1.25x<br \/>\n            1.5x<br \/>\n            2.0x<\/p>\n<p>        <a class=\"z-text-button\" href=\"#comments\" title=\"Kommentare anzeigen\" data-ct-row=\"comments\" data-ct-column=\"false\"><\/p>\n<p>            189<br \/>\n            Kommentare<br \/>\n        <\/a><br \/>\n    Zusammenfassen<\/p>\n<p>                Schlie\u00dfen<br \/>\n                Artikelzusammenfassung<\/p>\n<p>Die Lufthansa plant, aufgrund hoher Steuern und Geb\u00fchren zahlreiche Inlandsfl\u00fcge zu streichen, so Konzernchef Carsten Spohr. Etwa 100 innerdeutsche Fl\u00fcge pro Woche k\u00f6nnten im kommenden Sommer wegfallen, da die Kosten seit 2019 verdoppelt haben. Verbindungen wie M\u00fcnchen-M\u00fcnster oder M\u00fcnchen-Dresden stehen auf dem Pr\u00fcfstand, da die Passagierzahlen im Inland nach der Coronapandemie nicht das Vorkrisenniveau erreicht haben. Dies wird vor allem auf die geringere Anzahl von Gesch\u00e4ftsreisen und die Verlagerung auf die Schiene zur\u00fcckgef\u00fchrt.<\/p>\n<p>                Diese Zusammenfassung wurde mithilfe von K\u00fcnstlicher Intelligenz erstellt. Vereinzelt kann es dabei zu Fehlern kommen.<\/p>\n<p class=\"summy__feedback-paragraph\">Fanden Sie die Zusammenfassung hilfreich? <\/p>\n<p>                        Gef\u00e4llt mir<\/p>\n<p>                        Gef\u00e4llt mir<\/p>\n<p>                        Gef\u00e4llt mir nicht<\/p>\n<p>                        Gef\u00e4llt mir nicht<\/p>\n<p>                        Send<\/p>\n<p>        Diese Audioversion wurde k\u00fcnstlich erzeugt.<\/p>\n<p>                        Schlie\u00dfen<br \/>\n                        Die Audioversion dieses Artikels wurde k\u00fcnstlich erzeugt.<br \/>\n                        Wir entwickeln dieses Angebot stetig weiter und freuen uns \u00fcber <a href=\"https:\/\/www.zeit.de\/mobilitaet\/2025-10\/mailto:audiofeedback@zeit.de?subject=Feedback%20TTS\" target=\"_blank\" rel=\"noopener\">Ihr Feedback<\/a>.<\/p>\n<p>            <img decoding=\"async\" class=\"article__media-item\" src=\"https:\/\/www.europesays.com\/de\/wp-content\/uploads\/2025\/10\/1760773753_145_wide__1000x562.jpeg\" alt=\"Flugverkehr: Fl\u00fcge von M\u00fcnchen nach Osnabr\u00fcck und Dresden stehen auf der Kippe: Wegen der gestiegenen Preise will der Lufthansa-Chef Carsten Spohr mehr innerdeutsche Fl\u00fcge streichen.\"\/><\/p>\n<p>                    Fl\u00fcge von M\u00fcnchen nach Osnabr\u00fcck und Dresden stehen auf der Kippe: Wegen der gestiegenen Preise will der Lufthansa-Chef Carsten Spohr mehr innerdeutsche Fl\u00fcge streichen.<br \/>\n            \u00a9\u00a0Sven Hoppe\/\u200bdpa<\/p>\n<p class=\"paragraph article__item\">Die <a class=\"rtr-entity\" href=\"https:\/\/www.zeit.de\/thema\/deutsche-lufthansa\" target=\"_blank\" rel=\"noopener\">Lufthansa<\/a>\u00a0will unter Verweis auf hohe Steuern und Geb\u00fchren die Streichung von<br \/>\nzahlreichen Inlandsfl\u00fcgen pr\u00fcfen. &#8222;Ohne eine Reduzierung der<br \/>\nStandortbelastungen werden weitere Streichungen unvermeidbar sein&#8220;,<br \/>\nsagte <a href=\"https:\/\/www.zeit.de\/news\/2025-10\/14\/lufthansa-chef-e-fuels-gehoeren-in-flugzeuge-statt-in-autos\" class=\"\" target=\"_blank\" rel=\"noopener\">Konzernchef Carsten Spohr <\/a>der Welt am Sonntag. Es gehe um rund 100 innerdeutsche Fl\u00fcge pro Woche, die im kommenden Sommer <a href=\"https:\/\/www.zeit.de\/news\/2025-09\/29\/lufthansa-will-4000-stellen-streichen\" class=\"\" target=\"_blank\" rel=\"noopener\">nochmals<br \/>\nwegfallen<\/a> k\u00f6nnten.<\/p>\n<p class=\"paragraph article__item\">Die Kosten f\u00fcr den Flugbetrieb innerhalb<br \/>\nDeutschlands h\u00e4tten sich nach Angaben von Spohr seit 2019 verdoppelt.<br \/>\nVerbindungen wie von M\u00fcnchen nach M\u00fcnster oder Osnabr\u00fcck oder von M\u00fcnchen<br \/>\nnach Dresden st\u00fcnden deshalb auf dem Pr\u00fcfstand.\n<\/p>\n<p class=\"paragraph article__item\">Die Zahl der Passagiere auf Inlandsfl\u00fcgen hat anders als auf Auslandsfl\u00fcgen <a href=\"https:\/\/www.zeit.de\/entdecken\/reisen\/2020-12\/reisen-corona-massnahmen-urlaub-infektionsrisiko-flugverkehr\" class=\"\" target=\"_blank\" rel=\"noopener\">nach der Coronapandemie<\/a> nicht mehr das<br \/>\nNiveau von zuvor erreicht. Das liegt nach Einsch\u00e4tzung von<br \/>\nBranchenverb\u00e4nden vor allem an der gesunkenen Zahl der durch Videokonferenzen ersetzten Gesch\u00e4ftsreisen sowie Verlagerungen auf die<br \/>\nSchiene.\n<\/p>\n<p>            Fliegen        <\/p>\n<p>Mobilit\u00e4t<\/p>\n<p>                <a href=\"https:\/\/www.zeit.de\/2024\/10\/klimaneutrale-flugzeuge-luftfahrt-umweltschutz\" data-ct-label=\"Flugzeuge: Klimaneutral fliegen, geht das?\" target=\"_blank\" rel=\"noopener\"><\/p>\n<p>        Z+ (registrierungspflichtiger Inhalt);<\/p>\n<p>    Flugzeuge:<br \/>\n                        Klimaneutral fliegen, geht das?<\/p>\n<p>                <\/a><\/p>\n<p>                <a href=\"https:\/\/www.zeit.de\/2024\/30\/flugverkehr-klimaschutz-easyjet-johan-lundgren-airlines\" data-ct-label=\"Flugverkehr und Klimaschutz: &quot;Wir m\u00fcssen mehr fliegen, nicht weniger&quot;\" target=\"_blank\" rel=\"noopener\"><\/p>\n<p>        Z+ (abopflichtiger Inhalt);<\/p>\n<p>    Flugverkehr und Klimaschutz:<br \/>\n                        &#8222;Wir m\u00fcssen mehr fliegen, nicht weniger&#8220;<\/p>\n<p>                <\/a><\/p>\n<p>                <a href=\"https:\/\/www.zeit.de\/2023\/53\/fliegen-klimawandel-flugrouten-kondensstreifen-temperatur\" data-ct-label=\"Fliegen und Klimawandel: Wie bessere Flugrouten das Klima schonen k\u00f6nnten\" target=\"_blank\" rel=\"noopener\"><\/p>\n<p>                        Fliegen und Klimawandel:<br \/>\n                        Wie bessere Flugrouten das Klima schonen k\u00f6nnten<\/p>\n<p>                <\/a><\/p>\n","protected":false},"excerpt":{"rendered":"Mehrere innerdeutsche Fl\u00fcge k\u00f6nnten im kommenden Sommer wegen gestiegener Kosten eingestellt werden. Darunter m\u00f6glicherweise auch die Strecke von&hellip;\n","protected":false},"author":2,"featured_media":507841,"comment_status":"","ping_status":"","sticky":false,"template":"","format":"standard","meta":{"footnotes":""},"categories":[5],"tags":[21381,2030,54428,844,13,1466,14,15,12,10,8,9,11],"class_list":{"0":"post-507840","1":"post","2":"type-post","3":"status-publish","4":"format-standard","5":"has-post-thumbnail","7":"category-nachrichten","8":"tag-coronavirus-pandemie","9":"tag-deutsche-bahn","10":"tag-deutsche-lufthansa","11":"tag-flugverkehr","12":"tag-headlines","13":"tag-mobilitaet","14":"tag-nachrichten","15":"tag-news","16":"tag-schlagzeilen","17":"tag-top-news","18":"tag-top-meldungen","19":"tag-topmeldungen","20":"tag-topnews"},"share_on_mastodon":{"url":"https:\/\/pubeurope.com\/@de\/115394076997808411","error":""},"_links":{"self":[{"href":"https:\/\/www.europesays.com\/de\/wp-json\/wp\/v2\/posts\/507840","targetHints":{"allow":["GET"]}}],"collection":[{"href":"https:\/\/www.europesays.com\/de\/wp-json\/wp\/v2\/posts"}],"about":[{"href":"https:\/\/www.europesays.com\/de\/wp-json\/wp\/v2\/types\/post"}],"author":[{"embeddable":true,"href":"https:\/\/www.europesays.com\/de\/wp-json\/wp\/v2\/users\/2"}],"replies":[{"embeddable":true,"href":"https:\/\/www.europesays.com\/de\/wp-json\/wp\/v2\/comments?post=507840"}],"version-history":[{"count":0,"href":"https:\/\/www.europesays.com\/de\/wp-json\/wp\/v2\/posts\/507840\/revisions"}],"wp:featuredmedia":[{"embeddable":true,"href":"https:\/\/www.europesays.com\/de\/wp-json\/wp\/v2\/media\/507841"}],"wp:attachment":[{"href":"https:\/\/www.europesays.com\/de\/wp-json\/wp\/v2\/media?parent=507840"}],"wp:term":[{"taxonomy":"category","embeddable":true,"href":"https:\/\/www.europesays.com\/de\/wp-json\/wp\/v2\/categories?post=507840"},{"taxonomy":"post_tag","embeddable":true,"href":"https:\/\/www.europesays.com\/de\/wp-json\/wp\/v2\/tags?post=507840"}],"curies":[{"name":"wp","href":"https:\/\/api.w.org\/{rel}","templated":true}]}}