{"id":50785,"date":"2025-04-22T00:19:12","date_gmt":"2025-04-22T00:19:12","guid":{"rendered":"https:\/\/www.europesays.com\/de\/50785\/"},"modified":"2025-04-22T00:19:12","modified_gmt":"2025-04-22T00:19:12","slug":"papst-franziskus-es-war-kein-herausragendes-pontifikat","status":"publish","type":"post","link":"https:\/\/www.europesays.com\/de\/50785\/","title":{"rendered":"Papst Franziskus: &#8222;Es war kein herausragendes Pontifikat&#8220;"},"content":{"rendered":"<p class=\"paragraph\"><strong>DIE ZEIT: <\/strong>Herr Reinhardt, in der 2.000-j\u00e4hrigen<br \/>\nGeschichte der Kirche gab es fast 270 P\u00e4pste. Welchen Rang nimmt Franziskus<br \/>\nunter ihnen ein?\n<\/p>\n<p class=\"paragraph\"><strong>Volker Reinhardt: <\/strong>Aus historischer Sicht ist es noch<br \/>\nzu fr\u00fch, um ein endg\u00fcltiges Urteil zu f\u00e4llen. Unter Vorbehalt w\u00fcrde ich aber<br \/>\nsagen: Es war kein herausragendes Pontifikat.\n<\/p>\n<p class=\"paragraph\"><strong>ZEIT: <\/strong>Wie kommen Sie zu diesem Urteil?\u00a0\n<\/p>\n<p class=\"paragraph\"><strong>Reinhardt:<\/strong> Als Historiker frage ich mich: Wie pr\u00e4gend<br \/>\nwar ein Pontifikat f\u00fcr die geschichtliche Entwicklung? Wie zukunftsweisend war<br \/>\nes f\u00fcr den Kurs des Amtes? Hier w\u00fcrde ich zugespitzt sagen: Es ist in seinem<br \/>\nPontifikat nichts Wichtiges passiert, es gab keine einschneidenden<br \/>\nVer\u00e4nderungen.<\/p>\n","protected":false},"excerpt":{"rendered":"DIE ZEIT: Herr Reinhardt, in der 2.000-j\u00e4hrigen Geschichte der Kirche gab es fast 270 P\u00e4pste. Welchen Rang nimmt&hellip;\n","protected":false},"author":2,"featured_media":50786,"comment_status":"","ping_status":"","sticky":false,"template":"","format":"standard","meta":{"footnotes":""},"categories":[5],"tags":[331,332,3364,29,30,1724,13,6590,14,15,16519,2480,24341,12,22768,13477],"class_list":{"0":"post-50785","1":"post","2":"type-post","3":"status-publish","4":"format-standard","5":"has-post-thumbnail","7":"category-nachrichten","8":"tag-aktuelle-nachrichten","9":"tag-aktuelle-news","10":"tag-de","11":"tag-deutschland","12":"tag-germany","13":"tag-gesellschaft","14":"tag-headlines","15":"tag-katholische-kirche","16":"tag-nachrichten","17":"tag-news","18":"tag-papst","19":"tag-papst-franziskus","20":"tag-reform","21":"tag-schlagzeilen","22":"tag-theologie","23":"tag-vatikan"},"share_on_mastodon":{"url":"https:\/\/pubeurope.com\/@de\/114378752866512451","error":""},"_links":{"self":[{"href":"https:\/\/www.europesays.com\/de\/wp-json\/wp\/v2\/posts\/50785","targetHints":{"allow":["GET"]}}],"collection":[{"href":"https:\/\/www.europesays.com\/de\/wp-json\/wp\/v2\/posts"}],"about":[{"href":"https:\/\/www.europesays.com\/de\/wp-json\/wp\/v2\/types\/post"}],"author":[{"embeddable":true,"href":"https:\/\/www.europesays.com\/de\/wp-json\/wp\/v2\/users\/2"}],"replies":[{"embeddable":true,"href":"https:\/\/www.europesays.com\/de\/wp-json\/wp\/v2\/comments?post=50785"}],"version-history":[{"count":0,"href":"https:\/\/www.europesays.com\/de\/wp-json\/wp\/v2\/posts\/50785\/revisions"}],"wp:featuredmedia":[{"embeddable":true,"href":"https:\/\/www.europesays.com\/de\/wp-json\/wp\/v2\/media\/50786"}],"wp:attachment":[{"href":"https:\/\/www.europesays.com\/de\/wp-json\/wp\/v2\/media?parent=50785"}],"wp:term":[{"taxonomy":"category","embeddable":true,"href":"https:\/\/www.europesays.com\/de\/wp-json\/wp\/v2\/categories?post=50785"},{"taxonomy":"post_tag","embeddable":true,"href":"https:\/\/www.europesays.com\/de\/wp-json\/wp\/v2\/tags?post=50785"}],"curies":[{"name":"wp","href":"https:\/\/api.w.org\/{rel}","templated":true}]}}