{"id":507852,"date":"2025-10-18T07:56:15","date_gmt":"2025-10-18T07:56:15","guid":{"rendered":"https:\/\/www.europesays.com\/de\/507852\/"},"modified":"2025-10-18T07:56:15","modified_gmt":"2025-10-18T07:56:15","slug":"tote-igel-in-herten-naturschutzbehoerde-prueft-bussgeld","status":"publish","type":"post","link":"https:\/\/www.europesays.com\/de\/507852\/","title":{"rendered":"Tote Igel in Herten: Naturschutzbeh\u00f6rde pr\u00fcft Bu\u00dfgeld"},"content":{"rendered":"<p>\t\tNaturschutzbeh\u00f6rde klopft bei der Stadt Herten an<br \/>\n\t\t\t\t\tBu\u00dfgeld droht &#8211; f\u00fcr das T\u00f6ten von Igeln<\/p>\n<p>\t\t<img alt=\"\" src=\"https:\/\/www.europesays.com\/de\/wp-content\/uploads\/2025\/04\/630_0036_1103077_.jpg\"  class=\"avatar avatar-36 photo avatar-default\" height=\"36\" width=\"36\" loading=\"eager\" decoding=\"async\"\/>\t\t<a class=\"article-author__name\" href=\"https:\/\/www.hertener-allgemeine.de\/author\/joachim-schmidt\/\" rel=\"author nofollow noopener\" target=\"_blank\">Joachim Schmidt<\/a><br \/>\n\t\tRedaktionsleiter<\/p>\n<p>    <a href=\"https:\/\/www.hertener-allgemeine.de\/wp-content\/uploads\/2025\/10\/17\/13\/630_0900_5187843_-1648x824.jpg\" rel=\"nofollow noopener\" target=\"_blank\"><\/p>\n<p>            <img loading=\"lazy\" decoding=\"async\" src=\"https:\/\/www.europesays.com\/de\/wp-content\/uploads\/2025\/10\/630_0900_5187835_-640x428.jpg\" width=\"640\" height=\"428\"  alt=\"Ein junger Igel sitzt zwischen Bl\u00e4ttern.\"\/><\/p>\n<p>    <\/a><br \/>\n    Igel k\u00f6nnen bei milden Temperaturen noch bis Dezember unterwegs sein bevor sie ihren Winterschlaf antreten. Sie sind streng gesch\u00fctzt. Trotzdem fielen mindestens zehn von ihnen in Herten jetzt zwei \u201eGr\u00fcnpflege\u201c-Aktionen zum Opfer. \u00a9 Jonas Walzberg\/dpa<\/p>\n<p class=\"article__teaser-text\">Igel sind ganzj\u00e4hrig durch das Bundesnaturschutzgesetz gesch\u00fctzt. Das \u00fcberwacht die Naturschutzbeh\u00f6rde im Kreishaus &#8211; und richtet ihren Blick nach Herten.<\/p>\n<p>2 Min Lesezeit<\/p>\n<p>Gefahr auch durch M\u00e4hroboter<\/p>\n","protected":false},"excerpt":{"rendered":"Naturschutzbeh\u00f6rde klopft bei der Stadt Herten an Bu\u00dfgeld droht &#8211; f\u00fcr das T\u00f6ten von Igeln Joachim Schmidt Redaktionsleiter&hellip;\n","protected":false},"author":2,"featured_media":507853,"comment_status":"","ping_status":"","sticky":false,"template":"","format":"standard","meta":{"footnotes":""},"categories":[1848],"tags":[3364,29,548,663,3934,3658,30,13,14,10388,15,1209,12,126007],"class_list":{"0":"post-507852","1":"post","2":"type-post","3":"status-publish","4":"format-standard","5":"has-post-thumbnail","7":"category-gelsenkirchen","8":"tag-de","9":"tag-deutschland","10":"tag-eu","11":"tag-europa","12":"tag-europe","13":"tag-gelsenkirchen","14":"tag-germany","15":"tag-headlines","16":"tag-nachrichten","17":"tag-natur-umwelt","18":"tag-news","19":"tag-nordrhein-westfalen","20":"tag-schlagzeilen","21":"tag-tierschutz-in-herten"},"share_on_mastodon":{"url":"https:\/\/pubeurope.com\/@de\/115394103861513882","error":""},"_links":{"self":[{"href":"https:\/\/www.europesays.com\/de\/wp-json\/wp\/v2\/posts\/507852","targetHints":{"allow":["GET"]}}],"collection":[{"href":"https:\/\/www.europesays.com\/de\/wp-json\/wp\/v2\/posts"}],"about":[{"href":"https:\/\/www.europesays.com\/de\/wp-json\/wp\/v2\/types\/post"}],"author":[{"embeddable":true,"href":"https:\/\/www.europesays.com\/de\/wp-json\/wp\/v2\/users\/2"}],"replies":[{"embeddable":true,"href":"https:\/\/www.europesays.com\/de\/wp-json\/wp\/v2\/comments?post=507852"}],"version-history":[{"count":0,"href":"https:\/\/www.europesays.com\/de\/wp-json\/wp\/v2\/posts\/507852\/revisions"}],"wp:featuredmedia":[{"embeddable":true,"href":"https:\/\/www.europesays.com\/de\/wp-json\/wp\/v2\/media\/507853"}],"wp:attachment":[{"href":"https:\/\/www.europesays.com\/de\/wp-json\/wp\/v2\/media?parent=507852"}],"wp:term":[{"taxonomy":"category","embeddable":true,"href":"https:\/\/www.europesays.com\/de\/wp-json\/wp\/v2\/categories?post=507852"},{"taxonomy":"post_tag","embeddable":true,"href":"https:\/\/www.europesays.com\/de\/wp-json\/wp\/v2\/tags?post=507852"}],"curies":[{"name":"wp","href":"https:\/\/api.w.org\/{rel}","templated":true}]}}