{"id":507856,"date":"2025-10-18T07:58:27","date_gmt":"2025-10-18T07:58:27","guid":{"rendered":"https:\/\/www.europesays.com\/de\/507856\/"},"modified":"2025-10-18T07:58:27","modified_gmt":"2025-10-18T07:58:27","slug":"betrunkener-e-bikefahrer-64-kracht-in-augsburg-gegen-geparkten-mercedes","status":"publish","type":"post","link":"https:\/\/www.europesays.com\/de\/507856\/","title":{"rendered":"Betrunkener E-Bikefahrer (64) kracht in Augsburg gegen geparkten Mercedes"},"content":{"rendered":"<p class=\"em_text\"><strong>Ein 64-j\u00e4hriger Radfahrer hat am Donnerstag  \u2013 laut Polizei offenbar alkoholisiert \u2013 einen Verkehrsunfall im Augsburger Stadtteil Pfersee verursacht und sich dabei verletzt.<\/strong><\/p>\n<p>Gegen 22.30 Uhr stie\u00df der 64-J\u00e4hrige mit seinem E-Bike gegen einen geparkten Mercedes. Hierbei st\u00fcrzte der 64-J\u00e4hrige und verletzte sich leicht. Der Sachschaden wird auf rund 3000 Euro gesch\u00e4tzt. Bei der Verkehrsunfallaufnahme stellten die Beamten fest, dass der 64-J\u00e4hrige alkoholisiert war. Ein Atemalkoholtest ergab einen Wert von knapp zwei Promille. Die Beamten unterbanden die Weiterfahrt und veranlassten eine Blutentnahme bei dem 64-J\u00e4hrigen.<\/p>\n<p>Die Polizei ermittelt nun wegen Gef\u00e4hrdung des Stra\u00dfenverkehrs gegen den 64-J\u00e4hrigen.<\/p>\n<p style=\"text-align:right;\">AZ<\/p>\n","protected":false},"excerpt":{"rendered":"Ein 64-j\u00e4hriger Radfahrer hat am Donnerstag \u2013 laut Polizei offenbar alkoholisiert \u2013 einen Verkehrsunfall im Augsburger Stadtteil Pfersee&hellip;\n","protected":false},"author":2,"featured_media":507857,"comment_status":"","ping_status":"","sticky":false,"template":"","format":"standard","meta":{"footnotes":""},"categories":[1846],"tags":[680,772,3364,29,548,663,3934,30,13,14,15,121,12,1284],"class_list":{"0":"post-507856","1":"post","2":"type-post","3":"status-publish","4":"format-standard","5":"has-post-thumbnail","7":"category-augsburg","8":"tag-augsburg","9":"tag-bayern","10":"tag-de","11":"tag-deutschland","12":"tag-eu","13":"tag-europa","14":"tag-europe","15":"tag-germany","16":"tag-headlines","17":"tag-nachrichten","18":"tag-news","19":"tag-polizei","20":"tag-schlagzeilen","21":"tag-unfall"},"share_on_mastodon":{"url":"https:\/\/pubeurope.com\/@de\/115394112209313460","error":""},"_links":{"self":[{"href":"https:\/\/www.europesays.com\/de\/wp-json\/wp\/v2\/posts\/507856","targetHints":{"allow":["GET"]}}],"collection":[{"href":"https:\/\/www.europesays.com\/de\/wp-json\/wp\/v2\/posts"}],"about":[{"href":"https:\/\/www.europesays.com\/de\/wp-json\/wp\/v2\/types\/post"}],"author":[{"embeddable":true,"href":"https:\/\/www.europesays.com\/de\/wp-json\/wp\/v2\/users\/2"}],"replies":[{"embeddable":true,"href":"https:\/\/www.europesays.com\/de\/wp-json\/wp\/v2\/comments?post=507856"}],"version-history":[{"count":0,"href":"https:\/\/www.europesays.com\/de\/wp-json\/wp\/v2\/posts\/507856\/revisions"}],"wp:featuredmedia":[{"embeddable":true,"href":"https:\/\/www.europesays.com\/de\/wp-json\/wp\/v2\/media\/507857"}],"wp:attachment":[{"href":"https:\/\/www.europesays.com\/de\/wp-json\/wp\/v2\/media?parent=507856"}],"wp:term":[{"taxonomy":"category","embeddable":true,"href":"https:\/\/www.europesays.com\/de\/wp-json\/wp\/v2\/categories?post=507856"},{"taxonomy":"post_tag","embeddable":true,"href":"https:\/\/www.europesays.com\/de\/wp-json\/wp\/v2\/tags?post=507856"}],"curies":[{"name":"wp","href":"https:\/\/api.w.org\/{rel}","templated":true}]}}