{"id":507867,"date":"2025-10-18T08:04:12","date_gmt":"2025-10-18T08:04:12","guid":{"rendered":"https:\/\/www.europesays.com\/de\/507867\/"},"modified":"2025-10-18T08:04:12","modified_gmt":"2025-10-18T08:04:12","slug":"der-stille-tod-auch-in-halle-gibt-es-einsamkeit-wie-koennen-wir-helfen-haller-kreisblatt","status":"publish","type":"post","link":"https:\/\/www.europesays.com\/de\/507867\/","title":{"rendered":"Der stille Tod: Auch in Halle gibt es Einsamkeit &#8211; wie k\u00f6nnen wir helfen? | Haller Kreisblatt"},"content":{"rendered":"<p id=\"absatz1\" class=\"em_text\">Halle. Als wir am Montagmorgen in der Redaktion die Themen f\u00fcr die n\u00e4chsten Tagen besprachen, meldete sich mein Kollege Uwe Pollmeier und k\u00fcndigte einen Nachruf an. Einen Nachruf auf den Koch und Pizzab\u00e4cker Juan Antonio Gianangeli, der war im Alter von nur 51 Jahren gestorben. Pollmeier sch\u00e4tzte, dass er wohl um die 120 Zeilen schreiben werde &#8211; das entspricht in etwa einem kleinen Aufmacher. F\u00fcgte aber auch an, dass er zun\u00e4chst mal telefonieren m\u00fcsse.<\/p>\n<p id=\"absatz2\" class=\"basetext\">Am Abend waren aus den 120 Zeilen 200 geworden. Dieses Paket passte so gar nicht in die Planung. Aber als ich den Text erst mal gelesen hatte, mochte ich nicht eine Zeile davon k\u00fcrzen. Die Geschichte von Gianangeli war so bewegend, so bedr\u00fcckend, dass sie unbedingt erz\u00e4hlt werden musste &#8211; auch auf der L\u00e4nge. Sein fr\u00fcher Tod war die eine Sache. Die Umst\u00e4nde, seine Einsamkeit, sein trauriges Leben die andere.<\/p>\n<p id=\"absatz4\" class=\"basetext\">Geboren wurde Juan Antonio Gianangeli 1973 in El Salvador. In den Wirren des B\u00fcrgerkriegs gaben ihn seine Eltern zur Adoption frei. Erst kam er in ein Heim, dann wurde er von einer italienischen Familie adoptiert und lebte fortan gemeinsam mit einem Stiefbruder in Mittelitalien. Dort wurde er schlie\u00dflich zum Koch ausgebildet und kam dann vor rund 20 Jahren nach Deutschland. Die letzten 15 davon arbeitete er im \u201eDa Vinci\u201c in der Tennishalle. Gestorben ist er schlie\u00dflich ganz alleine.<\/p>\n<p class=\"basetext Zwischenzeile\" data-semantic=\"p\">Haller Koch Gianangeli ist ganz alleine gestorben<\/p>\n<p><a class=\"article-detail-image use-fancybox\" href=\"https:\/\/www.haller-kreisblatt.de\/_em_daten\/_cache\/image\/1xeHZGV1hRMkErVE5neXBxaG5uL2lxdW5QWmJIZHl1UFFDNzF1UTN3RFR1V3RjeXJkbWlZamQwaUxKelR1OENoM055aWc2WHQrdVEwL25NS3dmWE9oTCs3ZHAxR3g1NDZOTW94L0laMVhScjQ9\/251017-0907-653708533.jpg\" rel=\"article-detail-image-overlay nofollow noopener\" title=\"Juan Antonio Gianangeli, seit 15 Jahren Koch und Pizzab\u00e4cker im Da Vinci im Sportpark Halle, ist Anfang Oktober im Alter von nur 51 Jahren verstorben. - \u00a9 Uwe Pollmeier\" target=\"_blank\"><\/p>\n<p><img decoding=\"async\" itemprop=\"image\" class=\"media-object img-responsive\" width=\"500\" src=\"https:\/\/www.europesays.com\/de\/wp-content\/uploads\/2025\/10\/251017-0907-653708533.jpg\" alt=\"Juan Antonio Gianangeli, seit 15 Jahren Koch und Pizzab\u00e4cker im Da Vinci im Sportpark Halle, ist Anfang Oktober im Alter von nur 51 Jahren verstorben. - \u00a9 Uwe Pollmeier\"\/><br \/>\n<\/a><\/p>\n<p>Juan Antonio Gianangeli, seit 15 Jahren Koch und Pizzab\u00e4cker im Da Vinci im Sportpark Halle, ist Anfang Oktober im Alter von nur 51 Jahren verstorben.<br \/>\n(\u00a9 Uwe Pollmeier)<\/p>\n<p class=\"basetext\">\u201eEr war sein Leben lang sehr alleine\u201c, erz\u00e4hlt eine Bekannte. Richtige Freunde habe er nicht gehabt, Familie auch nicht. Eigentlich wisse auch sie nur wenig \u00fcber ihn. Und obwohl ich den Mann nicht kannte, hat mich das sehr betroffen gemacht. Zumal er obendrein keinen Einzelfall in Halle darstellte.<\/p>\n<p id=\"absatz7\" class=\"basetext\">Es ist noch gar nicht lange her, vielleicht zwei Monate, dass vor einem kleinen H\u00e4uschen hier am Stadtrand Feuerwehr, Polizei und Notarzt standen. Nachbarn hatten die Rettungskr\u00e4fte alarmiert, weil sich vor der Haust\u00fcr die Zeitungen stapelten. Abends h\u00f6rte ich, der Mann konnte nur noch tot geborgen werden. Dabei hatte er offenbar schon l\u00e4nger dort gelegen, ganz einsam, ganz unbemerkt. Und vor einer Woche dann die gleiche Szenerie &#8211; kaum 300 Meter weiter.<\/p>\n<p id=\"absatz8\" class=\"basetext\"><b class=\"bold\">Lesen Sie auch:<\/b> <a href=\"https:\/\/www.haller-kreisblatt.de\/lokal\/halle\/24193371_Beliebter-Pizzabaecker-aus-Halle-stirbt-ploetzlich-im-Alter-von-51-Jahren.html\" rel=\"nofollow noopener\" target=\"_blank\">Beliebter Pizzab\u00e4cker aus Halle stirbt pl\u00f6tzlich im Alter von 51 Jahren<\/a><\/p>\n<p id=\"absatz9\" class=\"basetext\">Wieder standen Feuerwehrwagen, Polizei, ein Rettungswagen sowie ein Notarzt vor einem Haus, Blaulicht erhellte die Nacht. Wieder hatten Nachbarn Alarm geschlagen, weil sie bef\u00fcrchteten, dem Mann hier k\u00f6nne etwas zugesto\u00dfen sein. In diesem Fall trafen die Rettungskr\u00e4fte ihn nicht an. Aber dass er offenbar schon geraume Zeit zuvor in ein Krankenhaus eingeliefert worden war, hatte auch niemand so richtig mitbekommen.<\/p>\n<p id=\"absatz10\" class=\"basetext Zwischenzeile\" data-semantic=\"p\">Mit Hilfe der Nachbarschaft gegen die Einsamkeit<\/p>\n<p><a class=\"article-detail-image use-fancybox\" href=\"https:\/\/www.haller-kreisblatt.de\/_em_daten\/_cache\/image\/1xWnQyckNRRDVmVjBSYmM4dERyOGpnM2Q0eDQ3ZXYrVnJtS21HU01ZUWpYSVdmRXZnVjRQcko0Ull3S2ZoSllyYlNjdi8zTUtYT0ZrUTdJOU5NR0xMU25pUUFXelJIeFg2Y1A4WFNPNmtpbnM9\/251017-0907-653709008.jpg\" rel=\"article-detail-image-overlay nofollow noopener\" title=\"Helfen, bevor es wom\u00f6glich zu sp\u00e4t ist. - \u00a9 Nicole Donath\" target=\"_blank\"><\/p>\n<p><img decoding=\"async\" itemprop=\"image\" class=\"media-object img-responsive\" width=\"500\" src=\"https:\/\/www.europesays.com\/de\/wp-content\/uploads\/2025\/10\/251017-0907-653709008.jpg\" alt=\"Helfen, bevor es wom\u00f6glich zu sp\u00e4t ist. - \u00a9 Nicole Donath\"\/><br \/>\n<\/a><\/p>\n<p>Helfen, bevor es wom\u00f6glich zu sp\u00e4t ist.<br \/>\n(\u00a9 Nicole Donath)<\/p>\n<p class=\"basetext\">Aber was hei\u00dft das denn nun f\u00fcr uns? Was nehmen wir aus diesen Ereignissen mit? Irgendwie sch\u00e4me ich mich, weil sich die beiden Eins\u00e4tze nicht unweit unseres Zuhauses abgespielt haben. Und frage mich, ob ich an den Schicksalen etwas h\u00e4tte \u00e4ndern k\u00f6nnen. Doch wenn ich ehrlich bin, werde ich mich auch in Zukunft nicht um alte, einsame M\u00e4nner k\u00fcmmern; wahrscheinlich geht es anderen Menschen ebenso. Ein Aufruf in diese Richtung w\u00e4re plump wie unrealistisch gleicherma\u00dfen. Und dennoch gibt es M\u00f6glichkeiten, sein Umfeld zu unterst\u00fctzen. Ein Stichwort lautet: gute Nachbarschaft als Gruppe.<\/p>\n<p id=\"absatz12\" class=\"basetext\"><b class=\"bold\">Mehr zum Thema: <\/b><a href=\"https:\/\/Lesen%20Sie%20auch:%20Kult-Kneipenwirt%20stirbt%20mit%2063%20Jahren\">Kult-Kneipenwirt stirbt mit 63 Jahren<\/a><\/p>\n<p id=\"absatz13\" class=\"basetext\">\u201eMenschen, die sich in ihrer Nachbarschaft gut eingerichtet haben, haben ein geringeres Risiko, sich einsam zu f\u00fchlen\u201c, sagt beispielsweise Einsamkeits- und Altersforscher Oliver Huxhold. Manche Nachbarschaften h\u00e4tten auch Formate f\u00fcr gemeinsame Aktivit\u00e4ten gefunden, berichtet Ina Remmers, Mitgr\u00fcnderin des Nachbarschaftsportals <a data-auth=\"NotApplicable\" data-linkindex=\"0\" href=\"http:\/\/Nebenan.de\" rel=\"noopener noreferrer nofollow\" target=\"_blank\" title=\"http:\/\/Nebenan.de\">Nebenan.de<\/a>. Und ja, die Idee, als Gruppe auf die Menschen in der Umgebung Obacht zu geben, f\u00fchlt sich tats\u00e4chlich schon anders an.<\/p>\n<p id=\"absatz14\" class=\"basetext Zwischenzeile\" data-semantic=\"p\">Mit feinen Antennen aufsp\u00fcren, wo Gefahr droht<\/p>\n<p id=\"absatz15\" class=\"basetext\">Im Vorbeigehen mit mehreren versuchen, \u00fcber banale Themen wie das Wetter kurz ins Gespr\u00e4ch zu kommen. Die Menschen animieren, sich einem Gruppenspaziergang anzuschlie\u00dfen. Kurz die Neuigkeiten aus der Stadt anrei\u00dfen &#8211; das sind nat\u00fcrlich nur Beispiele. Wenn jeder einfach in seinem eigenen Umfeld Obacht gibt und mit feinen Antennen sp\u00fcrt, wo offenbar Gefahr droht, ist schon viel gewonnen.<\/p>\n<p id=\"absatz16\" class=\"basetext\">Im Fall von Juan Antonio Gianangeli setzt sich eine Gruppe gerade daf\u00fcr ein, dass er ein ordentliches Begr\u00e4bnis erh\u00e4lt, und sammelt Spenden. Das ist wirklich sch\u00f6n. Doch dann geht es darum, die Lebenden zu st\u00e4rken. Dass das in der Gro\u00dfstadt-Anonymit\u00e4t von Berlin, M\u00fcnchen oder K\u00f6ln mitunter schwierig ist \u2013 geschenkt. Aber wir in unserer kleinen Stadt m\u00fcssen das doch wohl hinbekommen.<\/p>\n<p id=\"absatz17\"><b class=\"bold\">Aktuelle News bekommen Sie t\u00e4glich \u00fcber den<\/b> <a href=\"https:\/\/whatsapp.com\/channel\/0029VagU0FW1SWsxhmHz2v0q\" rel=\"noopener nofollow\" target=\"_blank\">WhatsApp-Kanal des HK<\/a> <\/p>\n","protected":false},"excerpt":{"rendered":"Halle. Als wir am Montagmorgen in der Redaktion die Themen f\u00fcr die n\u00e4chsten Tagen besprachen, meldete sich mein&hellip;\n","protected":false},"author":2,"featured_media":507868,"comment_status":"","ping_status":"","sticky":false,"template":"","format":"standard","meta":{"footnotes":""},"categories":[1841],"tags":[1605,3364,29,781,553,30,126652,9307,16359,4280,16383,16403,19081,9312,16362,126654,1209,121,63021,126653,22870],"class_list":{"0":"post-507867","1":"post","2":"type-post","3":"status-publish","4":"format-standard","5":"has-post-thumbnail","7":"category-bielefeld","8":"tag-bielefeld","9":"tag-de","10":"tag-deutschland","11":"tag-el-salvador","12":"tag-familie","13":"tag-germany","14":"tag-juan-antonio-gianangeli","15":"tag-label_foto","16":"tag-label_inspiriere-mich","17":"tag-label_l-120","18":"tag-label_print-platziert","19":"tag-meta_artikelklasse_kommentar","20":"tag-meta_copyrights_hk","21":"tag-meta_themen_familie_bildung_freizeit","22":"tag-meta_userneeds_inspirieremich","23":"tag-mittelitalien","24":"tag-nordrhein-westfalen","25":"tag-polizei","26":"tag-uwe-pollmeier","27":"tag-vinci","28":"tag-wochenkommentar"},"share_on_mastodon":{"url":"https:\/\/pubeurope.com\/@de\/115394135302763345","error":""},"_links":{"self":[{"href":"https:\/\/www.europesays.com\/de\/wp-json\/wp\/v2\/posts\/507867","targetHints":{"allow":["GET"]}}],"collection":[{"href":"https:\/\/www.europesays.com\/de\/wp-json\/wp\/v2\/posts"}],"about":[{"href":"https:\/\/www.europesays.com\/de\/wp-json\/wp\/v2\/types\/post"}],"author":[{"embeddable":true,"href":"https:\/\/www.europesays.com\/de\/wp-json\/wp\/v2\/users\/2"}],"replies":[{"embeddable":true,"href":"https:\/\/www.europesays.com\/de\/wp-json\/wp\/v2\/comments?post=507867"}],"version-history":[{"count":0,"href":"https:\/\/www.europesays.com\/de\/wp-json\/wp\/v2\/posts\/507867\/revisions"}],"wp:featuredmedia":[{"embeddable":true,"href":"https:\/\/www.europesays.com\/de\/wp-json\/wp\/v2\/media\/507868"}],"wp:attachment":[{"href":"https:\/\/www.europesays.com\/de\/wp-json\/wp\/v2\/media?parent=507867"}],"wp:term":[{"taxonomy":"category","embeddable":true,"href":"https:\/\/www.europesays.com\/de\/wp-json\/wp\/v2\/categories?post=507867"},{"taxonomy":"post_tag","embeddable":true,"href":"https:\/\/www.europesays.com\/de\/wp-json\/wp\/v2\/tags?post=507867"}],"curies":[{"name":"wp","href":"https:\/\/api.w.org\/{rel}","templated":true}]}}