{"id":507871,"date":"2025-10-18T08:06:12","date_gmt":"2025-10-18T08:06:12","guid":{"rendered":"https:\/\/www.europesays.com\/de\/507871\/"},"modified":"2025-10-18T08:06:12","modified_gmt":"2025-10-18T08:06:12","slug":"protestaktion-am-doeppersberg-radio-wuppertal","status":"publish","type":"post","link":"https:\/\/www.europesays.com\/de\/507871\/","title":{"rendered":"Protestaktion am D\u00f6ppersberg &#8211; Radio Wuppertal"},"content":{"rendered":"<p class=\"small date article__date\">Ver\u00f6ffentlicht:\u00a0Samstag, 18.10.2025 09:27<\/p>\n<p>Heute, gegen 13.00 Uhr, zieht eine kleine Karawane mitten durch die Stadt. Das meldet die Gruppe &#8222;Extinction Rebellion&#8220; an. Am Mittag versammle man sich am D\u00f6ppersberg. Es geht um die UN-Klimakonferenz, die im November in Brasilien startet. Eine Karawane zieht vorher von Mexiko nach Brasilien. Die macht aufmerksam auf die Probleme des globalen S\u00fcdens. Auch die Klimaaktivisten und -aktivistinnen hier wollen darauf aufmerksam machen.\u00a0Auff\u00e4llig wird eine \u00fcberlebensgro\u00dfe Figur sein, die mit Blumen behangen ist und ein blaues Gesicht hat. Sie soll die &#8222;Mutter Erde&#8220; verk\u00f6rpern und ist mit am D\u00f6ppersberg zu sehen.<\/p>\n<p><img decoding=\"async\" alt=\"\" src=\"https:\/\/www.europesays.com\/de\/wp-content\/uploads\/2025\/10\/gaia-.jpg&#038;crop=0x411x995x622&#038;resize=995x622&#038;dt=202510180928420.jpeg\" data-size=\"995x622\"\/>\u00a9 Extinction Rebellion Wuppertal<\/p>\n","protected":false},"excerpt":{"rendered":"Ver\u00f6ffentlicht:\u00a0Samstag, 18.10.2025 09:27 Heute, gegen 13.00 Uhr, zieht eine kleine Karawane mitten durch die Stadt. Das meldet die&hellip;\n","protected":false},"author":2,"featured_media":507872,"comment_status":"","ping_status":"","sticky":false,"template":"","format":"standard","meta":{"footnotes":""},"categories":[1840],"tags":[3275,3364,29,30,1209,4418],"class_list":{"0":"post-507871","1":"post","2":"type-post","3":"status-publish","4":"format-standard","5":"has-post-thumbnail","7":"category-wuppertal","8":"tag-lokalnachrichten","9":"tag-de","10":"tag-deutschland","11":"tag-germany","12":"tag-nordrhein-westfalen","13":"tag-wuppertal"},"share_on_mastodon":{"url":"https:\/\/pubeurope.com\/@de\/115394143074917490","error":""},"_links":{"self":[{"href":"https:\/\/www.europesays.com\/de\/wp-json\/wp\/v2\/posts\/507871","targetHints":{"allow":["GET"]}}],"collection":[{"href":"https:\/\/www.europesays.com\/de\/wp-json\/wp\/v2\/posts"}],"about":[{"href":"https:\/\/www.europesays.com\/de\/wp-json\/wp\/v2\/types\/post"}],"author":[{"embeddable":true,"href":"https:\/\/www.europesays.com\/de\/wp-json\/wp\/v2\/users\/2"}],"replies":[{"embeddable":true,"href":"https:\/\/www.europesays.com\/de\/wp-json\/wp\/v2\/comments?post=507871"}],"version-history":[{"count":0,"href":"https:\/\/www.europesays.com\/de\/wp-json\/wp\/v2\/posts\/507871\/revisions"}],"wp:featuredmedia":[{"embeddable":true,"href":"https:\/\/www.europesays.com\/de\/wp-json\/wp\/v2\/media\/507872"}],"wp:attachment":[{"href":"https:\/\/www.europesays.com\/de\/wp-json\/wp\/v2\/media?parent=507871"}],"wp:term":[{"taxonomy":"category","embeddable":true,"href":"https:\/\/www.europesays.com\/de\/wp-json\/wp\/v2\/categories?post=507871"},{"taxonomy":"post_tag","embeddable":true,"href":"https:\/\/www.europesays.com\/de\/wp-json\/wp\/v2\/tags?post=507871"}],"curies":[{"name":"wp","href":"https:\/\/api.w.org\/{rel}","templated":true}]}}