{"id":507898,"date":"2025-10-18T08:20:11","date_gmt":"2025-10-18T08:20:11","guid":{"rendered":"https:\/\/www.europesays.com\/de\/507898\/"},"modified":"2025-10-18T08:20:11","modified_gmt":"2025-10-18T08:20:11","slug":"katastrophenschutztag-in-bonn-am-samstag","status":"publish","type":"post","link":"https:\/\/www.europesays.com\/de\/507898\/","title":{"rendered":"Katastrophenschutztag in Bonn am Samstag"},"content":{"rendered":"<p>Zwischen 10 und 17 Uhr k\u00f6nnen Besucher Einsatzfahrzeuge des THW Bonn und der Feuerwehr besichtigen und die Einsatzkr\u00e4fte in Aktion erleben. Au\u00dferdem gibt das Bundesamt f\u00fcr Bev\u00f6lkerungsschutz und Katastrophenhilfe Tipps an die Hand, wie man sich am besten vor und in einer Extremsituation verh\u00e4lt. Wer sich zuk\u00fcnftig selbst engagieren m\u00f6chte, kann sich von den Erfahrungen und Geschichten der ehrenamtlichen Einsatzkr\u00e4fte inspirieren lassen.<\/p>\n","protected":false},"excerpt":{"rendered":"Zwischen 10 und 17 Uhr k\u00f6nnen Besucher Einsatzfahrzeuge des THW Bonn und der Feuerwehr besichtigen und die Einsatzkr\u00e4fte&hellip;\n","protected":false},"author":2,"featured_media":507899,"comment_status":"","ping_status":"","sticky":false,"template":"","format":"standard","meta":{"footnotes":""},"categories":[1842],"tags":[124634,126658,126657,1741,3364,29,30,1209],"class_list":{"0":"post-507898","1":"post","2":"type-post","3":"status-publish","4":"format-standard","5":"has-post-thumbnail","7":"category-bonn","8":"tag-bundesamt-fr-bevlkerungsschutz-und-katastrophenhilfe","9":"tag-katastrophenschutz-tag","10":"tag-mnsterplatz","11":"tag-bonn","12":"tag-de","13":"tag-deutschland","14":"tag-germany","15":"tag-nordrhein-westfalen"},"share_on_mastodon":{"url":"https:\/\/pubeurope.com\/@de\/115394197772233166","error":""},"_links":{"self":[{"href":"https:\/\/www.europesays.com\/de\/wp-json\/wp\/v2\/posts\/507898","targetHints":{"allow":["GET"]}}],"collection":[{"href":"https:\/\/www.europesays.com\/de\/wp-json\/wp\/v2\/posts"}],"about":[{"href":"https:\/\/www.europesays.com\/de\/wp-json\/wp\/v2\/types\/post"}],"author":[{"embeddable":true,"href":"https:\/\/www.europesays.com\/de\/wp-json\/wp\/v2\/users\/2"}],"replies":[{"embeddable":true,"href":"https:\/\/www.europesays.com\/de\/wp-json\/wp\/v2\/comments?post=507898"}],"version-history":[{"count":0,"href":"https:\/\/www.europesays.com\/de\/wp-json\/wp\/v2\/posts\/507898\/revisions"}],"wp:featuredmedia":[{"embeddable":true,"href":"https:\/\/www.europesays.com\/de\/wp-json\/wp\/v2\/media\/507899"}],"wp:attachment":[{"href":"https:\/\/www.europesays.com\/de\/wp-json\/wp\/v2\/media?parent=507898"}],"wp:term":[{"taxonomy":"category","embeddable":true,"href":"https:\/\/www.europesays.com\/de\/wp-json\/wp\/v2\/categories?post=507898"},{"taxonomy":"post_tag","embeddable":true,"href":"https:\/\/www.europesays.com\/de\/wp-json\/wp\/v2\/tags?post=507898"}],"curies":[{"name":"wp","href":"https:\/\/api.w.org\/{rel}","templated":true}]}}