{"id":507903,"date":"2025-10-18T08:23:45","date_gmt":"2025-10-18T08:23:45","guid":{"rendered":"https:\/\/www.europesays.com\/de\/507903\/"},"modified":"2025-10-18T08:23:45","modified_gmt":"2025-10-18T08:23:45","slug":"landschaftspark-in-duisburg-besucherzentrum-mit-foerdergeldern-geplant","status":"publish","type":"post","link":"https:\/\/www.europesays.com\/de\/507903\/","title":{"rendered":"Landschaftspark in Duisburg: Besucherzentrum mit F\u00f6rdergeldern geplant"},"content":{"rendered":"<p class=\"text_ohne_einzug richtext text-em-55 !leading-serif mx-6 desktop:mx-0\">Gro\u00dfe Freude in einem der ber\u00fchmtesten Parks des Landes: Der <a href=\"https:\/\/rp-online.de\/thema\/landschaftspark-duisburg-nord\/\" target=\"_blank\" rel=\"noopener\">Landschaftspark Duisburg-Nord<\/a> erh\u00e4lt finanzielle Unterst\u00fctzung f\u00fcr die Modernisierung seines Besucher- und Informationszentrums. Die Bezirksregierung D\u00fcsseldorf hat einen positiven F\u00f6rderbescheid \u00fcber insgesamt 3,9 Millionen Euro erteilt. Das gaben die Verantwortlichen nun bekannt. Bei einem Termin am Donnerstag sollte eigentlich auch NRW-Wirtschaftsministerin <a href=\"https:\/\/rp-online.de\/thema\/mona-neubaur\/\" target=\"_blank\" rel=\"noopener\">Mona Neubaur<\/a> mit dabei sein, musste dann aber kurzfristig absagen.<\/p>\n<p class=\"richtext text-em-55 !leading-serif mx-6 desktop:mx-0\">Rund 80 Prozent der Summe, also etwa 3,1 Millionen Euro, stammen aus dem sogenannten EFRE\/JTF-Programm des Landes NRW, das \u00fcber die Europ\u00e4ische Union finanziert wird. Den restlichen Anteil der Kosten \u00fcbernimmt die <a href=\"https:\/\/rp-online.de\/thema\/duisburg\/\" target=\"_blank\" rel=\"noopener\">Duisburg<\/a> Kontor Hallenmanagement GmbH, die den Landschaftspark betreibt.<\/p>\n<p class=\"richtext text-em-55 !leading-serif mx-6 desktop:mx-0\">In der denkmalgesch\u00fctzten Zentralen Messwarte, die bislang ungenutzt ist, soll mit dem Geld bis 2028 ein neuer Anlaufpunkt f\u00fcr die G\u00e4ste des Parks entstehen \u2013 mit Panoramafenster, Aufzug und Schulungsr\u00e4umen, etwa f\u00fcr Klassen, die zu Besuch sind. Das Geb\u00e4ude liegt direkt am Haupteingang und verbindet die wichtigsten Wegeachsen des Parks miteinander. Nach Abschluss der Sanierung soll dort ein Zentrum f\u00fcr Information, Vermittlung und Begegnung entstehen, gewisserma\u00dfen das neue Herzst\u00fcck des Areals.<\/p>\n<p class=\"richtext text-em-55 !leading-serif mx-6 desktop:mx-0\">Oberb\u00fcrgermeister <a href=\"https:\/\/rp-online.de\/thema\/soeren-link\/\" target=\"_blank\" rel=\"noopener\">S\u00f6ren Link<\/a> sprach von einem wichtigen Impuls f\u00fcr die Stadtentwicklung: \u201eEs entsteht ein moderner Ort, der unseren Landschaftspark zeitgem\u00e4\u00df und umfangreich vermitteln wird. Die Bewilligung unseres F\u00f6rderantrags ist ein wichtiger Beitrag zur kulturellen, touristischen und wirtschaftlichen Entwicklung Duisburgs.\u201c<\/p>\n<p class=\"richtext text-em-55 !leading-serif mx-6 desktop:mx-0\">Auch Frank Jebavy, der Leiter des Gesch\u00e4ftsbereichs Landschaftspark, sieht in der Investition einen Meilenstein: \u201eNach fast 30 Jahren Betrieb wollen wir unseren Besucherinnen und Besuchern den Landschaftspark noch umfassender zug\u00e4nglich machen. Die neue Messwarte wird ein Ort, an dem Industriekultur, Industrienatur und die Geschichte des H\u00fcttenwerks erlebbar werden.\u201c<\/p>\n<p class=\"richtext text-em-55 !leading-serif mx-6 desktop:mx-0\">Ein besonderes Augenmerk liegt darauf, neben der technischen Geschichte auch die Arbeits- und Sozialgeschichte des alten H\u00fcttenwerks in das neue Projekt einzubeziehen. So sollen Vergangenheit, Gegenwart und Zukunft des Areals st\u00e4rker verkn\u00fcpft werden. Deshalb gibt es in dem neuen Besucherzentrum auch eine eigene Ausstellungsfl\u00e4che, wo auch Zeitzeugen interaktiv \u00fcber die Geschichte des Parks berichten.<\/p>\n<p class=\"richtext text-em-55 !leading-serif mx-6 desktop:mx-0\">Mit EFRE ist der Europ\u00e4ische Fonds f\u00fcr regionale Entwicklung gemeint, JFT ist der \u201eJust Transition Fund\u201c, der besonders Regionen unterst\u00fctzt, die von einem Wandel hin zur klimaneutralen Wirtschaft finanzielle Hilfe brauchen. Insgesamt stellt die EU f\u00fcr <a href=\"https:\/\/rp-online.de\/thema\/nordrhein-westfalen\/\" target=\"_blank\" rel=\"noopener\">Nordrhein-Westfalen<\/a> bis 2027 fast zwei Milliarden Euro zur Verf\u00fcgung, das Land gibt aber auch Geld dazu.<\/p>\n<p class=\"richtext text-em-55 !leading-serif mx-6 desktop:mx-0\">Der Landschaftspark Duisburg-Nord z\u00e4hlt mit durchschnittlich rund 1,2 Millionen Besuchern im Jahr zu den beliebtesten Freizeit- und Kulturorten in NRW. Der britische \u201eGuardian\u201c z\u00e4hlte den Park j\u00fcngst zu den besten Stadtparks der Welt und nannte ihn unter anderem in einem Atemzug mit dem High Line Park in New York.<\/p>\n<p class=\"richtext text-em-55 !leading-serif mx-6 desktop:mx-0\">Im vergangenen Jahr feierte die Anlage ihr 30-j\u00e4hriges Bestehen. Etwa 250 Veranstaltungen j\u00e4hrlich machen den fr\u00fcheren Industriekomplex heute zu einem festen Bestandteil der Kultur im <a href=\"https:\/\/rp-online.de\/thema\/ruhrgebiet\/\" target=\"_blank\" rel=\"noopener\">Ruhrgebiet<\/a>. Mittlerweile ist der Park auch in Hollywood bekannt. Bereits zwei Teile der ber\u00fchmten \u201eDie Tribute von Panem\u201c-Reihe wurden im Duisburger Landschaftspark gedreht.<\/p>\n","protected":false},"excerpt":{"rendered":"Gro\u00dfe Freude in einem der ber\u00fchmtesten Parks des Landes: Der Landschaftspark Duisburg-Nord erh\u00e4lt finanzielle Unterst\u00fctzung f\u00fcr die Modernisierung&hellip;\n","protected":false},"author":2,"featured_media":507904,"comment_status":"","ping_status":"","sticky":false,"template":"","format":"standard","meta":{"footnotes":""},"categories":[1838],"tags":[45230,3364,29,3715,30,126660,7343,17223,126659,14251,1209,3624,19301,42505,72414],"class_list":{"0":"post-507903","1":"post","2":"type-post","3":"status-publish","4":"format-standard","5":"has-post-thumbnail","7":"category-duisburg","8":"tag-areals","9":"tag-de","10":"tag-deutschland","11":"tag-duisburg","12":"tag-germany","13":"tag-huettenwerks","14":"tag-landes","15":"tag-landschaftspark","16":"tag-messwarte","17":"tag-nord","18":"tag-nordrhein-westfalen","19":"tag-park","20":"tag-parks","21":"tag-sichtbar","22":"tag-stadtparks"},"share_on_mastodon":{"url":"https:\/\/pubeurope.com\/@de\/115394209616999597","error":""},"_links":{"self":[{"href":"https:\/\/www.europesays.com\/de\/wp-json\/wp\/v2\/posts\/507903","targetHints":{"allow":["GET"]}}],"collection":[{"href":"https:\/\/www.europesays.com\/de\/wp-json\/wp\/v2\/posts"}],"about":[{"href":"https:\/\/www.europesays.com\/de\/wp-json\/wp\/v2\/types\/post"}],"author":[{"embeddable":true,"href":"https:\/\/www.europesays.com\/de\/wp-json\/wp\/v2\/users\/2"}],"replies":[{"embeddable":true,"href":"https:\/\/www.europesays.com\/de\/wp-json\/wp\/v2\/comments?post=507903"}],"version-history":[{"count":0,"href":"https:\/\/www.europesays.com\/de\/wp-json\/wp\/v2\/posts\/507903\/revisions"}],"wp:featuredmedia":[{"embeddable":true,"href":"https:\/\/www.europesays.com\/de\/wp-json\/wp\/v2\/media\/507904"}],"wp:attachment":[{"href":"https:\/\/www.europesays.com\/de\/wp-json\/wp\/v2\/media?parent=507903"}],"wp:term":[{"taxonomy":"category","embeddable":true,"href":"https:\/\/www.europesays.com\/de\/wp-json\/wp\/v2\/categories?post=507903"},{"taxonomy":"post_tag","embeddable":true,"href":"https:\/\/www.europesays.com\/de\/wp-json\/wp\/v2\/tags?post=507903"}],"curies":[{"name":"wp","href":"https:\/\/api.w.org\/{rel}","templated":true}]}}