{"id":507910,"date":"2025-10-18T08:27:43","date_gmt":"2025-10-18T08:27:43","guid":{"rendered":"https:\/\/www.europesays.com\/de\/507910\/"},"modified":"2025-10-18T08:27:43","modified_gmt":"2025-10-18T08:27:43","slug":"verknallte-katy-perry-in-hannover-ich-hatte-die-liebe-aufgegeben-unterhaltung","status":"publish","type":"post","link":"https:\/\/www.europesays.com\/de\/507910\/","title":{"rendered":"Verknallte Katy Perry in Hannover: \u201eIch hatte die Liebe aufgegeben\u201c | Unterhaltung"},"content":{"rendered":"<p>Hannover \u2013 <b>Liebe kann so sch\u00f6n sein. Beim Deutschland-Auftakt ihrer Tour \u00f6ffnete Katy Perry am Freitag \u00fcberraschend ihr Herz, das sie an Kanadas Ex-Premier Justin Trudeau verschenkt haben soll. Inmitten ihrer Robo-Show gab die Pop-Ikone Liebestipps und weinte.<\/b><\/p>\n<p>Es ist 15.46 Uhr, als ein schlanker, wei\u00dfer Privatjet auf dem Flughafen <a href=\"https:\/\/www.bild.de\/regional\/hannover\/hannover-regional\/home-16344348.bild.html\" class=\"text-link\" target=\"_blank\" rel=\"noopener\">Hannover<\/a> aufsetzt. Hinter Mantel, Kapuze und Entourage versteckt sich offenbar die \u201eFirework\u201c-S\u00e4ngerin. Eine Managerin l\u00e4sst sie abgeschirmt im schwarzen Van Autogramme geben.<\/p>\n<p><img decoding=\"async\" width=\"992\" height=\"558\" alt=\"Der Charter-Jet reiste aus Antwerpen (Belgien) an, wo Katy Perry am Vortag gespielt hatte\" src=\"https:\/\/www.europesays.com\/de\/wp-content\/uploads\/2025\/10\/e78a9a9d19a5fed5ece36a732b6fb003,8088f5af\"   class=\"landscape\" loading=\"lazy\"\/><\/p>\n<p class=\"fig__caption__text\">Der Charter-Jet reiste aus Antwerpen (Belgien) an, wo Katy Perry am Vortag gespielt hatte<\/p>\n<p>Foto: Marcus Prell<\/p>\n<p>F\u00fcr ihr erstes von vier Deutschland-Konzerten (es folgen <a href=\"https:\/\/www.bild.de\/regional\/berlin\/berlin-regional\/home-15823246.bild.html\" class=\"text-link\" target=\"_blank\" rel=\"noopener\">Berlin<\/a>, <a href=\"https:\/\/www.bild.de\/regional\/koeln\/koeln-regional\/home-16344378.bild.html\" class=\"text-link\" target=\"_blank\" rel=\"noopener\">K\u00f6ln<\/a> und <a href=\"https:\/\/www.bild.de\/regional\/muenchen\/muenchen-regional\/home-16344438.bild.html\" class=\"text-link\" target=\"_blank\" rel=\"noopener\">M\u00fcnchen<\/a>) liefert sie am Abend zwei Stunden lang einen Science-Fiction-Trip \u00fcber K\u00fcnstliche Intelligenz ab, singt Klassiker wie \u201eI Kissed a Girl\u201c und Songs aus ihrem neuen Album \u201e143\u201c.<\/p>\n<p><img decoding=\"async\" width=\"992\" height=\"626\" alt=\"Im grellen Universum aus Neon, Lasern und \u00fcberdimensionalen Kost\u00fcmen lassen Fans sie pl\u00f6tzlich emotional werden\" src=\"https:\/\/www.europesays.com\/de\/wp-content\/uploads\/2025\/10\/a21641463cf5ce85e3d3bd021019defb,be7c28c\"   class=\"dynamic\" loading=\"lazy\"\/><\/p>\n<p class=\"fig__caption__text\">Im grellen Universum aus Neon, Lasern und \u00fcberdimensionalen Kost\u00fcmen lie\u00dfen Fans Katy Perry pl\u00f6tzlich emotional werden<\/p>\n<p>Foto: Moritz Frankenberg\/dpa<\/p>\n<p>\u201eIch glaube an die Liebe\u201c<\/p>\n<p>Nachdem Katy Perry vor wenigen Tagen noch mit Justin Trudeau bei <a href=\"https:\/\/www.bild.de\/unterhaltung\/stars-und-leute\/katy-perry-justin-trudeau-heisse-kuesse-auf-hoher-see-68ebc10aff70575ab37a174f\" class=\"text-link\" target=\"_blank\" rel=\"noopener\">hei\u00dfen K\u00fcssen auf hoher See in Santa Barbara (Kalifornien)<\/a> gesichtet wurde, erscheint sie heute solo. Aber ihre Gedanken kreisen um die Liebe! Sie holt zwei junge Frauen f\u00fcr einen Heiratsantrag auf die B\u00fchne und gibt ihnen Tipps: \u201eWenn ihr offen bleibt, miteinander sprecht und jeden Tag hart daran arbeitet, wird es von Dauer sein.\u201c Die S\u00e4ngerin ist so ger\u00fchrt, dass bei ihr Tr\u00e4nen kullern. Sie stellt klar: \u201eIch glaube an die Liebe.\u201c<\/p>\n<p><img decoding=\"async\" width=\"992\" height=\"1178\" alt=\"R\u00fchrende Szenen: Zwei Frauen aus Brasilien verlobten sich im Rampenlicht, w\u00e4hrend Perry \u201eDouble Rainbow\u201c sang und klarstellte: \u201eLiebe ist Liebe!\u201c\" src=\"https:\/\/www.europesays.com\/de\/wp-content\/uploads\/2025\/10\/ef7755c9b141fd368677fa4e49ec6359,a51142c9\"   class=\"portrait\" loading=\"lazy\"\/><\/p>\n<p class=\"fig__caption__text\">R\u00fchrende Szenen: Zwei Frauen aus Brasilien verlobten sich im Rampenlicht, w\u00e4hrend Perry \u201eDouble Rainbow\u201c sang und klarstellte: \u201eLiebe ist Liebe!\u201c<\/p>\n<p>Foto: Nico N\u00f6lken<\/p>\n<p>Das erscheint nicht selbstverst\u00e4ndlich: Nach wochenlangen Ger\u00fcchten best\u00e4tigten Perry und Schauspieler Orlando Bloom im Juli ihre Trennung. Ihre Beziehung war steinig: Sie trennten sich bereits 2017 kurzzeitig. Vor rund sechs Jahren soll Orlando seiner Katy einen Heiratsantrag gemacht haben. Die Hochzeit folgte nie.<\/p>\n<p><img decoding=\"async\" width=\"992\" height=\"628\" alt=\"Im M\u00e4rz feierten S\u00e4ngerin Katy Perry und Hollywood-Star Orlando Bloom (48) bei der \u201eVanity Fair Oscar Party\u201c noch gemeinsam\" src=\"https:\/\/www.europesays.com\/de\/wp-content\/uploads\/2025\/10\/c9fbcb8833660488660e3412b5a0464d,839765a\"   class=\"dynamic\" loading=\"lazy\"\/><\/p>\n<p class=\"fig__caption__text\">Im M\u00e4rz feierten Katy Perry und Hollywood-Star Orlando Bloom (48) bei der \u201eVanity Fair Oscar Party\u201c noch gemeinsam<\/p>\n<p>Foto: picture alliance \/ Evan Agostini\/Invision\/AP<\/p>\n<p>Katy Perrys Tochter schenkt ihr Kraft <\/p>\n<p>Im August 2020 brachte die Musikerin ihre Tochter Daisy Dove (5) zur Welt, als sie mit Bloom zusammen war. Ihren Song \u201eAll The Love\u201c k\u00fcndigt sie in Hannover \u00fcberraschend so an: \u201eDiesen Song habe ich geschrieben, nachdem ich meine Tochter getroffen habe. Ich hatte die Liebe aufgegeben. Sie hat mich daran erinnert, die Liebe nicht aufzugeben.\u201c<\/p>\n<p>Mehr zum Thema<\/p>\n<p>Heute turtelt Kanadas Premier a. D. Justin Trudeau mit der S\u00e4ngerin. In ihrem Leben gebe es eben Dinge, die sie \u201enicht kontrollieren\u201c k\u00f6nne, verr\u00e4t sie.<\/p>\n<p><img decoding=\"async\" width=\"992\" height=\"558\" alt=\"Ihre Beziehung haben Perry und Kanadas Ex-Premier Justin Trudeau bisher nicht offiziell gemacht\" src=\"https:\/\/www.europesays.com\/de\/wp-content\/uploads\/2025\/10\/58c9fde0285d44823c33f94a6a1cf1af,8f88aa3e\"   class=\"dynamic\" loading=\"lazy\"\/><\/p>\n<p class=\"fig__caption__text\">Ihre Beziehung haben Perry und Kanadas Ex-Premier Justin Trudeau (53) bisher nicht offiziell gemacht. Er unterst\u00fctzte sie schon im Juli bei ihrem Konzert in Montreal<\/p>\n<p>Foto: IMAGO\/ZUMA Press<\/p>\n<p>Voller Optimismus sagt <a href=\"https:\/\/www.bild.de\/themen\/personen\/katy-perry\/unterhaltung-musik-nachrichten-news-fotos-videos-15816224.bild.html\" class=\"text-link\" target=\"_blank\" rel=\"noopener\">Katy Perry<\/a>: \u201eIch werde n\u00e4chste Woche 41 Jahre alt sein \u2026 41, das ist fabelhaft!\u201c Am Vortag ihres Geburtstags wird sie in Paris spielen, g\u00f6nnt sich dann zwei Tage Pause \u2013\u00a0und h\u00e4tte genug Zeit f\u00fcr jemanden, der ihr gerade besonders wichtig ist.<\/p>\n<p><img decoding=\"async\" width=\"992\" height=\"863\" alt=\"Hei\u00dfe Show: Katy Perry zeigte sich ausgelassen und offen wie nie\" src=\"https:\/\/www.europesays.com\/de\/wp-content\/uploads\/2025\/10\/5d45b0ec39edb22626e10cc17cd6e9fd,eaeeecd\"   class=\"dynamic\" loading=\"lazy\"\/><\/p>\n<p class=\"fig__caption__text\">Hei\u00dfe Show: Katy Perry zeigte sich ausgelassen und offen wie nie<\/p>\n<p>Foto: Nico N\u00f6lken<\/p>\n<p>Weltstar beruflich in der Krise<\/p>\n<p>Doch so gl\u00fccklich die S\u00e4ngerin gerade privat ist: Musikalisch steckt sie in der Krise. Ihr Album floppte, auch das Konzert in der ZAG Arena (Platz f\u00fcr 14.000 Menschen) war nicht ausverkauft. Ihre Pop-Hymnen aus den 2010er-Jahren kommen gut an, aber bei ihren neuen Songs verstummt die Menge.<\/p>\n<p><b>Karriereknick hin oder her: An diesem Abend klingt sie so, als habe sie ihr Happy End gefunden.<\/b><\/p>\n<p><img decoding=\"async\" width=\"992\" height=\"1185\" alt=\"Katy Perry musste beschwichtigen: \u201eKeine Sorge: Wir singen heute alle Songs, die ihr kennt.\u201c\" src=\"https:\/\/www.europesays.com\/de\/wp-content\/uploads\/2025\/10\/eb2355bd8b97d57c0dba56a5943b21d1,e5679ca5\"   class=\"dynamic\" loading=\"lazy\"\/><\/p>\n<p class=\"fig__caption__text\">Katy Perry musste beschwichtigen: \u201eKeine Sorge: Wir singen heute alle Songs, die ihr kennt.\u201c<\/p>\n<p>Foto: Nico N\u00f6lken<\/p>\n<p><img decoding=\"async\" width=\"992\" height=\"558\" alt=\"Ein kurzer Tag in Deutschland: Um 23.35 Uhr machte Katy Perry schon wieder den Abflug. Ihr n\u00e4chster Tourstopp ist Kopenhagen, bevor es nach Berlin geht\" src=\"https:\/\/www.europesays.com\/de\/wp-content\/uploads\/2025\/10\/f688dcb15b57597a3eb19e8b47af6fe9,3829ea53\"   class=\"landscape\" loading=\"lazy\"\/><\/p>\n<p class=\"fig__caption__text\">Ein kurzer Tag in Deutschland: Um 23.35 Uhr machte Katy Perry schon wieder den Abflug. Ihr n\u00e4chster Tourstopp ist Kopenhagen, bevor es nach Berlin geht<\/p>\n<p>Foto: WWW.SCHEFFEN.DE<\/p>\n","protected":false},"excerpt":{"rendered":"Hannover \u2013 Liebe kann so sch\u00f6n sein. Beim Deutschland-Auftakt ihrer Tour \u00f6ffnete Katy Perry am Freitag \u00fcberraschend ihr&hellip;\n","protected":false},"author":2,"featured_media":507911,"comment_status":"","ping_status":"","sticky":false,"template":"","format":"standard","meta":{"footnotes":""},"categories":[1836],"tags":[61028,3364,29,30,46,724,31181,53,1310,26303,14225,8321,30916,6718,1411,17384,1911,45,12468,10865,64,22796],"class_list":{"0":"post-507910","1":"post","2":"type-post","3":"status-publish","4":"format-standard","5":"has-post-thumbnail","7":"category-hannover","8":"tag-bloom-orlando","9":"tag-de","10":"tag-deutschland","11":"tag-germany","12":"tag-hannover","13":"tag-heiratsantrag","14":"tag-justin-trudeau","15":"tag-kanada","16":"tag-konzert","17":"tag-lesbisch","18":"tag-lgbt","19":"tag-liebe","20":"tag-liebesbeziehung","21":"tag-liebeskummer","22":"tag-niedersachsen","23":"tag-perry-katy","24":"tag-saengerin","25":"tag-texttospeech","26":"tag-tochter","27":"tag-trennung","28":"tag-usa","29":"tag-verliebt"},"share_on_mastodon":{"url":"https:\/\/pubeurope.com\/@de\/115394226197609842","error":""},"_links":{"self":[{"href":"https:\/\/www.europesays.com\/de\/wp-json\/wp\/v2\/posts\/507910","targetHints":{"allow":["GET"]}}],"collection":[{"href":"https:\/\/www.europesays.com\/de\/wp-json\/wp\/v2\/posts"}],"about":[{"href":"https:\/\/www.europesays.com\/de\/wp-json\/wp\/v2\/types\/post"}],"author":[{"embeddable":true,"href":"https:\/\/www.europesays.com\/de\/wp-json\/wp\/v2\/users\/2"}],"replies":[{"embeddable":true,"href":"https:\/\/www.europesays.com\/de\/wp-json\/wp\/v2\/comments?post=507910"}],"version-history":[{"count":0,"href":"https:\/\/www.europesays.com\/de\/wp-json\/wp\/v2\/posts\/507910\/revisions"}],"wp:featuredmedia":[{"embeddable":true,"href":"https:\/\/www.europesays.com\/de\/wp-json\/wp\/v2\/media\/507911"}],"wp:attachment":[{"href":"https:\/\/www.europesays.com\/de\/wp-json\/wp\/v2\/media?parent=507910"}],"wp:term":[{"taxonomy":"category","embeddable":true,"href":"https:\/\/www.europesays.com\/de\/wp-json\/wp\/v2\/categories?post=507910"},{"taxonomy":"post_tag","embeddable":true,"href":"https:\/\/www.europesays.com\/de\/wp-json\/wp\/v2\/tags?post=507910"}],"curies":[{"name":"wp","href":"https:\/\/api.w.org\/{rel}","templated":true}]}}