{"id":507916,"date":"2025-10-18T08:31:12","date_gmt":"2025-10-18T08:31:12","guid":{"rendered":"https:\/\/www.europesays.com\/de\/507916\/"},"modified":"2025-10-18T08:31:12","modified_gmt":"2025-10-18T08:31:12","slug":"niedersachsen-bremen-25-jaehrige-bei-unfall-auf-a2-schwer-verletzt","status":"publish","type":"post","link":"https:\/\/www.europesays.com\/de\/507916\/","title":{"rendered":"Niedersachsen &#038; Bremen: 25-J\u00e4hrige bei Unfall auf A2 schwer verletzt"},"content":{"rendered":"<p>                    Niedersachsen &amp; Bremen<br \/>\n                25-J\u00e4hrige bei Unfall auf A2 schwer verletzt<\/p>\n<p>\t\t\t\t              18.10.2025, 09:56 Uhr<\/p>\n<p><strong>Auf der Autobahn 2 bei Garbsen ist eine junge Frau in ihrem Auto unterwegs. Mit im Wagen: ein neunj\u00e4hriges M\u00e4dchen und ein 34-j\u00e4hriger Mann. Es kommt zu einem schweren Unfall.<\/strong><\/p>\n<p>Garbsen (dpa\/lni) &#8211; Bei einem Unfall auf der A2 ist eine 25 Jahre alte Autofahrerin schwer verletzt worden. Ihre beiden Mitfahrer, ein neunj\u00e4hriges M\u00e4dchen und ein 34 Jahre alter Mann, erlitten leichte Verletzungen, wie die Polizei mitteilte. Drei Fahrzeuge waren den Angaben nach auf der linken Fahrbahn zwischen Wunstorf und Garbsen kollidiert.\u00a0<\/p>\n<p>Weitere Angaben zum genauen Unfallhergang gab es zun\u00e4chst nicht, die Polizei ermittelt. F\u00fcr die medizinische Versorgung wurde ein Rettungshubschrauber eingesetzt. Die anderen acht beteiligten Menschen wurden bei dem Unfall am Freitagnachmittag nicht verletzt. Die A2 war f\u00fcr die Dauer der Rettungsma\u00dfnahmen f\u00fcr rund eine Stunde voll gesperrt.<\/p>\n","protected":false},"excerpt":{"rendered":"Niedersachsen &amp; Bremen 25-J\u00e4hrige bei Unfall auf A2 schwer verletzt 18.10.2025, 09:56 Uhr Auf der Autobahn 2 bei&hellip;\n","protected":false},"author":2,"featured_media":507917,"comment_status":"","ping_status":"","sticky":false,"template":"","format":"standard","meta":{"footnotes":""},"categories":[1824],"tags":[2420,3364,29,30,1411,1284],"class_list":{"0":"post-507916","1":"post","2":"type-post","3":"status-publish","4":"format-standard","5":"has-post-thumbnail","7":"category-bremen","8":"tag-bremen","9":"tag-de","10":"tag-deutschland","11":"tag-germany","12":"tag-niedersachsen","13":"tag-unfall"},"share_on_mastodon":{"url":"https:\/\/pubeurope.com\/@de\/115394241160964188","error":""},"_links":{"self":[{"href":"https:\/\/www.europesays.com\/de\/wp-json\/wp\/v2\/posts\/507916","targetHints":{"allow":["GET"]}}],"collection":[{"href":"https:\/\/www.europesays.com\/de\/wp-json\/wp\/v2\/posts"}],"about":[{"href":"https:\/\/www.europesays.com\/de\/wp-json\/wp\/v2\/types\/post"}],"author":[{"embeddable":true,"href":"https:\/\/www.europesays.com\/de\/wp-json\/wp\/v2\/users\/2"}],"replies":[{"embeddable":true,"href":"https:\/\/www.europesays.com\/de\/wp-json\/wp\/v2\/comments?post=507916"}],"version-history":[{"count":0,"href":"https:\/\/www.europesays.com\/de\/wp-json\/wp\/v2\/posts\/507916\/revisions"}],"wp:featuredmedia":[{"embeddable":true,"href":"https:\/\/www.europesays.com\/de\/wp-json\/wp\/v2\/media\/507917"}],"wp:attachment":[{"href":"https:\/\/www.europesays.com\/de\/wp-json\/wp\/v2\/media?parent=507916"}],"wp:term":[{"taxonomy":"category","embeddable":true,"href":"https:\/\/www.europesays.com\/de\/wp-json\/wp\/v2\/categories?post=507916"},{"taxonomy":"post_tag","embeddable":true,"href":"https:\/\/www.europesays.com\/de\/wp-json\/wp\/v2\/tags?post=507916"}],"curies":[{"name":"wp","href":"https:\/\/api.w.org\/{rel}","templated":true}]}}