{"id":507918,"date":"2025-10-18T08:32:13","date_gmt":"2025-10-18T08:32:13","guid":{"rendered":"https:\/\/www.europesays.com\/de\/507918\/"},"modified":"2025-10-18T08:32:13","modified_gmt":"2025-10-18T08:32:13","slug":"rvr-und-iga-foerdern-vereine-im-ruhrgebiet","status":"publish","type":"post","link":"https:\/\/www.europesays.com\/de\/507918\/","title":{"rendered":"RVR und IGA f\u00f6rdern Vereine im Ruhrgebiet"},"content":{"rendered":"<p>\t\tVereine pflanzen Zukunft<br \/>\n\t\t\t\t\tNeue Klimab\u00e4ume-Aktion von RVR und IGA<\/p>\n<p>    <a href=\"https:\/\/www.recklinghaeuser-zeitung.de\/wp-content\/uploads\/2025\/10\/17\/13\/630_0900_5176431_-1648x824.jpg\" rel=\"nofollow noopener\" target=\"_blank\"><\/p>\n<p>            <img loading=\"lazy\" decoding=\"async\" src=\"https:\/\/www.europesays.com\/de\/wp-content\/uploads\/2025\/10\/630_0900_5176427_-640x428.jpg\" width=\"640\" height=\"428\"  alt=\"Zwei Personen pflanzen einen jungen Baum ein. Links steht ein Wanderschuh auf einem in der Erde steckenden Spaten, rechts hebt eine Person den jungen Baum in ein Loch im Boden.\"\/><\/p>\n<p>    <\/a><br \/>\n    Die neue Klimab\u00e4ume-Aktion von RVR und IGA steht unter dem Motto \u201eVereine pflanzen Zukunft\u201c. \u00a9 IGA 2027<\/p>\n<p class=\"article__teaser-text\">Vereine im Ruhrgebiet k\u00f6nnen jetzt Gr\u00fcnfl\u00e4chen aufwerten: Die RVR-Aktion \u201eKlimab\u00e4ume\u201c ist gestartet und l\u00e4dt zur Bewerbung bis Ende November ein.<\/p>\n<p>1 Min Lesezeit<\/p>\n<p>Unter dem Motto \u201eVereine pflanzen Zukunft\u201c ist nun die neue Klimab\u00e4ume-Aktion des Regionalverbandes Ruhr (RVR) in Kooperation mit der Internationalen Gartenausstellung 2027 Ruhrgebiet (IGA 2027) gestartet. Ziel ist es, Vereine im Ruhrgebiet in Ma\u00dfnahmen f\u00fcr mehr Biodiversit\u00e4t und gr\u00fcne Infrastruktur einzubinden.<\/p>\n<p>Vereine sollen ungenutzte Fl\u00e4chen auf ihrem Gel\u00e4nde \u00f6kologisch aufwerten und so Lebensr\u00e4ume f\u00fcr Insekten, Reptilien und Kleins\u00e4uger schaffen. Gleichzeitig entstehen Orte, an denen Kinder und Jugendliche Naturerfahrungen sammeln und Verantwortung \u00fcbernehmen k\u00f6nnen. Unterst\u00fctzt wird die Aktion unter anderem vom <a target=\"_blank\" href=\"https:\/\/www.recklinghaeuser-zeitung.de\/schalke\/\" data-imported=\"1\" rel=\"nofollow noopener\">FC Schalke 04<\/a>.<\/p>\n<p>\t\t<a href=\"https:\/\/www.recklinghaeuser-zeitung.de\/kreis-re\/buergerzone-recklinghausen-kreishaus-wird-bargeldlos-digitale-zahlung-oktober-w1089120-6001122344\/\" rel=\"nofollow noopener\" aria-hidden=\"true\" tabindex=\"-1\" title=\"Die Kreisverwaltung wird bargeldlos In der neuen B\u00fcrgerzone wird nur noch digital bezahlt\" aria-label=\"Die Kreisverwaltung wird bargeldlos In der neuen B\u00fcrgerzone wird nur noch digital bezahlt\" target=\"_blank\"><\/p>\n<p>                <img decoding=\"async\" src=\"https:\/\/www.europesays.com\/de\/wp-content\/uploads\/2025\/10\/630_0900_5165216_-160x160.jpg\"  width=\"160\" height=\"160\" alt=\"Ein Smartphone (iPhone) wird an den Bezahl-Terminal an der Kasse eines Supermarktes gehalten\" loading=\"lazy\"\/><\/p>\n<p>\t\t<\/a><\/p>\n<p>Teilnehmende Vereine erhalten Pflanzpakete mit Regio-Saatgut, Geh\u00f6lzen und Materialien. Ein begleitendes \u201eTrain-the-Trainer\u201c-Programm bereitet Ehrenamtliche, Kinder und Jugendliche auf die Pflanzaktionen und die sp\u00e4tere Pflege der Fl\u00e4chen vor. Den Abschluss bilden die sogenannten Greendays, umweltp\u00e4dagogische Familientage mit Mitmachaktionen, B\u00fchnenprogramm und Auszeichnungen f\u00fcr besonders engagierte Teilnehmende.<\/p>\n<p>\u201eNachhaltigkeit im Sport ist l\u00e4ngst kein Nice-to-have mehr\u201c, sagt Nina Frense, RVR-Beigeordnete f\u00fcr Umwelt und Gr\u00fcne Infrastruktur. Vereine, die \u00fcber geeignete Fl\u00e4chen verf\u00fcgen, k\u00f6nnen sich ab sofort unter <a target=\"_blank\" href=\"https:\/\/www.klimabaeume.ruhr\" rel=\"nofollow noopener\">www.klimabaeume.ruhr<\/a> bewerben. Bewerbungsschluss ist Ende November 2025.<\/p>\n<p>\t\t<a href=\"https:\/\/www.recklinghaeuser-zeitung.de\/kreis-re\/gesundheitsmesse-2025-ruhrfestspielhaus-recklinghausen-programm-vortraege-aussteller-w1087338-6001120504\/\" rel=\"nofollow noopener\" aria-hidden=\"true\" tabindex=\"-1\" title=\"Gesundheitsmesse in Recklinghausen Alle \u00e4rztlichen Vortr\u00e4ge und das Programm auf einen Blick\" aria-label=\"Gesundheitsmesse in Recklinghausen Alle \u00e4rztlichen Vortr\u00e4ge und das Programm auf einen Blick\" target=\"_blank\"><\/p>\n<p>                <img decoding=\"async\" src=\"https:\/\/www.europesays.com\/de\/wp-content\/uploads\/2025\/10\/630_0900_5143923_-160x160.jpg\"  width=\"160\" height=\"160\" alt=\"Eine junge Frau mit Kopfh\u00f6hrern dehnt ihre Arme sportlich hinter dem Nacken.\" loading=\"lazy\"\/><\/p>\n<p>\t\t<\/a><\/p>\n","protected":false},"excerpt":{"rendered":"Vereine pflanzen Zukunft Neue Klimab\u00e4ume-Aktion von RVR und IGA Die neue Klimab\u00e4ume-Aktion von RVR und IGA steht unter&hellip;\n","protected":false},"author":2,"featured_media":507919,"comment_status":"","ping_status":"","sticky":false,"template":"","format":"standard","meta":{"footnotes":""},"categories":[1834],"tags":[3364,29,3688,30,126664,10388,1209],"class_list":{"0":"post-507918","1":"post","2":"type-post","3":"status-publish","4":"format-standard","5":"has-post-thumbnail","7":"category-essen","8":"tag-de","9":"tag-deutschland","10":"tag-essen","11":"tag-germany","12":"tag-klimabaeume","13":"tag-natur-umwelt","14":"tag-nordrhein-westfalen"},"share_on_mastodon":{"url":"https:\/\/pubeurope.com\/@de\/115394245785701158","error":""},"_links":{"self":[{"href":"https:\/\/www.europesays.com\/de\/wp-json\/wp\/v2\/posts\/507918","targetHints":{"allow":["GET"]}}],"collection":[{"href":"https:\/\/www.europesays.com\/de\/wp-json\/wp\/v2\/posts"}],"about":[{"href":"https:\/\/www.europesays.com\/de\/wp-json\/wp\/v2\/types\/post"}],"author":[{"embeddable":true,"href":"https:\/\/www.europesays.com\/de\/wp-json\/wp\/v2\/users\/2"}],"replies":[{"embeddable":true,"href":"https:\/\/www.europesays.com\/de\/wp-json\/wp\/v2\/comments?post=507918"}],"version-history":[{"count":0,"href":"https:\/\/www.europesays.com\/de\/wp-json\/wp\/v2\/posts\/507918\/revisions"}],"wp:featuredmedia":[{"embeddable":true,"href":"https:\/\/www.europesays.com\/de\/wp-json\/wp\/v2\/media\/507919"}],"wp:attachment":[{"href":"https:\/\/www.europesays.com\/de\/wp-json\/wp\/v2\/media?parent=507918"}],"wp:term":[{"taxonomy":"category","embeddable":true,"href":"https:\/\/www.europesays.com\/de\/wp-json\/wp\/v2\/categories?post=507918"},{"taxonomy":"post_tag","embeddable":true,"href":"https:\/\/www.europesays.com\/de\/wp-json\/wp\/v2\/tags?post=507918"}],"curies":[{"name":"wp","href":"https:\/\/api.w.org\/{rel}","templated":true}]}}