{"id":507924,"date":"2025-10-18T08:35:16","date_gmt":"2025-10-18T08:35:16","guid":{"rendered":"https:\/\/www.europesays.com\/de\/507924\/"},"modified":"2025-10-18T08:35:16","modified_gmt":"2025-10-18T08:35:16","slug":"bundesliga-jean-marie-pfaff-warnt-den-bvb-vor-bayern-falle-fussball","status":"publish","type":"post","link":"https:\/\/www.europesays.com\/de\/507924\/","title":{"rendered":"Bundesliga: Jean-Marie Pfaff warnt den BVB vor \u201eBayern-Falle\u201c | Fu\u00dfball"},"content":{"rendered":"<p><b>Torwart-Legende Jean-Marie Pfaff hat einen dringenden Rat f\u00fcr Borussia Dortmund, wenn es am Samstag im Top-Spiel der <\/b><a href=\"https:\/\/sportbild.bild.de\/bundesliga\/startseite\/1-bundesliga\/home-33207854.sport.html?t_ref=https%253A%252F%252Fwww.google.com%252F\" class=\"text-link\" target=\"_blank\" rel=\"noopener\"><b>Bundesliga<\/b><\/a><b> gegen den FC Bayern geht (Ansto\u00df 18.30 Uhr\/Sky und im Live-Ticker bei SPORT BILD).<\/b><\/p>\n<p><img decoding=\"async\" width=\"992\" height=\"558\" alt=\"Ex-Bayern-Keeper Jean-Marie Pfaff (71, hier auf einem Foto aus 2019)\" src=\"https:\/\/www.europesays.com\/de\/wp-content\/uploads\/2025\/10\/59a98390bf1dc5761b76c72eda082a6e,43a5d189\"   class=\"landscape\" loading=\"lazy\"\/><\/p>\n<p class=\"fig__caption__text\">Ex-Bayern-Keeper Jean-Marie Pfaff (71, hier auf einem Foto aus 2019)<\/p>\n<p>Foto: picture alliance \/<\/p>\n<p>Pfaff h\u00e4lt es f\u00fcr gef\u00e4hrlich, sich auf einen offenen Schlagabtausch mit dem Rekordmeister einzulassen. Im Interview mit \u201eRTL\/ntv\u201c sagte der fr\u00fchere <a href=\"https:\/\/sportbild.bild.de\/bundesliga\/vereine\/bayern-muenchen\/home-33283572.sport.html?t_ref=https%253A%252F%252Fwww.google.com%252F\" class=\"text-link\" target=\"_blank\" rel=\"noopener\">Bayern<\/a>-Keeper: \u201eDortmund darf nicht in die Falle der Bayern laufen, mitzuspielen. Wenn man ausw\u00e4rts antritt, muss man immer abwartend spielen und den Gegner kommen lassen.\u201c<\/p>\n<p>Mehr zum ThemaPfaff: \u201eWer gegen Bayern das Spiel machen will \u2026\u201c<\/p>\n<p>Pfaff, der in den 1980er-Jahren mit dem Rekordmeister dreimal die deutsche Meisterschaft gewann, sieht die M\u00fcnchner derzeit in Topform: \u201eDie Bayern spielen derzeit auf Topniveau, und wenn du versuchst, das Spiel selbst zu machen, wirst du Probleme gegen Bayern bekommen.\u201c<\/p>\n<p>Das w\u00e4re bitter: Schnappt Real Bayern diesen Star weg?<a class=\"anchor video-teaser__anchor\" href=\"https:\/\/sportbild.bild.de\/fussball\/1-bundesliga\/das-waere-bitter-schnappt-real-bayern-diesen-star-weg-68f124f72f6e3c54ca98481b\" target=\"_blank\" rel=\"noopener\"><img decoding=\"async\" width=\"992\" height=\"558\" alt=\"Teaser-Bild\" src=\"https:\/\/www.europesays.com\/de\/wp-content\/uploads\/2025\/10\/1760776516_920_a3fcb8e3f0ef95af8c9b82f0c9d9d05a-landscape,3809dee0\"   class=\"landscape teaser__image\" loading=\"lazy\"\/><\/a><\/p>\n<p>Quelle: BILD16.10.2025<\/p>\n<p><b>Trotz seiner Warnung fand der Belgier auch lobende Worte f\u00fcr den kommenden Gegner: \u201eDortmund ist wieder oben mit dabei. Sie kombinieren sehr gut.\u201c<\/b><\/p>\n<p>Um in M\u00fcnchen zu bestehen, r\u00e4t Pfaff dem <a href=\"https:\/\/sportbild.bild.de\/bundesliga\/vereine\/borussia-dortmund\/home-33283690.sport.html?t_ref=https%253A%252F%252Fwww.google.com%252F\" class=\"text-link\" target=\"_blank\" rel=\"noopener\">BVB<\/a> also zu Geduld\u00a0\u2026<\/p>\n","protected":false},"excerpt":{"rendered":"Torwart-Legende Jean-Marie Pfaff hat einen dringenden Rat f\u00fcr Borussia Dortmund, wenn es am Samstag im Top-Spiel der Bundesliga&hellip;\n","protected":false},"author":2,"featured_media":507925,"comment_status":"","ping_status":"","sticky":false,"template":"","format":"standard","meta":{"footnotes":""},"categories":[1833],"tags":[888,468,3364,29,217,538,458,30,1209,126665,52091,45,7936],"class_list":{"0":"post-507924","1":"post","2":"type-post","3":"status-publish","4":"format-standard","5":"has-post-thumbnail","7":"category-dortmund","8":"tag-borussia-dortmund","9":"tag-champions-league","10":"tag-de","11":"tag-deutschland","12":"tag-dortmund","13":"tag-erste-bundesliga","14":"tag-fc-bayern-muenchen","15":"tag-germany","16":"tag-nordrhein-westfalen","17":"tag-pfaff-jean-marie","18":"tag-spobi-content-analyzer","19":"tag-texttospeech","20":"tag-torwart"},"share_on_mastodon":{"url":"https:\/\/pubeurope.com\/@de\/115394257746541687","error":""},"_links":{"self":[{"href":"https:\/\/www.europesays.com\/de\/wp-json\/wp\/v2\/posts\/507924","targetHints":{"allow":["GET"]}}],"collection":[{"href":"https:\/\/www.europesays.com\/de\/wp-json\/wp\/v2\/posts"}],"about":[{"href":"https:\/\/www.europesays.com\/de\/wp-json\/wp\/v2\/types\/post"}],"author":[{"embeddable":true,"href":"https:\/\/www.europesays.com\/de\/wp-json\/wp\/v2\/users\/2"}],"replies":[{"embeddable":true,"href":"https:\/\/www.europesays.com\/de\/wp-json\/wp\/v2\/comments?post=507924"}],"version-history":[{"count":0,"href":"https:\/\/www.europesays.com\/de\/wp-json\/wp\/v2\/posts\/507924\/revisions"}],"wp:featuredmedia":[{"embeddable":true,"href":"https:\/\/www.europesays.com\/de\/wp-json\/wp\/v2\/media\/507925"}],"wp:attachment":[{"href":"https:\/\/www.europesays.com\/de\/wp-json\/wp\/v2\/media?parent=507924"}],"wp:term":[{"taxonomy":"category","embeddable":true,"href":"https:\/\/www.europesays.com\/de\/wp-json\/wp\/v2\/categories?post=507924"},{"taxonomy":"post_tag","embeddable":true,"href":"https:\/\/www.europesays.com\/de\/wp-json\/wp\/v2\/tags?post=507924"}],"curies":[{"name":"wp","href":"https:\/\/api.w.org\/{rel}","templated":true}]}}