{"id":507926,"date":"2025-10-18T08:36:16","date_gmt":"2025-10-18T08:36:16","guid":{"rendered":"https:\/\/www.europesays.com\/de\/507926\/"},"modified":"2025-10-18T08:36:16","modified_gmt":"2025-10-18T08:36:16","slug":"schienenersatzverkehr-auf-regiostrecken-nach-leipzig","status":"publish","type":"post","link":"https:\/\/www.europesays.com\/de\/507926\/","title":{"rendered":"Schienenersatzverkehr auf Regiostrecken nach Leipzig"},"content":{"rendered":"<p>\t\t\tSchienenersatzverkehr auf Regiostrecken nach Leipzig<br \/>\n\t\t\t\t\t\t\t\t\t\t\t\t<b>Bahnverkehr<\/b> Bauarbeiten sorgen ab Montag f\u00fcr Schienenersatzverkehr auf mehreren Regiostrecken ab Leipzig. Auch Fahrr\u00e4der und E-Roller k\u00f6nnen nur eingeschr\u00e4nkt in den Bussen mitgenommen werden.<\/p>\n<p>\n\t\t\t\t\t18.10.2025, 10:29 Uhr\t\t\t\t<\/p>\n<p>\t\t\t\t<a id=\"whatsapp_channel_link\" href=\"https:\/\/whatsapp.com\/channel\/0029Va6RBvnLY6dCNLfeAA0c\" data-ct=\"SHARE\/WHATSAPPKANAL\" rel=\"nofollow noopener\" target=\"_blank\"><br \/>\n\t\t\t\t\t<img decoding=\"async\" alt=\"Zum Blick WhatsApp Kanal\" src=\"https:\/\/www.blick.de\/img\/WhatsApp-Kanal.svg\"\/><br \/>\n\t\t\t\t<\/a><\/p>\n<ul class=\"gallery-items\">\n<li class=\"img gallery-item\">\n<p>\t\t\t\t\t\t\t\t\t\t\t\t\t\t\t\t\t\t\t\t\t\t\t\t\t\t\t\t\t\t\t\t\t\t\t\t\t\t\t\t\t\t\t\t\t\t<img decoding=\"async\" class=\"media-image \" loading=\"eager\" src=\"https:\/\/www.europesays.com\/de\/wp-content\/uploads\/2025\/10\/17435652_W400C1872x1248o0x0.jpg\" alt=\"Schienenersatzverkehr auf Regiostrecken nach Leipzig - Pendler zwischen Leipzig, D\u00f6beln und Chemnitz m\u00fcssen sich kommende Woche auf Versp\u00e4tungen einstellen. (Symbolbild)\"   style=\"&#10;&#9;&#9;&#9;aspect-ratio:1872\/1248;&#10;&#9;&#9;&#9;background: url(data:image\/jpg;base64,\/9j\/4AAQSkZJRgABAQEASABIAAD\/2wBDAAUDBAQEAwUEBAQFBQUGBwwIBwcHBw8LCwkMEQ8SEhEPERETFhwXExQaFRERGCEYGh0dHx8fExciJCIeJBweHx7\/2wBDAQUFBQcGBw4ICA4eFBEUHh4eHh4eHh4eHh4eHh4eHh4eHh4eHh4eHh4eHh4eHh4eHh4eHh4eHh4eHh4eHh4eHh7\/wAARCAAHAAoDASIAAhEBAxEB\/8QAFgABAQEAAAAAAAAAAAAAAAAAAAMG\/8QAIRAAAQMEAQUAAAAAAAAAAAAAAQIDBAAGERIFFCExYYH\/xAAUAQEAAAAAAAAAAAAAAAAAAAAC\/8QAFxEBAAMAAAAAAAAAAAAAAAAAAgADUf\/aAAwDAQACEQMRAD8AvyV2Xhz60xJ8mO\/KKBq09IUoJPrDYT9zWSk25dXUu73AWlbnKA2ghJz4zr3xSlJWvYzUMn\/\/2Q==) no-repeat left top; background-size: cover;&#9;&#9;&#9;width: 100%;&#9;&#9;\"\/><\/p>\n<p>\n\t\t\t\t\t\t\t\t\tPendler zwischen Leipzig, D\u00f6beln und Chemnitz m\u00fcssen sich kommende Woche auf Versp\u00e4tungen einstellen. (Symbolbild) Foto: Jan Woitas\/dpa\n\t\t\t\t\t\t\t\t<\/p>\n<\/li>\n<\/ul>\n<p>\t\t\t\t\t\t\t\t\t\t\t\t\t\t\t\t\t\t\t\t\t\t\t\t\t\t\t\t\t\t<b class=\"ortsmarke\">Leipzig.<\/b>\u00a0<\/p>\n<p>Bahnpendler und Reisende brauchen ab dem kommenden Montag starke Nerven: Auf den Regiostrecken zwischen Leipzig und D\u00f6beln und Leipzig und <a href=\"https:\/\/www.blick.de\/thema\/ort\/chemnitz\" title=\"Nachrichten f\u00fcr den Ort: Chemnitz\" class=\"internal-article-link\" data-ct=\"ENTITY\/LOCATION\/CHEMNITZ\" rel=\"nofollow noopener\" target=\"_blank\">Chemnitz<\/a> kommt es die gesamte Woche \u00fcber teilweise zu Schienenersatzverkehr. Es komme deshalb voraussichtlich zu Versp\u00e4tungen, teilte die <a href=\"https:\/\/www.blick.de\/thema\/organisation\/mitteldeutsche+regiobahn\" title=\"Nachrichten zu: Mitteldeutsche Regiobahn\" class=\"internal-article-link\" data-ct=\"ENTITY\/ORGANISATION\/MITTELDEUTSCHE-REGIOBAHN\" rel=\"nofollow noopener\" target=\"_blank\">Mitteldeutsche Regiobahn<\/a> mit. Fahrr\u00e4der und E-Roller k\u00f6nnen in den eingesetzten Bussen zudem nur eingeschr\u00e4nkt mitgenommen werden.\u00a0<\/p>\n<p>Betroffen sind die Abschnitte der Linien RB110 zwischen Leipzig Hauptbahnhof und Borsdorf sowie der Linie R6 zwischen Leipzig Hauptbahnhof und Bad Lausick bei ausgew\u00e4hlten Abfahrten in den Abend- und Nachtstunden, hei\u00dft es weiter. Die Fahrt von Leipzig nach Chemnitz am Samstagabend, dem 25. Oktober, kurz vor Mitternacht muss zudem auf der gesamten Strecke mit Schienenersatzverkehr stattfinden. Hintergrund sind Bauarbeiten der DB InfraGo AG. Reisende werden gebeten, sich vor Ort an den Bahnh\u00f6fen und online nach Abweichungen und \u00c4nderungen zu erkundigen.<\/p>\n","protected":false},"excerpt":{"rendered":"Schienenersatzverkehr auf Regiostrecken nach Leipzig Bahnverkehr Bauarbeiten sorgen ab Montag f\u00fcr Schienenersatzverkehr auf mehreren Regiostrecken ab Leipzig. Auch&hellip;\n","protected":false},"author":2,"featured_media":507927,"comment_status":"","ping_status":"","sticky":false,"template":"","format":"standard","meta":{"footnotes":""},"categories":[1832],"tags":[1739,3364,29,30,71,859],"class_list":{"0":"post-507926","1":"post","2":"type-post","3":"status-publish","4":"format-standard","5":"has-post-thumbnail","7":"category-leipzig","8":"tag-bahn","9":"tag-de","10":"tag-deutschland","11":"tag-germany","12":"tag-leipzig","13":"tag-sachsen"},"share_on_mastodon":{"url":"https:\/\/pubeurope.com\/@de\/115394260848067246","error":""},"_links":{"self":[{"href":"https:\/\/www.europesays.com\/de\/wp-json\/wp\/v2\/posts\/507926","targetHints":{"allow":["GET"]}}],"collection":[{"href":"https:\/\/www.europesays.com\/de\/wp-json\/wp\/v2\/posts"}],"about":[{"href":"https:\/\/www.europesays.com\/de\/wp-json\/wp\/v2\/types\/post"}],"author":[{"embeddable":true,"href":"https:\/\/www.europesays.com\/de\/wp-json\/wp\/v2\/users\/2"}],"replies":[{"embeddable":true,"href":"https:\/\/www.europesays.com\/de\/wp-json\/wp\/v2\/comments?post=507926"}],"version-history":[{"count":0,"href":"https:\/\/www.europesays.com\/de\/wp-json\/wp\/v2\/posts\/507926\/revisions"}],"wp:featuredmedia":[{"embeddable":true,"href":"https:\/\/www.europesays.com\/de\/wp-json\/wp\/v2\/media\/507927"}],"wp:attachment":[{"href":"https:\/\/www.europesays.com\/de\/wp-json\/wp\/v2\/media?parent=507926"}],"wp:term":[{"taxonomy":"category","embeddable":true,"href":"https:\/\/www.europesays.com\/de\/wp-json\/wp\/v2\/categories?post=507926"},{"taxonomy":"post_tag","embeddable":true,"href":"https:\/\/www.europesays.com\/de\/wp-json\/wp\/v2\/tags?post=507926"}],"curies":[{"name":"wp","href":"https:\/\/api.w.org\/{rel}","templated":true}]}}