{"id":507930,"date":"2025-10-18T08:38:15","date_gmt":"2025-10-18T08:38:15","guid":{"rendered":"https:\/\/www.europesays.com\/de\/507930\/"},"modified":"2025-10-18T08:38:15","modified_gmt":"2025-10-18T08:38:15","slug":"eisstadion-an-der-brehmstrasse-hat-wieder-geoeffnet","status":"publish","type":"post","link":"https:\/\/www.europesays.com\/de\/507930\/","title":{"rendered":"Eisstadion an der Brehmstra\u00dfe hat wieder ge\u00f6ffnet"},"content":{"rendered":"<p><a class=\"shariff share__button btn btn-floating btn-dark\" data-services=\"facebook\" target=\"_blank\" data-useplain=\"true\"><\/a><a class=\"shariff share__button btn btn-floating btn-dark\" data-services=\"mail\" data-useplain=\"true\" data-mail-url=\"mailto:\" data-mail-body=\"Hallo! Hier ist ein interessanter Link f\u00fcr Dich: {url}  -  Viele Gr\u00fc\u00dfe\"><\/a><a class=\"shariff share__button btn btn-floating btn-dark\" data-services=\"twitter\" target=\"_blank\" data-useplain=\"true\"><\/a><\/p>\n<p>Nach unerwarteten Reparaturen an der K\u00e4lteanlage startet die Eislaufsaison 2025\/2026 mit etwas Versp\u00e4tung. <\/p>\n<p>Zus\u00e4tzliche Eislaufzeiten<\/p>\n<p>Die Stadt hat die Zeit genutzt, um die Technik fit zu machen \u2013 passend zum 90-j\u00e4hrigen Jubil\u00e4um des Stadions. Als Dank f\u00fcr die Geduld der D\u00fcsseldorfer gibt es in der zweiten Woche der <a href=\"https:\/\/www.antenneduesseldorf.de\/artikel\/herbstferien-in-duesseldorf-tipps-fuer-familien-2465249.html\" rel=\"noopener noreferrer\" target=\"_blank\">Herbstferien<\/a> zus\u00e4tzliche Eislaufzeiten. <\/p>\n<p>Weitere Infos und Links zum Thema: <\/p>\n<p><a href=\"https:\/\/www.duesseldorf.de\/medienportal\/pressedienst-einzelansicht\/pld\/eisstadion-brehmstrasse-saison-startet-am-18-oktober\" rel=\"noopener noreferrer\" target=\"_blank\">Die aktuelle Meldung der Stadt\u00a0<\/a><\/p>\n<p><a href=\"https:\/\/www.antenneduesseldorf.de\/artikel\/eislaufsaison-an-der-brehmstrasse-startet-spaeter-2420530.html\" rel=\"noopener noreferrer\" target=\"_blank\">Unsere Meldung zur Verz\u00f6gerung<\/a><\/p>\n<p><a href=\"https:\/\/www.antenneduesseldorf.de\/programm\/deg-kompakt.html\" rel=\"noopener noreferrer\" target=\"_blank\">DEG kompakt auf unserer Homepage<\/a><\/p>\n<p>Folge uns f\u00fcr mehr News &amp; Updates:<\/p>\n<p><a href=\"https:\/\/www.antenneduesseldorf.de\/service\/radioplayer.html?radiochannel=live\" rel=\"noopener noreferrer\" target=\"_blank\">Livestream<\/a> | <a href=\"https:\/\/www.instagram.com\/antenne_duesseldorf\/?hl=de\" rel=\"noopener noreferrer\" target=\"_blank\">Instagram<\/a> | <a href=\"https:\/\/www.facebook.com\/antenneduesseldorf\/?locale=de_DE\" rel=\"noopener noreferrer\" target=\"_blank\">Facebook<\/a> | <a href=\"https:\/\/www.whatsapp.com\/channel\/0029VaVMRhHC6Zvi1qpXz42Y\" rel=\"noopener noreferrer\" target=\"_blank\">WhatsApp-Kanal<\/a><\/p>\n<p><script async src=\"\/\/www.instagram.com\/embed.js\"><\/script><\/p>\n","protected":false},"excerpt":{"rendered":"Nach unerwarteten Reparaturen an der K\u00e4lteanlage startet die Eislaufsaison 2025\/2026 mit etwas Versp\u00e4tung. Zus\u00e4tzliche Eislaufzeiten Die Stadt hat&hellip;\n","protected":false},"author":2,"featured_media":507931,"comment_status":"","ping_status":"","sticky":false,"template":"","format":"standard","meta":{"footnotes":""},"categories":[1831],"tags":[126667,125302,3364,29,3405,30,1209],"class_list":{"0":"post-507930","1":"post","2":"type-post","3":"status-publish","4":"format-standard","5":"has-post-thumbnail","7":"category-duesseldorf","8":"tag-brehmstrae","9":"tag-eisbahn","10":"tag-de","11":"tag-deutschland","12":"tag-duesseldorf","13":"tag-germany","14":"tag-nordrhein-westfalen"},"share_on_mastodon":{"url":"https:\/\/pubeurope.com\/@de\/115394268705121503","error":""},"_links":{"self":[{"href":"https:\/\/www.europesays.com\/de\/wp-json\/wp\/v2\/posts\/507930","targetHints":{"allow":["GET"]}}],"collection":[{"href":"https:\/\/www.europesays.com\/de\/wp-json\/wp\/v2\/posts"}],"about":[{"href":"https:\/\/www.europesays.com\/de\/wp-json\/wp\/v2\/types\/post"}],"author":[{"embeddable":true,"href":"https:\/\/www.europesays.com\/de\/wp-json\/wp\/v2\/users\/2"}],"replies":[{"embeddable":true,"href":"https:\/\/www.europesays.com\/de\/wp-json\/wp\/v2\/comments?post=507930"}],"version-history":[{"count":0,"href":"https:\/\/www.europesays.com\/de\/wp-json\/wp\/v2\/posts\/507930\/revisions"}],"wp:featuredmedia":[{"embeddable":true,"href":"https:\/\/www.europesays.com\/de\/wp-json\/wp\/v2\/media\/507931"}],"wp:attachment":[{"href":"https:\/\/www.europesays.com\/de\/wp-json\/wp\/v2\/media?parent=507930"}],"wp:term":[{"taxonomy":"category","embeddable":true,"href":"https:\/\/www.europesays.com\/de\/wp-json\/wp\/v2\/categories?post=507930"},{"taxonomy":"post_tag","embeddable":true,"href":"https:\/\/www.europesays.com\/de\/wp-json\/wp\/v2\/tags?post=507930"}],"curies":[{"name":"wp","href":"https:\/\/api.w.org\/{rel}","templated":true}]}}