{"id":507938,"date":"2025-10-18T08:42:10","date_gmt":"2025-10-18T08:42:10","guid":{"rendered":"https:\/\/www.europesays.com\/de\/507938\/"},"modified":"2025-10-18T08:42:10","modified_gmt":"2025-10-18T08:42:10","slug":"frankfurt-frau-greift-polizisten-mit-scherben-an-regional","status":"publish","type":"post","link":"https:\/\/www.europesays.com\/de\/507938\/","title":{"rendered":"Frankfurt: Frau greift Polizisten mit Scherben an | Regional"},"content":{"rendered":"<p>Frankfurt \u2013 <b>Ein freilaufender Hund sorgte am Freitagnachmittag, 17.10.2025, f\u00fcr Aufregung am Mainberg.<\/b><\/p>\n<p>Gegen 16:10 Uhr meldeten mehrere Passanten den Vorfall. Die Polizei r\u00fcckte aus und fing das Tier ein. Doch dann wurde es brenzlig: Eine Frau, die sich f\u00fcr den Hund verantwortlich zeigte, geriet mit den Beamten aneinander.<\/p>\n<p>Auch interessant<\/p>\n<p>Anzeige<\/p>\n<p>Auch interessant<\/p>\n<p>Anzeige<\/p>\n<p>Als die Beamten die Personalien der 43-J\u00e4hrigen \u00fcberpr\u00fcfen wollten, griff sie pl\u00f6tzlich zu Scherben vom Boden und ging auf die Polizisten los. Trotz Aufforderung lie\u00df sie die Scherben nicht fallen und wurde festgenommen. Dabei trat sie einer Polizistin gegen den Kopf.<\/p>\n<p>Ohne Ausweispapiere wurde die Frau aufs Revier gebracht, wo sie sich weiter widersetzte. Nach Feststellung ihrer Identit\u00e4t kam sie in eine psychiatrische Klinik, die jedoch keinen Grund f\u00fcr eine Aufnahme sah. Schlie\u00dflich wurde sie nach Hause entlassen.<\/p>\n<p>Die verletzte Polizistin musste ihren Dienst abbrechen.<\/p>\n<p>Dieser Text basiert auf einer offiziellen Beh\u00f6rden-Information und wurde mit Hilfe von KI erstellt.<\/p>\n","protected":false},"excerpt":{"rendered":"Frankfurt \u2013 Ein freilaufender Hund sorgte am Freitagnachmittag, 17.10.2025, f\u00fcr Aufregung am Mainberg. Gegen 16:10 Uhr meldeten mehrere&hellip;\n","protected":false},"author":2,"featured_media":464098,"comment_status":"","ping_status":"","sticky":false,"template":"","format":"standard","meta":{"footnotes":""},"categories":[1829],"tags":[29,2050,2051,30,1000,2052,2509,121,45,1995],"class_list":{"0":"post-507938","1":"post","2":"type-post","3":"status-publish","4":"format-standard","5":"has-post-thumbnail","7":"category-frankfurt-am-main","8":"tag-deutschland","9":"tag-frankfurt","10":"tag-frankfurt-am-main","11":"tag-germany","12":"tag-gewalt","13":"tag-hessen","14":"tag-ki-ots","15":"tag-polizei","16":"tag-texttospeech","17":"tag-verbrechen"},"share_on_mastodon":{"url":"https:\/\/pubeurope.com\/@de\/115394284378873520","error":""},"_links":{"self":[{"href":"https:\/\/www.europesays.com\/de\/wp-json\/wp\/v2\/posts\/507938","targetHints":{"allow":["GET"]}}],"collection":[{"href":"https:\/\/www.europesays.com\/de\/wp-json\/wp\/v2\/posts"}],"about":[{"href":"https:\/\/www.europesays.com\/de\/wp-json\/wp\/v2\/types\/post"}],"author":[{"embeddable":true,"href":"https:\/\/www.europesays.com\/de\/wp-json\/wp\/v2\/users\/2"}],"replies":[{"embeddable":true,"href":"https:\/\/www.europesays.com\/de\/wp-json\/wp\/v2\/comments?post=507938"}],"version-history":[{"count":0,"href":"https:\/\/www.europesays.com\/de\/wp-json\/wp\/v2\/posts\/507938\/revisions"}],"wp:featuredmedia":[{"embeddable":true,"href":"https:\/\/www.europesays.com\/de\/wp-json\/wp\/v2\/media\/464098"}],"wp:attachment":[{"href":"https:\/\/www.europesays.com\/de\/wp-json\/wp\/v2\/media?parent=507938"}],"wp:term":[{"taxonomy":"category","embeddable":true,"href":"https:\/\/www.europesays.com\/de\/wp-json\/wp\/v2\/categories?post=507938"},{"taxonomy":"post_tag","embeddable":true,"href":"https:\/\/www.europesays.com\/de\/wp-json\/wp\/v2\/tags?post=507938"}],"curies":[{"name":"wp","href":"https:\/\/api.w.org\/{rel}","templated":true}]}}