{"id":507939,"date":"2025-10-18T08:43:14","date_gmt":"2025-10-18T08:43:14","guid":{"rendered":"https:\/\/www.europesays.com\/de\/507939\/"},"modified":"2025-10-18T08:43:14","modified_gmt":"2025-10-18T08:43:14","slug":"frau-greift-polizei-in-hoechst-mit-scherbe-an-beamtin-verletzt","status":"publish","type":"post","link":"https:\/\/www.europesays.com\/de\/507939\/","title":{"rendered":"Frau greift Polizei in H\u00f6chst mit Scherbe an \u2013 Beamtin verletzt"},"content":{"rendered":"<p>Angriff in H\u00f6chst <\/p>\n<p>Frau greift Polizisten mit Scherbe an und verletzt Beamtin<\/p>\n<p>18.10.2025 &#8211; 10:12 UhrLesedauer: 1 Min.<\/p>\n<p><a href=\"#focus-0\" class=\"transition-colors duration-200 block text-current relative\" data-sctrack=\"FocusGalleryImage.Reference\"><img fetchpriority=\"high\" data-testid=\"Opener.Image\" style=\"--lqipURL:url('https:\/\/images.t-online.de\/2025\/10\/1AIxJRVuIpDC\/0x206:4000x2250\/fit-in\/150x0\/filters:blur(25)\/ein-streifenwagen-vor-der-frankfurter-skyline-archivbild-weil-die-frau-keine-ausweispapiere-dabeihatte-wurde-sie-mit-aufs-revier-genommen.jpg')\"   loading=\"eager\" src=\"https:\/\/www.europesays.com\/de\/wp-content\/uploads\/2025\/10\/ein-streifenwagen-vor-der-frankfurter-skyline-archivbild-weil-die-frau-keine-ausweispapiere-dabeihat.jpeg\" alt=\"Ein Streifenwagen vor der Frankfurter Skyline (Archivbild): Weil die Frau keine Ausweispapiere dabeihatte, wurde sie mit aufs Revier genommen.\" title=\"Ein Streifenwagen vor der Frankfurter Skyline (Archivbild): Weil die Frau keine Ausweispapiere dabeihatte, wurde sie mit aufs Revier genommen.\" width=\"4000\" height=\"2250\" class=\"bg-[url:var(--lqipURL)] bg-cover bg-center flex h-full w-full max-w-full\" decoding=\"async\"\/><img style=\"--width:32;--height:32\" loading=\"lazy\" src=\"https:\/\/frankfurt.t-online.de\/s\/paper\/_next\/static\/media\/zoom-in.f7dae02f.svg\" alt=\"Vergr\u00f6\u00dfern des Bildes\" title=\"Vergr\u00f6\u00dfern des Bildes\" class=\"block h-[calc(var(--height)_\/_16_*_1rem)] w-[calc(var(--width)_\/_16_*_1rem)] max-w-none absolute bottom-8 right-8 rounded-4 bg-snow p-8\" decoding=\"async\"\/><\/a><\/p>\n<p>Ein Streifenwagen vor der Frankfurter Skyline (Archivbild): Weil die Frau keine Ausweispapiere dabeihatte, wurde sie mit aufs Revier genommen. (Quelle: IMAGO \/ brennweiteffm)<\/p>\n<p class=\"font-bold text-18 leading-17\">Polizisten fangen in H\u00f6chst einen ausgeb\u00fcxten Hund ein. Bei der Kontrolle der Besitzerin eskaliert die Situation pl\u00f6tzlich.<\/p>\n<p class=\"text-18 leading-17\">Eine Frau hat am Freitagnachmittag in Frankfurt mehrere Polizisten mit einer Glasscherbe angegriffen und eine Beamtin verletzt. Die Polizisten hatten zuvor einen freilaufenden Hund am Mainberg im Stadtteil H\u00f6chst eingefangen, als sie von der 43-J\u00e4hrigen angesprochen wurden. Diese gab sich nach Polizeiangaben als Besitzerin des Tiers aus.<\/p>\n<p class=\"text-18 leading-17\">Im Rahmen einer daraufhin erfolgten Personenkontrolle habe sich die Frau zun\u00e4chst entfernt, ehe sie eine Glasscherbe vom Boden aufgehoben und damit auf die Beamten losgegangen sei. Weil sie die Scherbe trotz Aufforderung nicht fallen lie\u00df, wurde sie festgenommen. Dabei setzte sie sich laut Polizei zur Wehr und trat einer Beamtin gegen den Kopf.<\/p>\n<p class=\"text-18 leading-17\">Da die 43-J\u00e4hrige keine Ausweispapier dabeihatte, wurde sie mit aufs Revier genommen. Auch dort habe sie sich den Ma\u00dfnahmen widersetzt. Nach Feststellung ihrer Identit\u00e4t kam sie in eine psychiatrische Klinik. In dieser habe jedoch kein Grund f\u00fcr eine Aufnahme festgestellt werden k\u00f6nnen. Daher wurde die Frau im Anschluss nach Hause entlassen. Die verletzte Polizistin konnte ihren Dienst nicht fortsetzen.<\/p>\n","protected":false},"excerpt":{"rendered":"Angriff in H\u00f6chst Frau greift Polizisten mit Scherbe an und verletzt Beamtin 18.10.2025 &#8211; 10:12 UhrLesedauer: 1 Min.&hellip;\n","protected":false},"author":2,"featured_media":507940,"comment_status":"","ping_status":"","sticky":false,"template":"","format":"standard","meta":{"footnotes":""},"categories":[1829],"tags":[29,2050,2051,30,2052,39347],"class_list":{"0":"post-507939","1":"post","2":"type-post","3":"status-publish","4":"format-standard","5":"has-post-thumbnail","7":"category-frankfurt-am-main","8":"tag-deutschland","9":"tag-frankfurt","10":"tag-frankfurt-am-main","11":"tag-germany","12":"tag-hessen","13":"tag-hoechst"},"share_on_mastodon":{"url":"https:\/\/pubeurope.com\/@de\/115394289574707933","error":""},"_links":{"self":[{"href":"https:\/\/www.europesays.com\/de\/wp-json\/wp\/v2\/posts\/507939","targetHints":{"allow":["GET"]}}],"collection":[{"href":"https:\/\/www.europesays.com\/de\/wp-json\/wp\/v2\/posts"}],"about":[{"href":"https:\/\/www.europesays.com\/de\/wp-json\/wp\/v2\/types\/post"}],"author":[{"embeddable":true,"href":"https:\/\/www.europesays.com\/de\/wp-json\/wp\/v2\/users\/2"}],"replies":[{"embeddable":true,"href":"https:\/\/www.europesays.com\/de\/wp-json\/wp\/v2\/comments?post=507939"}],"version-history":[{"count":0,"href":"https:\/\/www.europesays.com\/de\/wp-json\/wp\/v2\/posts\/507939\/revisions"}],"wp:featuredmedia":[{"embeddable":true,"href":"https:\/\/www.europesays.com\/de\/wp-json\/wp\/v2\/media\/507940"}],"wp:attachment":[{"href":"https:\/\/www.europesays.com\/de\/wp-json\/wp\/v2\/media?parent=507939"}],"wp:term":[{"taxonomy":"category","embeddable":true,"href":"https:\/\/www.europesays.com\/de\/wp-json\/wp\/v2\/categories?post=507939"},{"taxonomy":"post_tag","embeddable":true,"href":"https:\/\/www.europesays.com\/de\/wp-json\/wp\/v2\/tags?post=507939"}],"curies":[{"name":"wp","href":"https:\/\/api.w.org\/{rel}","templated":true}]}}