{"id":507943,"date":"2025-10-18T08:45:18","date_gmt":"2025-10-18T08:45:18","guid":{"rendered":"https:\/\/www.europesays.com\/de\/507943\/"},"modified":"2025-10-18T08:45:18","modified_gmt":"2025-10-18T08:45:18","slug":"schwer-verletzte-person-aus-brennender-wohnung-in-bickendorf-gerettet","status":"publish","type":"post","link":"https:\/\/www.europesays.com\/de\/507943\/","title":{"rendered":"Schwer verletzte Person aus brennender Wohnung in Bickendorf gerettet"},"content":{"rendered":"<p>Feuerwehreinsatz in Bickendorf <\/p>\n<p>Schwer verletzte Person aus brennender Wohnung gerettet<\/p>\n<p>18.10.2025 &#8211; 10:33 UhrLesedauer: 1 Min.<\/p>\n<p><a href=\"#focus-0\" class=\"transition-colors duration-200 block text-current relative\" data-sctrack=\"FocusGalleryImage.Reference\"><img fetchpriority=\"high\" data-testid=\"Opener.Image\" style=\"--lqipURL:url('https:\/\/images.t-online.de\/2025\/10\/WM5W6UUDXGrv\/0x183:3514x1977\/fit-in\/150x0\/filters:blur(25)\/ein-feuerwehrauto-auf-einsatzfahrt-in-koeln-archivbild.jpg')\"   loading=\"eager\" src=\"https:\/\/www.europesays.com\/de\/wp-content\/uploads\/2025\/10\/ein-feuerwehrauto-auf-einsatzfahrt-in-koeln-archivbild.jpg\" alt=\"Ein Feuerwehrauto auf Einsatzfahrt in K\u00f6ln (Archivbild):\" title=\"Ein Feuerwehrauto auf Einsatzfahrt in K\u00f6ln (Archivbild):\" width=\"3514\" height=\"1977\" class=\"bg-[url:var(--lqipURL)] bg-cover bg-center flex h-full w-full max-w-full\" decoding=\"async\"\/><img style=\"--width:32;--height:32\" loading=\"lazy\" src=\"https:\/\/www.t-online.de\/s\/paper\/_next\/static\/media\/zoom-in.f7dae02f.svg\" alt=\"Vergr\u00f6\u00dfern des Bildes\" title=\"Vergr\u00f6\u00dfern des Bildes\" class=\"block h-[calc(var(--height)_\/_16_*_1rem)] w-[calc(var(--width)_\/_16_*_1rem)] max-w-none absolute bottom-8 right-8 rounded-4 bg-snow p-8\" decoding=\"async\"\/><\/a><\/p>\n<p>Ein Feuerwehrauto auf Einsatzfahrt in K\u00f6ln (Archivbild): Die Brandursache ist noch unklar. (Quelle: IMAGO\/Maximilian Koch)<\/p>\n<p class=\"font-bold text-18 leading-17\">Die Feuerwehr rettete am fr\u00fchen Samstagmorgen eine Person aus einer brennenden Wohnung in K\u00f6ln-Bickendorf. Viele Fragen sind noch offen.<\/p>\n<p class=\"text-18 leading-17\">Die Feuerwehr hat am fr\u00fchen Samstagmorgen einen schwer verletzten Menschen aus einer brennenden Wohnung in <a class=\"transition-colors duration-200 cursor-pointer text-inherit no-underline text-salemsfur md:hover:text-magenta md:hover:border-magenta md:focus:text-magenta border-current border-b border-solid break-words\" href=\"https:\/\/www.t-online.de\/region\/koeln\/\" data-sctrack=\"BodyAnchor\" target=\"_blank\" rel=\"noopener\">K\u00f6ln<\/a> gerettet. Wie die Feuerwehr mitteilte, war die Wohnung im dritten Stock eines Hauses am fr\u00fchen Morgen in Brand geraten. Mehrere Anrufer meldeten demnach eine um Hilfe rufende Person am Fenster im Stadtteil Bickendorf.<\/p>\n<p class=\"text-18 leading-17\">Die Einsatzkr\u00e4fte retteten die Person mit einer Drehleiter und brachten sie mit schweren Brandverletzungen in eine Spezialklinik. Ein Polizeisprecher erkl\u00e4rte am Morgen, dass die Identit\u00e4t der geretteten Person noch nicht eindeutig gekl\u00e4rt sei. Auch die Brandursache sei noch unklar. Die Ermittlungen dauern an.<\/p>\n","protected":false},"excerpt":{"rendered":"Feuerwehreinsatz in Bickendorf Schwer verletzte Person aus brennender Wohnung gerettet 18.10.2025 &#8211; 10:33 UhrLesedauer: 1 Min. Ein Feuerwehrauto&hellip;\n","protected":false},"author":2,"featured_media":507944,"comment_status":"","ping_status":"","sticky":false,"template":"","format":"standard","meta":{"footnotes":""},"categories":[1828],"tags":[722,17161,65774,19437,29,13384,985,12727,3401,30,1420,1209],"class_list":{"0":"post-507943","1":"post","2":"type-post","3":"status-publish","4":"format-standard","5":"has-post-thumbnail","7":"category-koeln","8":"tag-722","9":"tag-17161","10":"tag-bickendorf","11":"tag-brandursache","12":"tag-deutschland","13":"tag-einsatzfahrt","14":"tag-feuerwehr","15":"tag-feuerwehrauto","16":"tag-feuerwehreinsatz","17":"tag-germany","18":"tag-koeln","19":"tag-nordrhein-westfalen"},"share_on_mastodon":{"url":"https:\/\/pubeurope.com\/@de\/115394296350994688","error":""},"_links":{"self":[{"href":"https:\/\/www.europesays.com\/de\/wp-json\/wp\/v2\/posts\/507943","targetHints":{"allow":["GET"]}}],"collection":[{"href":"https:\/\/www.europesays.com\/de\/wp-json\/wp\/v2\/posts"}],"about":[{"href":"https:\/\/www.europesays.com\/de\/wp-json\/wp\/v2\/types\/post"}],"author":[{"embeddable":true,"href":"https:\/\/www.europesays.com\/de\/wp-json\/wp\/v2\/users\/2"}],"replies":[{"embeddable":true,"href":"https:\/\/www.europesays.com\/de\/wp-json\/wp\/v2\/comments?post=507943"}],"version-history":[{"count":0,"href":"https:\/\/www.europesays.com\/de\/wp-json\/wp\/v2\/posts\/507943\/revisions"}],"wp:featuredmedia":[{"embeddable":true,"href":"https:\/\/www.europesays.com\/de\/wp-json\/wp\/v2\/media\/507944"}],"wp:attachment":[{"href":"https:\/\/www.europesays.com\/de\/wp-json\/wp\/v2\/media?parent=507943"}],"wp:term":[{"taxonomy":"category","embeddable":true,"href":"https:\/\/www.europesays.com\/de\/wp-json\/wp\/v2\/categories?post=507943"},{"taxonomy":"post_tag","embeddable":true,"href":"https:\/\/www.europesays.com\/de\/wp-json\/wp\/v2\/tags?post=507943"}],"curies":[{"name":"wp","href":"https:\/\/api.w.org\/{rel}","templated":true}]}}