{"id":507955,"date":"2025-10-18T08:51:28","date_gmt":"2025-10-18T08:51:28","guid":{"rendered":"https:\/\/www.europesays.com\/de\/507955\/"},"modified":"2025-10-18T08:51:28","modified_gmt":"2025-10-18T08:51:28","slug":"ressourcenmangel-an-der-panke-sucht-einen-volo-m-w-d-in-berlin","status":"publish","type":"post","link":"https:\/\/www.europesays.com\/de\/507955\/","title":{"rendered":"Ressourcenmangel an der Panke sucht einen Volo (m\/w\/d) in Berlin"},"content":{"rendered":"<p>Kunden der Agentur sind Ministerien und Verb\u00e4nde, Hidden Champions und die Leuchtt\u00fcrme der deutschen Wirtschaft. Ressourcenmangel an der Panke entwickelt Kampagnen, digitale Plattformen und redaktionelle Konzepte \u2013 von der strategischen Kernidee bis zur technischen Umsetzung. Credo: Wenn der Inhalt nicht h\u00e4lt, was die Packung verspricht, taugt beides nichts.<\/p>\n<p>Bewerber bringen ein Studium mit und haben vielleicht auch was Richtiges in einer Ausbildung gelernt. Auf jeden Fall aber schreiberische Erfahrung ab Sch\u00fclerzeitung aufw\u00e4rts. Man schreibt nicht blo\u00df aus Lust und Laune, sondern hat auch schon mal Geld bekommen daf\u00fcr. Vielleicht von einer Tageszeitung, einer Werbeagentur, von Radio oder Fernsehen. Erwartet wird, dass man schnell schreibt, nicht nur ein Thema kann und Freude daran hat, Stile und Textsorten auszuprobieren.<\/p>\n<p>Wichtig ist ein Gesp\u00fcr nicht allein f\u00fcr Sprache, sondern f\u00fcr politische, wirtschaftliche, gesellschaftliche und kulturelle Zusammenh\u00e4nge. Eine selbstst\u00e4ndige, strukturierte und l\u00f6sungsorientierte und kreative Arbeitsweise gepaart mit Kommunikationsst\u00e4rke und Teamgeist ist Pflicht. Exzellente Sprachkenntnisse in Wort und Schrift sind eine Voraussetzung. Kommasetzung muss mehr sein als ein Gef\u00fchl.<\/p>\n<p>Freuen darf man sich auf ein Redaktionsteam aus Vollprofis. Geboten wird ein st\u00fcrmischer Platz oben auf dem Ausguck, von dem aus man sieht, wie das Land hinter den Kulissen funktioniert. Im Zusammenspiel mit den Kolleginnen und Kollegen sowie Kundinnen und Kunden gibt es nicht nur Learnings, sondern echtes Lernen \u2013 f\u00fcr jetzt und f\u00fcr sp\u00e4ter.<\/p>\n<p><a href=\"https:\/\/kress.de\/jobs\/job-details\/38297-volo-m-w-d-k-a.html\" target=\"_blank\" rel=\"noopener\">Mehr Informationen zu diesem Job gibt&#8217;s hier.<\/a><\/p>\n<p><img loading=\"lazy\" decoding=\"async\" alt=\"\" height=\"1\" src=\"https:\/\/www.europesays.com\/de\/wp-content\/uploads\/2025\/10\/320f9f240d0f4bfbb5d45b81302177b2.gif\" width=\"1\"\/><\/p>\n","protected":false},"excerpt":{"rendered":"Kunden der Agentur sind Ministerien und Verb\u00e4nde, Hidden Champions und die Leuchtt\u00fcrme der deutschen Wirtschaft. Ressourcenmangel an der&hellip;\n","protected":false},"author":2,"featured_media":1791,"comment_status":"","ping_status":"","sticky":false,"template":"","format":"standard","meta":{"footnotes":""},"categories":[1825],"tags":[4820,1941,1939,3886,296,1937,29,30,1942,1710,3930,1946,1947,62,1948,1940,1938,56337,126670,10275],"class_list":{"0":"post-507955","1":"post","2":"type-post","3":"status-publish","4":"format-standard","5":"has-post-thumbnail","7":"category-berlin","8":"tag-agentur","9":"tag-aktuelle-nachrichten-aus-berlin","10":"tag-aktuelle-news-aus-berlin","11":"tag-ausbildung","12":"tag-berlin","13":"tag-berlin-news","14":"tag-deutschland","15":"tag-germany","16":"tag-job","17":"tag-karriere","18":"tag-kommunikation","19":"tag-kress","20":"tag-kress-pro","21":"tag-medien","22":"tag-mediendienst","23":"tag-nachrichten-aus-berlin","24":"tag-news-aus-berlin","25":"tag-ressourcenmangel","26":"tag-volontariat","27":"tag-werbung"},"share_on_mastodon":{"url":"https:\/\/pubeurope.com\/@de\/115394320474190274","error":""},"_links":{"self":[{"href":"https:\/\/www.europesays.com\/de\/wp-json\/wp\/v2\/posts\/507955","targetHints":{"allow":["GET"]}}],"collection":[{"href":"https:\/\/www.europesays.com\/de\/wp-json\/wp\/v2\/posts"}],"about":[{"href":"https:\/\/www.europesays.com\/de\/wp-json\/wp\/v2\/types\/post"}],"author":[{"embeddable":true,"href":"https:\/\/www.europesays.com\/de\/wp-json\/wp\/v2\/users\/2"}],"replies":[{"embeddable":true,"href":"https:\/\/www.europesays.com\/de\/wp-json\/wp\/v2\/comments?post=507955"}],"version-history":[{"count":0,"href":"https:\/\/www.europesays.com\/de\/wp-json\/wp\/v2\/posts\/507955\/revisions"}],"wp:featuredmedia":[{"embeddable":true,"href":"https:\/\/www.europesays.com\/de\/wp-json\/wp\/v2\/media\/1791"}],"wp:attachment":[{"href":"https:\/\/www.europesays.com\/de\/wp-json\/wp\/v2\/media?parent=507955"}],"wp:term":[{"taxonomy":"category","embeddable":true,"href":"https:\/\/www.europesays.com\/de\/wp-json\/wp\/v2\/categories?post=507955"},{"taxonomy":"post_tag","embeddable":true,"href":"https:\/\/www.europesays.com\/de\/wp-json\/wp\/v2\/tags?post=507955"}],"curies":[{"name":"wp","href":"https:\/\/api.w.org\/{rel}","templated":true}]}}