{"id":507970,"date":"2025-10-18T08:59:16","date_gmt":"2025-10-18T08:59:16","guid":{"rendered":"https:\/\/www.europesays.com\/de\/507970\/"},"modified":"2025-10-18T08:59:16","modified_gmt":"2025-10-18T08:59:16","slug":"fame-fighting-3-live-ab-15-30-uhr-bei-bild-alle-infos-zum-grossen-box-spektakel-unterhaltung","status":"publish","type":"post","link":"https:\/\/www.europesays.com\/de\/507970\/","title":{"rendered":"Fame Fighting 3 live ab 15.30 Uhr bei BILD: Alle Infos zum gro\u00dfen Box-Spektakel! | Unterhaltung"},"content":{"rendered":"<p>Essen \u2013 <b>Das Warten hat ein Ende. Reality-Fans \u2013 und alle, die es noch werden wollen \u2013 aufgepasst: Ab 18 Uhr gibt\u2019s auf die Nuss! Fame Fighting geht in die dritte Runde und die streitlustigsten Promi-Boxer steigen in den Ring. Das d\u00fcrfen Sie nicht verpassen!<\/b><\/p>\n<p>Wo sonst Likes und Follower z\u00e4hlen, geht es heute um offene Rechnungen, Ehre, Stolz und harte Treffer! Wochenlang schuften die Promis im Training, schwitzen, bluten, weinen \u2013 f\u00fcr die wohl h\u00e4rteste Event-Show Deutschlands.<\/p>\n<p>Mehr zum ThemaSo hei\u00df werden die Fights!<\/p>\n<p>Hier wird nichts verschenkt, keiner geschont. In insgesamt elf gnadenlosen Fights wird es hei\u00df, laut \u2013 und brutal ehrlich! Denn auch au\u00dferhalb des Rings liefern sich die 20 Kontrahenten einen Schlagabtausch. Das macht die Fights ja so spannend! Denn pers\u00f6nliche Rache stachelt sie an.<\/p>\n<p><img decoding=\"async\" width=\"992\" height=\"661\" alt=\"Marvin Manson (31, l.) und Callum Izzard (30) treffen bei Fame Fighting 3 erneut aufeinander\" src=\"https:\/\/www.europesays.com\/de\/wp-content\/uploads\/2025\/10\/fc09bed39b984172a303a3e05cb0c102,828f1c77\"   class=\"dynamic\" loading=\"lazy\"\/><\/p>\n<p class=\"fig__caption__text\">Marvin Manson (31, l.) und Callum Izzard (30) treffen bei Fame Fighting 3 erneut aufeinander<\/p>\n<p>Foto: Marc Bremer<\/p>\n<p>Roter Teppich am 15.30 Uhr live bei BILD<\/p>\n<p>Bevor es in den Ring geht, hei\u00dft es f\u00fcr die K\u00e4mpfer: Blitzlichtgewitter!<\/p>\n<p><b>Ab 15.30 Uhr \u00fcbertr\u00e4gt BILD den roten Teppich des gro\u00dfen Boxspektakels. Der Liveticker von BILD startet ebenfalls um 15.30 Uhr \u2013 mit allen Highlights! Hier wird der hei\u00dfeste Gossip ausgetauscht, hier kommen die K\u00e4mpfer und VIP-G\u00e4ste ans Mikro!<\/b><\/p>\n<p>Wie war die letzte Nacht? Wer beefte sich noch Minuten vor dem Start mit wem? Wem dr\u00fccken die Promi-G\u00e4ste die Daumen? BILD nimmt Sie mit hinter die Kulissen und hautnah zu den Stars.<\/p>\n<p>Um 18 Uhr startet das Boxevent des Jahres<\/p>\n<p>Ab 18 Uhr ist Schluss mit der Quatscherei \u2013 jetzt wird geliefert! Im Ring z\u00e4hlt nur noch, wer die besseren F\u00e4uste und die st\u00e4rkeren Nerven hat. Freuen Sie sich auf \u00fcber f\u00fcnf Stunden pure Unterhaltung \u2013 Adrenalin, Drama und jede Menge Show inklusive. BILD \u00fcbertr\u00e4gt und tickert alle K\u00e4mpfe den ganzen Abend live.<\/p>\n<p><b>Wie Sie sich f\u00fcr den ultimativen Trash-Box-Abend wappnen?<\/b><\/p>\n<p>Neben einem BILDplus-Abo ben\u00f6tigen Sie den BILD-Fight-Pass. Als Neukunde kostet das BILDplus-Abo nur 1,99 Euro (monatlich k\u00fcndbar), den <a href=\"https:\/\/www.bild.de\/specials\/premium-event\/fame-fighting-noch-heute-den-fight-pass-sichern-67f3e2ac34eeb05559befdb3\" class=\"text-link\" target=\"_blank\" rel=\"noopener\">BILD-Fight-Pass<\/a> gibt es f\u00fcr einmalig 5 Euro.<\/p>\n<p>Mehr zum Thema<\/p>\n<p>BILDplus-Abonnenten, die den exklusiven Fight-Pass freigeschaltet haben, k\u00f6nnen das Box-Event live von zu Hause aus verfolgen. Am PC, in der Handy-App oder jetzt <a href=\"https:\/\/www.bild.de\/unterhaltung\/tv-fernsehformate\/so-einfach-gehts-fame-fighting-auf-dem-smart-tv-schauen-68b82ec201ad191d1ad5df00\" class=\"text-link\" target=\"_blank\" rel=\"noopener\">NEU in der \u201eBILD LIVE\u201c-Smart-TV-App<\/a> \u2013 in bester Streaming-Qualit\u00e4t!<\/p>\n<p>Fame-Fighting-Halle: HIER kloppen sich die Trash-TV-Stars<a class=\"anchor video-teaser__anchor\" href=\"https:\/\/www.bild.de\/specials\/premium-event\/fame-fighting-halle-hier-kloppen-sich-die-trash-tv-stars-68f24ada8cab75f7c5bb09a7\" target=\"_blank\" rel=\"noopener\"><img decoding=\"async\" width=\"992\" height=\"558\" alt=\"Teaser-Bild\" src=\"https:\/\/www.europesays.com\/de\/wp-content\/uploads\/2025\/10\/8cf58186cc10f0df631d5d062f4e8a6e,1f2ee99b\"   class=\"landscape teaser__image\" loading=\"lazy\"\/><\/a><\/p>\n<p>Quelle: BILD17.10.2025<\/p>\n<p>Premiere f\u00fcr das Fame-Fighting-Turnier<\/p>\n<p>Erstmals wird ein Turnier um den Schwergewichtstitel ausgetragen. Vier K\u00e4mpfer steigen in den Ring \u2013 am Ende wird einer zum ersten Heavyweight-Champion der Fame-Fighting-Geschichte. <\/p>\n<p>Im Halbfinale trifft Tobias Pietrek auf Juliano Fernandez und Aleks Petrovic auf Yasin Cilingir.<br \/>\nDie beiden Sieger stehen sich noch am selben Abend im Finale gegen\u00fcber \u2013 dort entscheidet sich, wer als Schwergewichts-K\u00f6nig nach Hause geht.<\/p>\n<p><img decoding=\"async\" width=\"992\" height=\"1240\" alt=\"Vier M\u00e4nner, ein Titel! Wer holt sich den ersten Turnier-Sieg bei Fame Fighting?\" src=\"https:\/\/www.europesays.com\/de\/wp-content\/uploads\/2025\/10\/cb55f1b6230624bed2323aa9020c9dec,ad5be732\"   class=\"dynamic\" loading=\"lazy\"\/><\/p>\n<p class=\"fig__caption__text\">Vier M\u00e4nner, ein Titel! Wer holt sich den ersten Turnier-Sieg bei Fame Fighting?<\/p>\n<p>Foto: Fame Fighting<\/p>\n<p>Die Kampfpaarungen des Abends<\/p>\n<p>\u25b6\ufe0e Filip Pavlovi\u0107 (31, Dschungelcamp) vs. Can Kaplan (29, \u201eDas Sommerhaus der Stars\u201c)<\/p>\n<p>\u25b6\ufe0e Aleks Petrovic (34, \u201eTemptation Island VIP\u201c) vs. Yasin Cilingir (34, \u201eLove Island\u201c)<\/p>\n<p>\u25b6\ufe0e Tobias Pietrek (35, \u201eLove Island\u201c) vs. Juliano Fernandez (27, \u201eTemptation Island VIP\u201c)<\/p>\n<p>Auch interessant<\/p>\n<p>Anzeige<\/p>\n<p>Auch interessant<\/p>\n<p>Anzeige<\/p>\n<p>\u25b6\ufe0e Gewinner Petrovic\/Cilingir gegen Gewinner Pietrek\/Fernandez<\/p>\n<p>\u25b6\ufe0e Tommy Pedroni (30, \u201eGermany Shore\u201c) vs. Calvin Steiner (24, \u201eGermany Shore\u201c)<\/p>\n<p>\u25b6\ufe0e Hati Su\u00e1rez (25, \u201eGermany Shore\u201c) vs. Jennifer Iglesias (27, \u201eAre You The One \u2013 Realitystars in Love\u201c)<\/p>\n<p>\u25b6\ufe0e Marvin Manson (31, \u201eTemptation Island VIP\u201c) vs. Callum Izzard (30, \u201eEx on the beach\u201c)<\/p>\n<p>\u25b6\ufe0e Raffaela Caramela (26, \u201eTemptation Island\u201c) vs. Franziska Apollonia (30, \u201eTemptation Island\u201c)<\/p>\n<p>\u25b6\ufe0e Daymian Wei\u00df (21, \u201eKampf der Realitystars\u201c) vs. Marco Cerullo (36, \u201eProminent getrennt\u201c)<\/p>\n<p>\u25b6\ufe0e Christo Manazidis (39, \u201eThe 50\u201c) vs. Andre Schiebler (34, YouTube-Star)<\/p>\n<p>\u25b6\ufe0e Oliver Ginkel (27, \u201eAre You The One \u2013 Realitystars in Love\u201c) vs. Idris Virgo (32, \u201eLove Island UK\u201c)<\/p>\n<p><img decoding=\"async\" width=\"992\" height=\"553\" alt=\"Die Fightcard des Abends l\u00e4sst Reality-Herzen h\u00f6her schlagen! Bei diesen K\u00e4mpfern wird es sicher nicht langweilig\" src=\"https:\/\/www.europesays.com\/de\/wp-content\/uploads\/2025\/10\/ca1b6e500ff374330a55da171471d140,c7ee4605\"   class=\"dynamic\" loading=\"lazy\"\/><\/p>\n<p class=\"fig__caption__text\">Die Fightcard des Abends l\u00e4sst Reality-Herzen h\u00f6her schlagen! Bei diesen K\u00e4mpfern wird es nicht langweilig<\/p>\n<p>Foto: Fame Fighting<\/p>\n","protected":false},"excerpt":{"rendered":"Essen \u2013 Das Warten hat ein Ende. Reality-Fans \u2013 und alle, die es noch werden wollen \u2013 aufgepasst:&hellip;\n","protected":false},"author":2,"featured_media":507971,"comment_status":"","ping_status":"","sticky":false,"template":"","format":"standard","meta":{"footnotes":""},"categories":[1773],"tags":[520,29,214,23937,30,153,37487,1487,471,1780,45,215],"class_list":{"0":"post-507970","1":"post","2":"type-post","3":"status-publish","4":"format-standard","5":"has-post-thumbnail","7":"category-serien","8":"tag-boxen","9":"tag-deutschland","10":"tag-entertainment","11":"tag-fame-fighting","12":"tag-germany","13":"tag-influencer","14":"tag-kampfsport","15":"tag-reality-stars","16":"tag-serien","17":"tag-series","18":"tag-texttospeech","19":"tag-unterhaltung"},"share_on_mastodon":{"url":"https:\/\/pubeurope.com\/@de\/115394352147787620","error":""},"_links":{"self":[{"href":"https:\/\/www.europesays.com\/de\/wp-json\/wp\/v2\/posts\/507970","targetHints":{"allow":["GET"]}}],"collection":[{"href":"https:\/\/www.europesays.com\/de\/wp-json\/wp\/v2\/posts"}],"about":[{"href":"https:\/\/www.europesays.com\/de\/wp-json\/wp\/v2\/types\/post"}],"author":[{"embeddable":true,"href":"https:\/\/www.europesays.com\/de\/wp-json\/wp\/v2\/users\/2"}],"replies":[{"embeddable":true,"href":"https:\/\/www.europesays.com\/de\/wp-json\/wp\/v2\/comments?post=507970"}],"version-history":[{"count":0,"href":"https:\/\/www.europesays.com\/de\/wp-json\/wp\/v2\/posts\/507970\/revisions"}],"wp:featuredmedia":[{"embeddable":true,"href":"https:\/\/www.europesays.com\/de\/wp-json\/wp\/v2\/media\/507971"}],"wp:attachment":[{"href":"https:\/\/www.europesays.com\/de\/wp-json\/wp\/v2\/media?parent=507970"}],"wp:term":[{"taxonomy":"category","embeddable":true,"href":"https:\/\/www.europesays.com\/de\/wp-json\/wp\/v2\/categories?post=507970"},{"taxonomy":"post_tag","embeddable":true,"href":"https:\/\/www.europesays.com\/de\/wp-json\/wp\/v2\/tags?post=507970"}],"curies":[{"name":"wp","href":"https:\/\/api.w.org\/{rel}","templated":true}]}}