{"id":507984,"date":"2025-10-18T09:06:15","date_gmt":"2025-10-18T09:06:15","guid":{"rendered":"https:\/\/www.europesays.com\/de\/507984\/"},"modified":"2025-10-18T09:06:15","modified_gmt":"2025-10-18T09:06:15","slug":"amazon-zeigt-atomkraftwerk-plan-jeff-bezos-setzt-auf-nuklear-technik-leben-wissen","status":"publish","type":"post","link":"https:\/\/www.europesays.com\/de\/507984\/","title":{"rendered":"Amazon zeigt Atomkraftwerk-Plan: Jeff Bezos setzt auf Nuklear-Technik | Leben &#038; Wissen"},"content":{"rendered":"<p> An dieser Stelle findest du den Text-to-Speech Player<\/p>\n<p> Um den TTS Player darzustellen, brauchen wir deine Zustimmung. <\/p>\n<p> externen Inhalt aktivieren  Um eingebettete Inhalte anzuzeigen, ist Ihre jederzeit widerrufliche Einwilligung (\u00fcber den Schalter oder \u00fcber &#8220; <a class=\"embed-placeholder__text-link\" href=\"#\" rel=\"noopener noreferrer\" title=\"Tracking widerrufen\"> Widerruf Tracking und Cookies<\/a> &#8220; am Seitenende) zur Verarbeitung personenbezogener Daten n\u00f6tig.  Dabei k\u00f6nnen Daten in Drittl\u00e4nder wie die USA \u00fcbermittelt werden (Art. 49 Abs. 1 lit. a DSGVO). Mit dem Aktivieren des Inhalts stimmen Sie zu. Weitere Infos finden Sie <a class=\"embed-placeholder__text-link\" href=\"#\" rel=\"noopener noreferrer\" title=\"Zu den Privatsph\u00e4re Einstellungen\"> hier<\/a>. <\/p>\n<p data-suggestion-id=\"suggestions-0-465\"><b>Ein Mega-Projekt mit Mini-Reaktoren: Der Online-Riese Amazon will in den USA ein eigenes Atomwerk hochziehen \u2013 f\u00fcr seine Server und KI-Programme.<\/b><\/p>\n<p data-suggestion-id=\"suggestions-0-465\">Im Bundesstaat Washington soll die sogenannte \u201eCascade Advanced Energy Facility\u201c entstehen \u2013 eine neue Atomkraftanlage mit zun\u00e4chst vier kleinen Reaktoren des Typs Xe-100. Insgesamt plant der Versandriese bis zu zw\u00f6lf sogenannte SMRs (Small Modular Reactors, auf Deutsch: kleine modulare Reaktoren). Das gab Amazon am gestrigen Donnerstag (16. Oktober) bekannt, wie das Kernkraft-Portal <a href=\"https:\/\/www.world-nuclear-news.org\/articles\/amazon-updates-smr-progress-with-new-images-of-proposed-plant\" rel=\"noopener nofollow\" class=\"text-link--external text-link\" target=\"_blank\">world-nuclear-news.org<\/a> berichtet.<\/p>\n<p data-suggestion-id=\"suggestions-465-973\">Gebaut werden die Mini-Reaktoren vom amerikanischen Unternehmen X-energy. <a href=\"https:\/\/www.bild.de\/leben-wissen\/digital\/amazon-wird-in-deutschland-zum-internet-anbieter-68cd5f9b1c054163f16562cc\" class=\"text-link\" rel=\"nofollow noopener\" target=\"_blank\">Amazon<\/a> hatte sich im Oktober 2024 mit rund 500 Millionen US-Dollar an einer Finanzierungsrunde beteiligt. Auch andere Investoren sind mit an Bord.<\/p>\n<p><img decoding=\"async\" width=\"992\" height=\"558\" alt=\"Rund 1000 Arbeitskr\u00e4fte sollen beim Bau besch\u00e4ftigt werden, langfristig sollen 100 Arbeitspl\u00e4tze im Amazon-Atomkraftwerk entstehen (Computer-Animation)\" src=\"https:\/\/www.europesays.com\/de\/wp-content\/uploads\/2025\/10\/6e444a6df2605d106bf62334fc64fb45,12f0a58d\"   class=\"landscape\" loading=\"lazy\"\/><\/p>\n<p class=\"fig__caption__text\">Rund 1000 Arbeitskr\u00e4fte sollen beim Bau besch\u00e4ftigt werden, langfristig sollen 100 Arbeitspl\u00e4tze im Amazon-Atomkraftwerk entstehen (Computer-Animation)<\/p>\n<p>Foto: x-energy via Amazon<\/p>\n<p><img decoding=\"async\" width=\"992\" height=\"558\" alt=\"Das Herzst\u00fcck bildet ein Reaktoren-Geb\u00e4ude (A), drumherum die restliche Infrastruktur\" src=\"https:\/\/www.europesays.com\/de\/wp-content\/uploads\/2025\/10\/9849b88e1fdb4f4b71b82f490470f221,d4d99fca\"   class=\"landscape\" loading=\"lazy\"\/><\/p>\n<p class=\"fig__caption__text\">Das Herzst\u00fcck bildet ein Reaktoren-Geb\u00e4ude (A), drumherum die restliche Infrastruktur<\/p>\n<p>Foto: x-energy via Amazon<\/p>\n<p>Energie f\u00fcr die digitale Zukunft<\/p>\n<p data-suggestion-id=\"suggestions-465-973\">Die geplante Anlage entsteht au\u00dferhalb der Stadt Richland, etwa 335 Kilometer s\u00fcd\u00f6stlich von Seattle. Der \u00f6rtliche <a href=\"https:\/\/www.bild.de\/themen\/specials\/energie\/news-fotos-videos-17002932.bild.html\" class=\"text-link\" rel=\"nofollow noopener\" target=\"_blank\">Energieversorger<\/a> Energy Northwest wird das Projekt gemeinsam mit X-energy umsetzen. Anfangs liefern die vier Reaktoren 320 Megawatt Strom. Im Endausbau soll die Leistung auf 960 Megawatt steigen \u2013 genug f\u00fcr bis zu 3,8 Millionen Haushalte. Amazon will die Energie aber vor allem selbst nutzen: f\u00fcr KI-Anwendungen und digitale Tools. Mit dem Projekt will Amazon zugleich seine CO\u2082-Emissionen senken.<\/p>\n<p><img decoding=\"async\" width=\"992\" height=\"558\" alt=\"Tausendsassa Jeff Bezos: Mit Amazon hat er den Handel revolutioniert, mit Blue Origin schie\u00dft er Raketen ins Weltall. Jetzt will er auch noch ein eigenes Atomkraftwerk\" src=\"https:\/\/www.europesays.com\/de\/wp-content\/uploads\/2025\/10\/f59a71ac32ccdc5f71c636842823895d,a0c03f75\"   class=\"landscape\" loading=\"lazy\"\/><\/p>\n<p class=\"fig__caption__text\">Jeff Bezos: Mit Amazon hat er den Handel revolutioniert, mit Blue Origin schie\u00dft er Raketen ins Weltall. Jetzt will er auch noch ein eigenes Atomkraftwerk<\/p>\n<p>Foto: Remo Casilli\/REUTERS<\/p>\n<p><img decoding=\"async\" width=\"992\" height=\"558\" alt=\"Bereits vor dem Start der Anlage werden Arbeitskr\u00e4fte in einem simulierten Kontrollraum ausgebildet\" src=\"https:\/\/www.europesays.com\/de\/wp-content\/uploads\/2025\/10\/621cf38365b0ebcfd3815a72ddbee52e,6c933a32\"   class=\"landscape\" loading=\"lazy\"\/><\/p>\n<p class=\"fig__caption__text\">Bereits vor dem Start der Anlage werden Arbeitskr\u00e4fte in einem simulierten Kontrollraum ausgebildet<\/p>\n<p>Foto: x-energy via Amazon<\/p>\n<p>Mehr zum ThemaNeue Reaktor-Technologie<\/p>\n<p data-suggestion-id=\"suggestions-973-1524\">Die Xe-100-Reaktoren geh\u00f6ren zu einer <a href=\"https:\/\/www.bild.de\/politik\/inland\/atomkraft\/thema-atomkraft-alle-infos-80825622.bild.html\" class=\"text-link\" rel=\"nofollow noopener\" target=\"_blank\">neuen Generation von Kernkraftwerken<\/a>. Der Vorteil: Die Module k\u00f6nnen in Fabriken vorgefertigt und dann vor Ort zusammengesetzt werden. So soll der Bau schneller und g\u00fcnstiger laufen als bei klassischen Atomkraftwerken. Der Zeitplan ist trotzdem ehrgeizig: Baubeginn soll Ende der 2020er-Jahre sein. Mit der Inbetriebnahme rechnet Amazon in den 2030er-Jahren.<\/p>\n<p>Ausbildung schon ab 2025<\/p>\n<p data-suggestion-id=\"suggestions-1524-1862\">Damit bis dahin geschultes Personal bereitsteht, entsteht am Columbia Basin College in Pasco ein neues \u201eEnergy Learning Center\u201c. Kernst\u00fcck: ein Simulator, der einen kompletten Kontrollraum des Reaktors nachbildet. Er soll noch 2025 in Betrieb gehen. So k\u00f6nnen angehende Techniker schon vor dem Start der Anlage Erfahrungen sammeln.<\/p>\n","protected":false},"excerpt":{"rendered":"An dieser Stelle findest du den Text-to-Speech Player Um den TTS Player darzustellen, brauchen wir deine Zustimmung. externen&hellip;\n","protected":false},"author":2,"featured_media":507985,"comment_status":"","ping_status":"","sticky":false,"template":"","format":"standard","meta":{"footnotes":""},"categories":[134],"tags":[2483,48838,5032,1130,2935,175,170,169,29,30,22167,1256,171,174,5033,45,173,172,64,320],"class_list":{"0":"post-507984","1":"post","2":"type-post","3":"status-publish","4":"format-standard","5":"has-post-thumbnail","7":"category-unternehmen-maerkte","8":"tag-amazon","9":"tag-atom-strom","10":"tag-atomkraft","11":"tag-atomkraftwerk","12":"tag-bezos-jeff","13":"tag-business","14":"tag-companies","15":"tag-companies-markets","16":"tag-deutschland","17":"tag-germany","18":"tag-kohlendioxid","19":"tag-kuenstliche-intelligenz","20":"tag-markets","21":"tag-maerkte","22":"tag-reaktor","23":"tag-texttospeech","24":"tag-unternehmen","25":"tag-unternehmen-maerkte","26":"tag-usa","27":"tag-washington"},"share_on_mastodon":{"url":"https:\/\/pubeurope.com\/@de\/115394379449793893","error":""},"_links":{"self":[{"href":"https:\/\/www.europesays.com\/de\/wp-json\/wp\/v2\/posts\/507984","targetHints":{"allow":["GET"]}}],"collection":[{"href":"https:\/\/www.europesays.com\/de\/wp-json\/wp\/v2\/posts"}],"about":[{"href":"https:\/\/www.europesays.com\/de\/wp-json\/wp\/v2\/types\/post"}],"author":[{"embeddable":true,"href":"https:\/\/www.europesays.com\/de\/wp-json\/wp\/v2\/users\/2"}],"replies":[{"embeddable":true,"href":"https:\/\/www.europesays.com\/de\/wp-json\/wp\/v2\/comments?post=507984"}],"version-history":[{"count":0,"href":"https:\/\/www.europesays.com\/de\/wp-json\/wp\/v2\/posts\/507984\/revisions"}],"wp:featuredmedia":[{"embeddable":true,"href":"https:\/\/www.europesays.com\/de\/wp-json\/wp\/v2\/media\/507985"}],"wp:attachment":[{"href":"https:\/\/www.europesays.com\/de\/wp-json\/wp\/v2\/media?parent=507984"}],"wp:term":[{"taxonomy":"category","embeddable":true,"href":"https:\/\/www.europesays.com\/de\/wp-json\/wp\/v2\/categories?post=507984"},{"taxonomy":"post_tag","embeddable":true,"href":"https:\/\/www.europesays.com\/de\/wp-json\/wp\/v2\/tags?post=507984"}],"curies":[{"name":"wp","href":"https:\/\/api.w.org\/{rel}","templated":true}]}}