{"id":507990,"date":"2025-10-18T09:09:21","date_gmt":"2025-10-18T09:09:21","guid":{"rendered":"https:\/\/www.europesays.com\/de\/507990\/"},"modified":"2025-10-18T09:09:21","modified_gmt":"2025-10-18T09:09:21","slug":"transfer-flop-bouna-sarr-wohl-vor-karriereende","status":"publish","type":"post","link":"https:\/\/www.europesays.com\/de\/507990\/","title":{"rendered":"Transfer-Flop Bouna Sarr wohl vor Karriereende"},"content":{"rendered":"<p>&#8222;Verletzungs-H\u00f6lle&#8220; <\/p>\n<p>Bayern-Flop wohl vor Karriereende<\/p>\n<p>18.10.2025 &#8211; 07:16 UhrLesedauer: 2 Min.<\/p>\n<p><a href=\"#focus-0\" class=\"transition-colors duration-200 block text-current relative\" data-sctrack=\"FocusGalleryImage.Reference\"><img fetchpriority=\"high\" data-testid=\"Opener.Image\" style=\"--lqipURL:url('https:\/\/images.t-online.de\/2023\/04\/ZX7EiyRGEhfR\/0x382:3810x2143\/fit-in\/150x0\/filters:blur(25)\/bouna-sarr-der-fc-bayern-wuerde-den-spieler-gerne-abgeben.jpg')\"   loading=\"eager\" src=\"https:\/\/www.europesays.com\/de\/wp-content\/uploads\/2025\/10\/bouna-sarr-der-fc-bayern-wuerde-den-spieler-gerne-abgeben.jpg\" alt=\"Typisches Bild zu Bayern-Zeiten: Bouna Sarr auf der Ersatzbank der M\u00fcnchner.\" title=\"Typisches Bild zu Bayern-Zeiten: Bouna Sarr auf der Ersatzbank der M\u00fcnchner.\" width=\"3810\" height=\"2143\" class=\"bg-[url:var(--lqipURL)] bg-cover bg-center flex h-full w-full max-w-full\" decoding=\"async\"\/><img style=\"--width:32;--height:32\" loading=\"lazy\" src=\"https:\/\/www.t-online.de\/s\/paper\/_next\/static\/media\/zoom-in.f7dae02f.svg\" alt=\"Vergr\u00f6\u00dfern des Bildes\" title=\"Vergr\u00f6\u00dfern des Bildes\" class=\"block h-[calc(var(--height)_\/_16_*_1rem)] w-[calc(var(--width)_\/_16_*_1rem)] max-w-none absolute bottom-8 right-8 rounded-4 bg-snow p-8\" decoding=\"async\"\/><\/a><\/p>\n<p>Typisches Bild zu Bayern-Zeiten: Bouna Sarr auf der Ersatzbank der M\u00fcnchner. (Quelle: IMAGO\/Ulrich Wagner\/imago-images-bilder)<\/p>\n<p class=\"font-bold text-18 leading-17\">Beim deutschen Rekordmeister konnte sich Bouna Sarr nie durchsetzen. Auch nach seiner Zeit in M\u00fcnchen lief es nicht nach Plan f\u00fcr ihn. Nun k\u00f6nnte er sich zu einem folgenschweren Schritt entscheiden.<\/p>\n<p class=\"text-18 leading-17\">In 4 Jahren in M\u00fcnchen kam er nur auf 33 Eins\u00e4tze \u2013 die Zeit von Bouna Sarr beim <a class=\"transition-colors duration-200 cursor-pointer text-inherit no-underline text-salemsfur md:hover:text-magenta md:hover:border-magenta md:focus:text-magenta border-current border-b border-solid break-words\" href=\"https:\/\/www.t-online.de\/themen\/fc-bayern-muenchen\/\" data-sctrack=\"BodyAnchor\" target=\"_blank\" rel=\"noopener\">FC Bayern<\/a> verlief ganz anders als geplant. Als der Rekordmeister im Oktober 2020 rund acht Millionen Euro f\u00fcr den Au\u00dfenverteidiger an <a class=\"transition-colors duration-200 cursor-pointer text-inherit no-underline text-salemsfur md:hover:text-magenta md:hover:border-magenta md:focus:text-magenta border-current border-b border-solid break-words\" href=\"https:\/\/www.t-online.de\/themen\/olympique-marseille\/\" data-sctrack=\"BodyAnchor\" target=\"_blank\" rel=\"noopener\">Olympique Marseille<\/a> \u00fcberwies, galt der Transfer auch als strategische Ma\u00dfnahme zur Aufstockung des Kaders, Sarr sollte den M\u00fcnchnern mehr Tiefe verleihen. Doch die Erwartungen erf\u00fcllte der senegalesische Nationalspieler nicht. Verletzungen warfen ihn immer wieder zur\u00fcck, ein echter Durchbruch blieb aus.<\/p>\n<p class=\"text-18 leading-17\">Nach insgesamt nur 1.293 Einsatzminuten in vier Jahren lief Sarrs Vertrag im Sommer 2024 aus. Seitdem ist der 33-J\u00e4hrige vereinslos \u2013 und offenbar ohne konkrete Perspektive.<\/p>\n<p class=\"text-18 leading-17\">Nun k\u00f6nnte er einen Schlussstrich ziehen: Laut dem britischen Portal &#8222;SportsBoom&#8220; soll Sarr inzwischen \u00fcber ein Karriereende nachdenken. Der Bericht verweist auf die lange Verletzungshistorie, die den Spieler w\u00e4hrend seiner Zeit in M\u00fcnchen immer wieder ausbremste \u2013 die &#8222;Verletzungs-H\u00f6lle&#8220;.<\/p>\n<p class=\"text-18 leading-17\">M\u00f6glich, dass die zahlreichen Blessuren aus den vergangenen Jahren an der S\u00e4bener Stra\u00dfe doch zu starke Spuren hinterlassen haben. Schlie\u00dflich fehlte der Rechtsverteidiger den Bayern zwischenzeitlich \u00fcber ein Jahr lang in Pflichtspielen. 2022 musste er wegen einer Patellasehnenverletzung 63 Tage aussetzen, eine Knie-OP kostete ihn sp\u00e4ter die Teilnahme an der WM in Katar.<\/p>\n<p class=\"text-18 leading-17\">Im November 2023 folgte der n\u00e4chste R\u00fcckschlag: Kreuzbandriss im linken Knie. Die anschlie\u00dfende sechsmonatige Pause beendete endg\u00fcltig seine Zeit beim FC Bayern. Und nun m\u00f6glicherweise auch seine Karriere.<\/p>\n","protected":false},"excerpt":{"rendered":"&#8222;Verletzungs-H\u00f6lle&#8220; Bayern-Flop wohl vor Karriereende 18.10.2025 &#8211; 07:16 UhrLesedauer: 2 Min. Typisches Bild zu Bayern-Zeiten: Bouna Sarr auf&hellip;\n","protected":false},"author":2,"featured_media":507991,"comment_status":"","ping_status":"","sticky":false,"template":"","format":"standard","meta":{"footnotes":""},"categories":[5],"tags":[522,126677,458,13,3198,1268,14,15,88072,12,10,8,9,11],"class_list":{"0":"post-507990","1":"post","2":"type-post","3":"status-publish","4":"format-standard","5":"has-post-thumbnail","7":"category-nachrichten","8":"tag-522","9":"tag-bouna-sarr","10":"tag-fc-bayern-muenchen","11":"tag-headlines","12":"tag-karriereende","13":"tag-muenchen","14":"tag-nachrichten","15":"tag-news","16":"tag-olympique-marseille","17":"tag-schlagzeilen","18":"tag-top-news","19":"tag-top-meldungen","20":"tag-topmeldungen","21":"tag-topnews"},"share_on_mastodon":{"url":"https:\/\/pubeurope.com\/@de\/115394390691891778","error":""},"_links":{"self":[{"href":"https:\/\/www.europesays.com\/de\/wp-json\/wp\/v2\/posts\/507990","targetHints":{"allow":["GET"]}}],"collection":[{"href":"https:\/\/www.europesays.com\/de\/wp-json\/wp\/v2\/posts"}],"about":[{"href":"https:\/\/www.europesays.com\/de\/wp-json\/wp\/v2\/types\/post"}],"author":[{"embeddable":true,"href":"https:\/\/www.europesays.com\/de\/wp-json\/wp\/v2\/users\/2"}],"replies":[{"embeddable":true,"href":"https:\/\/www.europesays.com\/de\/wp-json\/wp\/v2\/comments?post=507990"}],"version-history":[{"count":0,"href":"https:\/\/www.europesays.com\/de\/wp-json\/wp\/v2\/posts\/507990\/revisions"}],"wp:featuredmedia":[{"embeddable":true,"href":"https:\/\/www.europesays.com\/de\/wp-json\/wp\/v2\/media\/507991"}],"wp:attachment":[{"href":"https:\/\/www.europesays.com\/de\/wp-json\/wp\/v2\/media?parent=507990"}],"wp:term":[{"taxonomy":"category","embeddable":true,"href":"https:\/\/www.europesays.com\/de\/wp-json\/wp\/v2\/categories?post=507990"},{"taxonomy":"post_tag","embeddable":true,"href":"https:\/\/www.europesays.com\/de\/wp-json\/wp\/v2\/tags?post=507990"}],"curies":[{"name":"wp","href":"https:\/\/api.w.org\/{rel}","templated":true}]}}