{"id":508006,"date":"2025-10-18T09:17:13","date_gmt":"2025-10-18T09:17:13","guid":{"rendered":"https:\/\/www.europesays.com\/de\/508006\/"},"modified":"2025-10-18T09:17:13","modified_gmt":"2025-10-18T09:17:13","slug":"umwege-und-staugefahr-ein-ueberblick-der-sperrungen-in-wiesbaden","status":"publish","type":"post","link":"https:\/\/www.europesays.com\/de\/508006\/","title":{"rendered":"Umwege und Staugefahr: Ein \u00dcberblick der Sperrungen in Wiesbaden"},"content":{"rendered":"<p>In Wiesbaden m\u00fcssen sich Verkehrsteilnehmer in den kommenden Wochen auf zahlreiche Behinderungen einstellen. Eine undichte Gasleitung und diverse Bauprojekte f\u00fchren zu Vollsperrungen und Umleitungen. Wo genau gesperrt wird, fassen wir in unserer \u00dcbersicht zusammen.<\/p>\n<p>Nassauer Stra\u00dfe in Biebrich<\/p>\n<p>Wegen einer undichten Gasleitung ist die Nassauer Stra\u00dfe im Einm\u00fcndungsbereich des Kreisels an der Steinberger Stra\u00dfe und Waldstra\u00dfe bereits halbseitig gesperrt. Ab Dienstag, 21. Oktober, wird eine Vollsperrung eingerichtet, um das defekte Rohr auszutauschen. Daf\u00fcr wird am Kreisel eine Ampel aufgestellt, die den Verkehr aus der Wald- und Steinberger Stra\u00dfe regelt. Die Reparatur soll voraussichtlich am Sonntag, 2. November, abgeschlossen sein. Die Sperrung betrifft den Fahrzeug- und Radverkehr. Fu\u00dfg\u00e4nger k\u00f6nnen die Gehwege weiterhin nutzen.<\/p>\n<p>Palmstra\u00dfe in Biebrich<\/p>\n<p>Die Palmstra\u00dfe wird vor der Hausnummer 3 ab Montag, 20. Oktober, voll gesperrt. Bis voraussichtlich Freitag, 7. November, trennt die ESWE-Versorgungs AG dort eine Gasleitung und erneuert die Strom- sowie Wasserleitungen. Um die Grundst\u00fccke erreichbar zu halten, wird die Einbahnregelung in der Faaker Stra\u00dfe aufgehoben. Die Sperrung betrifft Autos und Fahrr\u00e4der, nicht aber Fu\u00dfg\u00e4nger.<\/p>\n<p>Glarusstra\u00dfe in Biebrich<\/p>\n<p>Die Glarusstra\u00dfe wird von Montag, 20. Oktober, bis voraussichtlich Ende Dezember voll gesperrt. Betroffen ist der Abschnitt vom Kreisel an der Breslauer Stra\u00dfe bis zum Wohngebiet Teplitzstra\u00dfe\/Pf\u00e4lzer Stra\u00dfe. Dort wird der Auslasskanal erneuert. Die Zufahrt zu den Grundst\u00fccken f\u00fcr Anwohner und Gewerbebetriebe bleibt jederzeit m\u00f6glich. Eine Umleitung \u00fcber die Kasteler Stra\u00dfe, Albertstra\u00dfe und Rheingaustra\u00dfe wird eingerichtet. Die Sperrung gilt auch f\u00fcr Radfahrer.<\/p>\n<p>Kapellenstra\u00dfe in Nordost<\/p>\n<p>Wegen der Sanierung einer Wasserleitung wird die Kapellenstra\u00dfe in H\u00f6he des Christian-Spielmann-Wegs voll gesperrt. Die Arbeiten beginnen am Montag, 20. Oktober, und dauern voraussichtlich bis Montag, 17. November. W\u00e4hrend dieser Zeit ist die Zufahrt zur russisch-orthodoxen Kirche \u00fcber die Kapellenstra\u00dfe nicht m\u00f6glich. F\u00fcr Radfahrer wird eine Umleitung ausgeschildert. Fu\u00dfg\u00e4nger k\u00f6nnen die Gehwege nutzen.<\/p>\n<p>Felsenstra\u00dfe und Hohlstra\u00dfe in Dotzheim<\/p>\n<p>In Dotzheim werden die Felsenstra\u00dfe und die Hohlstra\u00dfe nacheinander voll gesperrt. Grund sind Tiefbauarbeiten an der Wasserversorgungsleitung. Die Sperrungen gelten von Montag, 20. Oktober, bis voraussichtlich Sonntag, 23. November. Betroffen sind die Felsenstra\u00dfe an der Ecke Karrnweg und die Hohlstra\u00dfe an der Ecke zur M\u00fchlborngasse. F\u00fcr Anlieger wird die jeweilige Einbahnstra\u00dfenregelung aufgehoben, damit sie ihre Grundst\u00fccke erreichen und verlassen k\u00f6nnen. Fu\u00dfg\u00e4nger sind nicht betroffen.<\/p>\n<p>Kirschbl\u00fctenstra\u00dfe in Frauenstein<\/p>\n<p>In der Kirschbl\u00fctenstra\u00dfe in Frauenstein wird bereits seit Donnerstag, 16. Oktober, eine neue Grundst\u00fcckszufahrt gebaut. Daf\u00fcr bleibt der Gehweg vor den Hausnummern 15 bis 17 f\u00fcr voraussichtlich eine Woche voll gesperrt. Auf der Fahrbahn richtet die Stadt einen Ausweichgehweg ein. Da die Stra\u00dfe dadurch enger wird, regelt eine Ampel den Fahrzeugverkehr. <\/p>\n","protected":false},"excerpt":{"rendered":"In Wiesbaden m\u00fcssen sich Verkehrsteilnehmer in den kommenden Wochen auf zahlreiche Behinderungen einstellen. Eine undichte Gasleitung und diverse&hellip;\n","protected":false},"author":2,"featured_media":347565,"comment_status":"","ping_status":"","sticky":false,"template":"","format":"standard","meta":{"footnotes":""},"categories":[1847],"tags":[3364,29,548,663,3934,30,13,2052,14,15,12,4544],"class_list":{"0":"post-508006","1":"post","2":"type-post","3":"status-publish","4":"format-standard","5":"has-post-thumbnail","7":"category-wiesbaden","8":"tag-de","9":"tag-deutschland","10":"tag-eu","11":"tag-europa","12":"tag-europe","13":"tag-germany","14":"tag-headlines","15":"tag-hessen","16":"tag-nachrichten","17":"tag-news","18":"tag-schlagzeilen","19":"tag-wiesbaden"},"share_on_mastodon":{"url":"https:\/\/pubeurope.com\/@de\/115394422081263349","error":""},"_links":{"self":[{"href":"https:\/\/www.europesays.com\/de\/wp-json\/wp\/v2\/posts\/508006","targetHints":{"allow":["GET"]}}],"collection":[{"href":"https:\/\/www.europesays.com\/de\/wp-json\/wp\/v2\/posts"}],"about":[{"href":"https:\/\/www.europesays.com\/de\/wp-json\/wp\/v2\/types\/post"}],"author":[{"embeddable":true,"href":"https:\/\/www.europesays.com\/de\/wp-json\/wp\/v2\/users\/2"}],"replies":[{"embeddable":true,"href":"https:\/\/www.europesays.com\/de\/wp-json\/wp\/v2\/comments?post=508006"}],"version-history":[{"count":0,"href":"https:\/\/www.europesays.com\/de\/wp-json\/wp\/v2\/posts\/508006\/revisions"}],"wp:featuredmedia":[{"embeddable":true,"href":"https:\/\/www.europesays.com\/de\/wp-json\/wp\/v2\/media\/347565"}],"wp:attachment":[{"href":"https:\/\/www.europesays.com\/de\/wp-json\/wp\/v2\/media?parent=508006"}],"wp:term":[{"taxonomy":"category","embeddable":true,"href":"https:\/\/www.europesays.com\/de\/wp-json\/wp\/v2\/categories?post=508006"},{"taxonomy":"post_tag","embeddable":true,"href":"https:\/\/www.europesays.com\/de\/wp-json\/wp\/v2\/tags?post=508006"}],"curies":[{"name":"wp","href":"https:\/\/api.w.org\/{rel}","templated":true}]}}