{"id":508007,"date":"2025-10-18T09:18:13","date_gmt":"2025-10-18T09:18:13","guid":{"rendered":"https:\/\/www.europesays.com\/de\/508007\/"},"modified":"2025-10-18T09:18:13","modified_gmt":"2025-10-18T09:18:13","slug":"die-augsburger-light-nights-begeistern-die-besucher","status":"publish","type":"post","link":"https:\/\/www.europesays.com\/de\/508007\/","title":{"rendered":"Die Augsburger Light Nights begeistern die Besucher"},"content":{"rendered":"<p class=\"mb-6 text-xs md:text-m lg:text-l font-serif group-[.font-sans]:font-sans \">\n    <a href=\"https:\/\/www.augsburger-allgemeine.de\/augsburg\/light-nights-in-augsburg-exklusive-vorschau-im-video-112574797\" target=\"_self\" class=\"underline \" rel=\"nofollow noopener\">Die Augsburger Light Nights sind wieder ein Publikumsmagnet.<\/a> Tausende Menschen str\u00f6men am Freitagabend durch die Innenstadt. Sie bewundern die vielen Lichtinstallationen an den Geb\u00e4uden, st\u00f6bern bei der langen Einkaufsnacht in den ge\u00f6ffneten Gesch\u00e4ften, trinken, essen und plaudern in den Lokalen. \u201eWir sind erstaunt, dass so viel in Augsburg los ist\u201c, meinen Christian und Ramona Gumbold, die aus Gersthofen gekommen sind. Sie sind nicht die einzigen, die aus dem Umland von den Lichtern\u00e4chten angelockt werden. Was die Besucherinnen und Besucher zu den Light Nights und der Shopping Nacht sagen.\n  <\/p>\n<p class=\"mb-6 text-xs md:text-m lg:text-l font-serif group-[.font-sans]:font-sans \">\n    Einkaufen? Nein, das wollen die Gumbolds aus Gersthofen nicht. Sie haben ausnahmsweise einen Abend ohne Kinder, wie sie verraten, und wollen die Light Nights genie\u00dfen.  Die Shopping Nacht interessierte sie nicht, sagt das Ehepaar. \u201eIch finde sogar, dass beide Veranstaltungen zu viel auf einmal sind\u201c, sagt die 39-J\u00e4hrige. \u201eDie Einkaufsnacht geht da v\u00f6llig unter.\u201c Die Meinungen gehen hier auseinander.\n  <\/p>\n<p>            Light Nights 2025: Ihr gef\u00e4llt es in der Augsburger Altstadt am besten<\/p>\n<p class=\"mb-6 text-xs md:text-m lg:text-l font-serif group-[.font-sans]:font-sans \">\n    L\u00e4ngst nicht alle, aber etliche Gesch\u00e4fte, sind gegen 21.30 Uhr immer noch gut gef\u00fcllt. In der Menschenmenge in der Fu\u00dfg\u00e4ngerzone blitzen immer wieder Einkaufst\u00fcten hervor. Aber in erster Linie, das sagen alle Befragten, sei man wegen der Light Nights in die Stadt gekommen. Die Begeisterung ist gro\u00df.\n  <\/p>\n<p>    Tausende Besucher: Die Light Nights tauchen Augsburg in Licht und Farben<\/p>\n<p>      <a href=\"https:\/\/www.augsburger-allgemeine.de\/augsburg\/bildergalerie-augsburg-stimmungsvoll-getaucht-in-licht-und-farben-112579858\" class=\"undefined aspect-hdtv md:aspect-hdtv lg:aspect-hdtv w-fullXXX relative self-start block overflow-hidden\" rel=\"nofollow noopener\" target=\"_blank\"><\/p>\n<p>    <img decoding=\"async\" src=\"https:\/\/images.mgpd.de\/img\/112579898\/crop\/c16_9-w100\/74448694\/618453786\/bglightnight2533kloigrechnet.jpg\" alt=\"Light Nights, Shoppingnight&#10; *** Local Caption *** Light Nights, Shoppingnight&#10;\" title=\"Light Nights, Shoppingnight&#10; *** Local Caption *** Light Nights, Shoppingnight&#10;\" class=\"h-full w-full object-cover\"\/><br \/>\n    <\/a><\/p>\n<p>    Bei den Augsburger Light Nights verwandeln sich Geb\u00e4ude in Bilderwelten. Tausende Besucher str\u00f6mten Freitagabend durch die Stadt, denn es war auch Lange Einkaufsnacht. Unsere Bilder.<\/p>\n<p class=\"mb-6 text-xs md:text-m lg:text-l font-serif group-[.font-sans]:font-sans \">\n    \u201eWir haben noch nicht alle Spots gesehen, aber es ist auf alle F\u00e4lle so sch\u00f6n hier und eine tolle Idee\u201c, finden die beiden 17 und 16 Jahre alten Freundinnen Sarach und Carolin aus Augsburg. Der 56-j\u00e4hrigen Christine gef\u00e4llt die Atmosph\u00e4re in der Augsburger Altstadt am besten. Dort, im Lechviertel, sind die Kan\u00e4le und Hausw\u00e4nde bunt angestrahlt, farbenfrohe Lampenschirme sorgen f\u00fcr ein heimeliges Flair. \u201eIch finde das sch\u00f6ner, als irgendwelche Themen, die an W\u00e4nde projiziert werden\u201c, meint die Frau aus Mering, die auch \u00fcber die Menschenmengen staunt.\n  <\/p>\n<p class=\"mb-6 text-xs md:text-m lg:text-l font-serif group-[.font-sans]:font-sans \">\n    Dennoch ziehen die Themenwelten, die am Rathaus, an der Moritzkirche und am K\u00f6nigsbau am K\u00f6nigsplatz gezeigt werden, freilich die meisten Besucherinnen und Besucher an. Die Familie Kursuncu etwa, die aus Remscheid in Augsburg zu Besuch ist, schaut sich interessiert die Metamorphose des <a href=\"https:\/\/www.augsburger-allgemeine.de\/augsburg\/augsburg-everllence-vor-verkauf-so-reagieren-mitarbeiter-und-betriebsrat-111444520\" target=\"_self\" class=\"underline \" rel=\"nofollow noopener\">Augsburger Unternehmens MAN zu Everllence<\/a> an. Am besten habe ihnen aber der Tiger auf dem Rathaus gefallen sagen sie. Es gibt viel zu bestaunen, auch in der Philippine-Welser-Stra\u00dfe oder auf dem Stadtmarkt. Auch er ist ein Teil der Light Nights und bietet an den drei Tagen jeweils bis 23 Uhr ein erweitertes kulinarisches Angebot mit stimmungsvoller Beleuchtung an.\n  <\/p>\n<p class=\"mb-6 text-xs md:text-m lg:text-l font-serif group-[.font-sans]:font-sans \">\n    Die Light Nights werden noch am Samstag und Sonntag  von 19 bis 23 Uhr veranstaltet.\n  <\/p>\n<ul data-module-id=\"DragDropModule\" class=\"flex flex-wrap justify-start group-[.no-bookmarks]:hidden\">\n<li class=\"mb-3 mr-3\">\n    Ina Marks<\/p>\n<p>      Icon Haken im Kreis gesetzt<\/p>\n<p>      Icon Plus im Kreis<\/p>\n<\/li>\n<li class=\"mb-3 mr-3\">\n    Augsburg<\/p>\n<p>      Icon Haken im Kreis gesetzt<\/p>\n<p>      Icon Plus im Kreis<\/p>\n<\/li>\n<li class=\"mb-3 mr-3\">\n    Einkaufsnacht<\/p>\n<p>      Icon Haken im Kreis gesetzt<\/p>\n<p>      Icon Plus im Kreis<\/p>\n<\/li>\n<\/ul>\n","protected":false},"excerpt":{"rendered":"Die Augsburger Light Nights sind wieder ein Publikumsmagnet. Tausende Menschen str\u00f6men am Freitagabend durch die Innenstadt. Sie bewundern&hellip;\n","protected":false},"author":2,"featured_media":508008,"comment_status":"","ping_status":"","sticky":false,"template":"","format":"standard","meta":{"footnotes":""},"categories":[1846],"tags":[680,772,3364,29,548,663,3934,30,13,14,15,12],"class_list":{"0":"post-508007","1":"post","2":"type-post","3":"status-publish","4":"format-standard","5":"has-post-thumbnail","7":"category-augsburg","8":"tag-augsburg","9":"tag-bayern","10":"tag-de","11":"tag-deutschland","12":"tag-eu","13":"tag-europa","14":"tag-europe","15":"tag-germany","16":"tag-headlines","17":"tag-nachrichten","18":"tag-news","19":"tag-schlagzeilen"},"share_on_mastodon":{"url":"https:\/\/pubeurope.com\/@de\/115394427110267508","error":""},"_links":{"self":[{"href":"https:\/\/www.europesays.com\/de\/wp-json\/wp\/v2\/posts\/508007","targetHints":{"allow":["GET"]}}],"collection":[{"href":"https:\/\/www.europesays.com\/de\/wp-json\/wp\/v2\/posts"}],"about":[{"href":"https:\/\/www.europesays.com\/de\/wp-json\/wp\/v2\/types\/post"}],"author":[{"embeddable":true,"href":"https:\/\/www.europesays.com\/de\/wp-json\/wp\/v2\/users\/2"}],"replies":[{"embeddable":true,"href":"https:\/\/www.europesays.com\/de\/wp-json\/wp\/v2\/comments?post=508007"}],"version-history":[{"count":0,"href":"https:\/\/www.europesays.com\/de\/wp-json\/wp\/v2\/posts\/508007\/revisions"}],"wp:featuredmedia":[{"embeddable":true,"href":"https:\/\/www.europesays.com\/de\/wp-json\/wp\/v2\/media\/508008"}],"wp:attachment":[{"href":"https:\/\/www.europesays.com\/de\/wp-json\/wp\/v2\/media?parent=508007"}],"wp:term":[{"taxonomy":"category","embeddable":true,"href":"https:\/\/www.europesays.com\/de\/wp-json\/wp\/v2\/categories?post=508007"},{"taxonomy":"post_tag","embeddable":true,"href":"https:\/\/www.europesays.com\/de\/wp-json\/wp\/v2\/tags?post=508007"}],"curies":[{"name":"wp","href":"https:\/\/api.w.org\/{rel}","templated":true}]}}