{"id":508009,"date":"2025-10-18T09:19:11","date_gmt":"2025-10-18T09:19:11","guid":{"rendered":"https:\/\/www.europesays.com\/de\/508009\/"},"modified":"2025-10-18T09:19:11","modified_gmt":"2025-10-18T09:19:11","slug":"unfall-in-mannheim-auto-kollidiert-mit-strassenbahn-regional","status":"publish","type":"post","link":"https:\/\/www.europesays.com\/de\/508009\/","title":{"rendered":"Unfall in Mannheim: Auto kollidiert mit Stra\u00dfenbahn | Regional"},"content":{"rendered":"<p>Mannheim \u2013 <b>Ein Auto und eine Stra\u00dfenbahn der Linie 1 kollidierten am 17.10.2025 gegen 19:55 Uhr im Kreuzungsbereich der Schwetzinger Stra\u00dfe.<\/b><\/p>\n<p>Die 26-j\u00e4hrige Fahrerin eines Cabrios \u00fcbersah die Vorfahrt der Bahn, die Richtung Neckarauer \u00dcbergang unterwegs war. Der 27-j\u00e4hrige Stra\u00dfenbahnfahrer leitete eine Gefahrenbremsung ein, doch die Cabrio-Fahrerin geriet auf die Gegenfahrbahn und zog dann nach rechts, was letztlich zum Zusammensto\u00df f\u00fchrte.<\/p>\n<p>Die Fahrerin erlitt leichte Verletzungen, w\u00e4hrend der Stra\u00dfenbahnfahrer und die Fahrg\u00e4ste unverletzt blieben. Die Schwetzinger Stra\u00dfe war bis zur Rheinh\u00e4user Stra\u00dfe gesperrt, und der Linienverkehr war bis etwa 20:40 Uhr eingeschr\u00e4nkt.<\/p>\n<p>Der entstandene Sachschaden betr\u00e4gt 15.000 Euro. Der Verkehrsdienst Mannheim f\u00fchrt die Ermittlungen.<\/p>\n<p>Dieser Text basiert auf einer offiziellen Beh\u00f6rden-Information und wurde mit Hilfe von KI erstellt.<\/p>\n","protected":false},"excerpt":{"rendered":"Mannheim \u2013 Ein Auto und eine Stra\u00dfenbahn der Linie 1 kollidierten am 17.10.2025 gegen 19:55 Uhr im Kreuzungsbereich&hellip;\n","protected":false},"author":2,"featured_media":469645,"comment_status":"","ping_status":"","sticky":false,"template":"","format":"standard","meta":{"footnotes":""},"categories":[1845],"tags":[1634,3364,29,548,663,3934,30,13,2509,2096,14,15,121,12,45,2624],"class_list":{"0":"post-508009","1":"post","2":"type-post","3":"status-publish","4":"format-standard","5":"has-post-thumbnail","7":"category-mannheim","8":"tag-baden-wuerttemberg","9":"tag-de","10":"tag-deutschland","11":"tag-eu","12":"tag-europa","13":"tag-europe","14":"tag-germany","15":"tag-headlines","16":"tag-ki-ots","17":"tag-mannheim","18":"tag-nachrichten","19":"tag-news","20":"tag-polizei","21":"tag-schlagzeilen","22":"tag-texttospeech","23":"tag-unfaelle"},"share_on_mastodon":{"url":"https:\/\/pubeurope.com\/@de\/115394429924982021","error":""},"_links":{"self":[{"href":"https:\/\/www.europesays.com\/de\/wp-json\/wp\/v2\/posts\/508009","targetHints":{"allow":["GET"]}}],"collection":[{"href":"https:\/\/www.europesays.com\/de\/wp-json\/wp\/v2\/posts"}],"about":[{"href":"https:\/\/www.europesays.com\/de\/wp-json\/wp\/v2\/types\/post"}],"author":[{"embeddable":true,"href":"https:\/\/www.europesays.com\/de\/wp-json\/wp\/v2\/users\/2"}],"replies":[{"embeddable":true,"href":"https:\/\/www.europesays.com\/de\/wp-json\/wp\/v2\/comments?post=508009"}],"version-history":[{"count":0,"href":"https:\/\/www.europesays.com\/de\/wp-json\/wp\/v2\/posts\/508009\/revisions"}],"wp:featuredmedia":[{"embeddable":true,"href":"https:\/\/www.europesays.com\/de\/wp-json\/wp\/v2\/media\/469645"}],"wp:attachment":[{"href":"https:\/\/www.europesays.com\/de\/wp-json\/wp\/v2\/media?parent=508009"}],"wp:term":[{"taxonomy":"category","embeddable":true,"href":"https:\/\/www.europesays.com\/de\/wp-json\/wp\/v2\/categories?post=508009"},{"taxonomy":"post_tag","embeddable":true,"href":"https:\/\/www.europesays.com\/de\/wp-json\/wp\/v2\/tags?post=508009"}],"curies":[{"name":"wp","href":"https:\/\/api.w.org\/{rel}","templated":true}]}}