{"id":508020,"date":"2025-10-18T09:25:13","date_gmt":"2025-10-18T09:25:13","guid":{"rendered":"https:\/\/www.europesays.com\/de\/508020\/"},"modified":"2025-10-18T09:25:13","modified_gmt":"2025-10-18T09:25:13","slug":"offenbach-wochenende-wird-vielerorts-sonnig-nachtfrost-im-osten","status":"publish","type":"post","link":"https:\/\/www.europesays.com\/de\/508020\/","title":{"rendered":"Offenbach | Wochenende wird vielerorts sonnig &#8211; Nachtfrost im Osten"},"content":{"rendered":"<p>Offenbach (dpa) &#8211; Vielerorts kommt die Sonne heraus, dazu ist es trocken: Das Wochenende bringt Teilen Deutschlands bestes Ausflugswetter. Anf\u00e4nglicher Nebel l\u00f6st sich auf, die Temperaturen steigen heute auf 10 bis 17 Grad, wie der Deutsche Wetterdienst (DWD) in Offenbach mitteilt.\u00a0<\/p>\n<p>Ausnahme ist ein Gebiet von Rheinland-Pfalz und dem Saarland bis nach Ost- und S\u00fcdostbayern, hier ist es wolkig oder st\u00e4rker bew\u00f6lkt, \u00f6rtlich f\u00e4llt etwas Spr\u00fchregen. Nachts wird es im Osten frostig, die Temperaturen sinken auf bis zu minus f\u00fcnf Grad in Ostsachsen.\u00a0<\/p>\n<p>Von Westen ziehen Wolken heran\u00a0<\/p>\n<p>Am Sonntag k\u00f6nnen sich der Osten, der Nordosten sowie der S\u00fcdosten \u00fcber Sonne freuen, am Himmel sind der Vorhersage zufolge nur wenige Wolken zu sehen. Ansonsten ziehen von Westen her Wolkenfelder heran, es bleibt aber trocken.\u00a0<\/p>\n<p>Die Temperaturen steigen auf 9 bis 16 Grad. Im \u00e4u\u00dfersten S\u00fcdwesten sind auch 19 Grad m\u00f6glich. Nachts liegen die tiefsten Werte bei null Grad.<\/p>\n<p>Die neue Woche beginnt trocken, im Laufe des Tages zieht aus Westen aber Schauerwetter heran, wie aus der Vorhersage hervorgeht. Die H\u00f6chstwerte liegen zwischen 11 Grad in Vorpommern und 19 Grad am Niederrhein.<\/p>\n","protected":false},"excerpt":{"rendered":"Offenbach (dpa) &#8211; Vielerorts kommt die Sonne heraus, dazu ist es trocken: Das Wochenende bringt Teilen Deutschlands bestes&hellip;\n","protected":false},"author":2,"featured_media":508021,"comment_status":"","ping_status":"","sticky":false,"template":"","format":"standard","meta":{"footnotes":""},"categories":[1841],"tags":[24339,1605,3364,29,30,1209,1973],"class_list":{"0":"post-508020","1":"post","2":"type-post","3":"status-publish","4":"format-standard","5":"has-post-thumbnail","7":"category-bielefeld","8":"tag-vorhersage","9":"tag-bielefeld","10":"tag-de","11":"tag-deutschland","12":"tag-germany","13":"tag-nordrhein-westfalen","14":"tag-wetter"},"share_on_mastodon":{"url":"https:\/\/pubeurope.com\/@de\/115394453779147454","error":""},"_links":{"self":[{"href":"https:\/\/www.europesays.com\/de\/wp-json\/wp\/v2\/posts\/508020","targetHints":{"allow":["GET"]}}],"collection":[{"href":"https:\/\/www.europesays.com\/de\/wp-json\/wp\/v2\/posts"}],"about":[{"href":"https:\/\/www.europesays.com\/de\/wp-json\/wp\/v2\/types\/post"}],"author":[{"embeddable":true,"href":"https:\/\/www.europesays.com\/de\/wp-json\/wp\/v2\/users\/2"}],"replies":[{"embeddable":true,"href":"https:\/\/www.europesays.com\/de\/wp-json\/wp\/v2\/comments?post=508020"}],"version-history":[{"count":0,"href":"https:\/\/www.europesays.com\/de\/wp-json\/wp\/v2\/posts\/508020\/revisions"}],"wp:featuredmedia":[{"embeddable":true,"href":"https:\/\/www.europesays.com\/de\/wp-json\/wp\/v2\/media\/508021"}],"wp:attachment":[{"href":"https:\/\/www.europesays.com\/de\/wp-json\/wp\/v2\/media?parent=508020"}],"wp:term":[{"taxonomy":"category","embeddable":true,"href":"https:\/\/www.europesays.com\/de\/wp-json\/wp\/v2\/categories?post=508020"},{"taxonomy":"post_tag","embeddable":true,"href":"https:\/\/www.europesays.com\/de\/wp-json\/wp\/v2\/tags?post=508020"}],"curies":[{"name":"wp","href":"https:\/\/api.w.org\/{rel}","templated":true}]}}