{"id":508032,"date":"2025-10-18T09:32:10","date_gmt":"2025-10-18T09:32:10","guid":{"rendered":"https:\/\/www.europesays.com\/de\/508032\/"},"modified":"2025-10-18T09:32:10","modified_gmt":"2025-10-18T09:32:10","slug":"trump-draengt-auf-waffenruhe-dw-18-10-2025","status":"publish","type":"post","link":"https:\/\/www.europesays.com\/de\/508032\/","title":{"rendered":"Trump dr\u00e4ngt auf Waffenruhe \u2013 DW \u2013 18.10.2025"},"content":{"rendered":"<p>Nach einem mit Spannung erwarteten Gespr\u00e4ch zwischen US-Pr\u00e4sident <a class=\"internal-link\" href=\"https:\/\/www.dw.com\/de\/donald-trump\/t-18901598\" rel=\"nofollow noopener\" target=\"_blank\">Donald Trump<\/a> und seinem ukrainischen Amtskollegen <a class=\"internal-link\" href=\"https:\/\/www.dw.com\/de\/wolodymyr-selenskyj\/t-48449478\" rel=\"nofollow noopener\" target=\"_blank\">Wolodymyr Selenskyj<\/a> dr\u00e4ngt Trump auf eine Waffenruhe im <a class=\"internal-link\" href=\"https:\/\/www.dw.com\/de\/ukraine-krieg\/t-60978725\" rel=\"nofollow noopener\" target=\"_blank\">Krieg gegen Russland<\/a>. Beide Seiten sollten &#8222;das T\u00f6ten beenden und einen DEAL machen!&#8220;, schrieb Trump auf der Plattform Truth Social und sagte weiter: &#8222;Sie sollten an ihren jetzigen Positionen haltmachen.&#8220;<\/p>\n<p>Merz: Ukraine braucht einen Friedensplan<\/p>\n<p>Selenskyj signalisierte nach dem Gespr\u00e4ch in Washington Zustimmung. &#8222;Pr\u00e4sident Trump hat recht. (&#8230;) Es ist wichtig, jetzt innezuhalten und dann zu reden.&#8220; Pr\u00e4sident Selenskyj informierte seine europ\u00e4ischen Partner noch am Abend \u00fcber seinen Besuch\u00a0im Wei\u00dfen Haus. Es habe sich um ein &#8222;konstruktives Treffen&#8220; gehandelt, teilte Regierungssprecher Stefan Kornelius nach einem Telefonat Selenskyjs mit europ\u00e4ischen Staats- und Regierungschefs mit, darunter Bundeskanzler <a class=\"internal-link\" href=\"https:\/\/www.dw.com\/de\/friedrich-merz\/t-46680536\" rel=\"nofollow noopener\" target=\"_blank\">Friedrich Merz<\/a>.<\/p>\n<p>Endet jetzt auch der Krieg in der Ukraine?<video id=\"video-74398344\" controls=\"\" playsinline=\"\" preload=\"none\" poster=\"data:image\/png;base64,iVBORw0KGgoAAAANSUhEUgAAAAEAAAABCAQAAAC1HAwCAAAAC0lEQVR42mNkYAAAAAYAAjCB0C8AAAAASUVORK5CYII=\" data-id=\"74398344\" data-posterurl=\"https:\/\/static.dw.com\/image\/74347024_605.webp\" data-duration=\"03:45\"><\/p>\n<p class=\"vjs-no-js\">To view this video please enable JavaScript, and consider upgrading to a web browser that <a href=\"https:\/\/videojs.com\/html5-video-support\/\" target=\"_blank\" rel=\"nofollow noopener\">supports HTML5 video<\/a><\/p>\n<p><\/video><\/p>\n<p>Der CDU-Politiker und die europ\u00e4ischen Partner begr\u00fc\u00dften demnach die &#8222;enge transatlantische Zusammenarbeit und unterstrichen, wie dringlich die Bem\u00fchungen um einen gerechten und dauerhaften Frieden f\u00fcr die Ukraine seien.&#8220; Kanzler Merz sagte nach dem Telefonat: &#8222;Jetzt braucht die Ukraine einen Friedensplan.&#8220; An dem Telefonat hatten den Angaben zufolge auch der <a class=\"internal-link\" href=\"https:\/\/www.dw.com\/de\/nato\/t-17339192\" rel=\"nofollow noopener\" target=\"_blank\">NATO<\/a>-Generalsekret\u00e4r <a class=\"internal-link\" href=\"https:\/\/www.dw.com\/de\/mark-rutte\/t-19170796\" rel=\"nofollow noopener\" target=\"_blank\">Mark Rutte<\/a> sowie die Spitzen der EU-Institutionen teilgenommen.<\/p>\n<p>Kein Durchbruch bei Tomahawks<\/p>\n<p>Selenskyjs Hoffnung auf eine Zusage f\u00fcr die Lieferung von weitreichenden US-Marschflugk\u00f6rpern des <a class=\"internal-link\" href=\"https:\/\/www.dw.com\/de\/tomahawk-raketen-ukraine-krieg-russland-donald-trump-wolodymyr-selenskyj-wladimir-putin-v3\/a-74373945\" rel=\"nofollow noopener\" target=\"_blank\">Typs Tomahawk<\/a> zerschlug sich indes, denn Trump will der Ukraine vorerst keine Tomahawks liefern. Die <a class=\"internal-link\" href=\"https:\/\/www.dw.com\/de\/ukraine\/t-17292877\" rel=\"nofollow noopener\" target=\"_blank\">Ukraine<\/a> werde diese Waffen &#8222;hoffentlich&#8220; gar nicht brauchen, sagte der US-Pr\u00e4sident. &#8222;Hoffentlich werden wir den Krieg beenden k\u00f6nnen, ohne an Tomahawks zu denken&#8220;, sagte Trump. Der US-Pr\u00e4sident zeigte sich erneut zuversichtlich, Kreml-Chef Wladimir Putin zu einer <a class=\"internal-link\" href=\"https:\/\/www.dw.com\/de\/trump-k\u00fcndigt-treffen-mit-putin-in-budapest-an\/a-74394355\" rel=\"nofollow noopener\" target=\"_blank\">Beendigung des Krieges<\/a> bewegen zu k\u00f6nnen.\u00a0\u00a0\u00a0\u00a0\u00a0<\/p>\n<p><img data-format=\"MASTER_LANDSCAPE\" data-id=\"74407139\" data-url=\"https:\/\/static.dw.com\/image\/74407139_${formatId}.jpg\" data-aspect-ratio=\"16\/9\" alt=\"An einem gro\u00dfen Tisch im Wei\u00dfen Haus in Washington sitzen sich US-Pr\u00e4sident Donald Trump und der ukrainische Pr\u00e4sident Wolodymyr Selenskyj gegen\u00fcber, umringt von zahlreichen anderen Personen\" style=\"padding-bottom: 56.25%; height: 0; max-height: 0;\"\/>Amerikanisch-ukrainische Konsultationen im Wei\u00dfen Haus in WashingtonBild: Tom Brenner\/AFP\/Getty Images<\/p>\n<p>&#8222;Ich glaube, dass Pr\u00e4sident <a class=\"internal-link\" href=\"https:\/\/www.dw.com\/de\/wladimir-putin\/t-17289915\" rel=\"nofollow noopener\" target=\"_blank\">Putin<\/a> den Krieg beenden will&#8220;, sagte Trump bei seinem dritten Treffen mit Selenskyj in Washington seit seiner R\u00fcckkehr ins Wei\u00dfe Haus. Selenskyj widersprach dem US-Pr\u00e4sidenten und sagte, Putin sei &#8222;nicht bereit&#8220; f\u00fcr Frieden.<\/p>\n<p>Wochenlange Bem\u00fchungen um\u00a0Tomahawk-Marschflugk\u00f6rper \u00a0 \u00a0\u00a0<\/p>\n<p>Die ukrainische Regierung hatte sich seit Wochen bei der US-Regierung um Tomahawk-Marschflugk\u00f6rper bem\u00fcht und die erhoffte Lieferung als das wichtigste Thema des Treffens von Trump und Selenskyj bezeichnet. Die Tomahawks haben eine Reichweite von bis zu 1600 Kilometern und w\u00fcrden der Ukraine damit Angriffe tief in <a class=\"internal-link\" href=\"https:\/\/www.dw.com\/de\/putin-warnt-usa-vor-tomahawk-lieferung-an-die-ukraine\/a-74225774\" rel=\"nofollow noopener\" target=\"_blank\">russischem Gebiet<\/a> erm\u00f6glichen.\u00a0\u00a0\u00a0\u00a0\u00a0<\/p>\n<p>Bei dem Treffen im Wei\u00dfen Haus bot Selenskyj Trump nun ein Tauschgesch\u00e4ft an: Die <a class=\"internal-link\" href=\"https:\/\/www.dw.com\/de\/usa-vereinigte-staaten-amerika\/t-17286012\" rel=\"nofollow noopener\" target=\"_blank\">USA<\/a> h\u00e4tten Tomahawks und andere &#8222;sehr starke&#8220; Marschflugk\u00f6rper und Raketen und k\u00f6nnten von der Ukraine im Gegenzug &#8222;tausende Drohnen&#8220; bekommen. Nach Angaben aus ukrainischen Delegationskreisen zeigte Selenskyj Trump zudem eine Karte mit m\u00f6glichen Zielen f\u00fcr Angriffe in <a class=\"internal-link\" href=\"https:\/\/www.dw.com\/de\/russland\/t-17284476\" rel=\"nofollow noopener\" target=\"_blank\">Russland<\/a>, auf der etwa Standorte der russischen R\u00fcstungsindustrie verzeichnet waren.<\/p>\n<p>Selenskyj: Thema nicht vom Tisch\u00a0 \u00a0\u00a0<\/p>\n<p>Trump aber wiegelte ab: Die Ukraine trotz der Warnungen Putins mit Tomahwks zu beliefern, k\u00f6nne zu einer &#8222;gro\u00dfen Eskalation&#8220; f\u00fchren. &#8222;Es k\u00f6nnte dazu f\u00fchren, dass eine Menge Schlimmes passiert&#8220;, sagte Trump.<\/p>\n<p>Trump war beim Thema Tomahawks schon l\u00e4nger <a class=\"internal-link\" href=\"https:\/\/www.dw.com\/de\/ukraine-krieg-tomahawk-marschflugk\u00f6rper-angriff-russland-us-pr\u00e4sident-trump-druck-pr\u00e4sident-putin-v4\/a-74330055\" rel=\"nofollow noopener\" target=\"_blank\">hin- und hergerissen<\/a>. Er zeigte sich bereit, \u00fcber die Waffen zu reden, hatte aber zugleich mehrfach betont, die USA brauchten die Tomahawks auch selbst. Trump erw\u00e4hnte in seinem ersten Post auf Truth Social nach dem Gespr\u00e4ch mit Selenskyj die Tomahawks mit keinem Wort.<\/p>\n<p>Selenskyj verwies bei einer Pressekonferenz nach dem Treffen auf eine Bitte der US-Seite, das Thema nicht weiter \u00f6ffentlich zu diskutieren. &#8222;Die USA wollen keine Eskalation&#8220;, begr\u00fcndete der Ukrainer diese Bitte. Dennoch sei das Thema zumindest f\u00fcr ihn nicht vom Tisch. &#8222;Wir m\u00fcssen daran noch mehr arbeiten&#8220;, betonte er.<\/p>\n<p>pg\/pgr (dpa, afp, rtr)<\/p>\n","protected":false},"excerpt":{"rendered":"Nach einem mit Spannung erwarteten Gespr\u00e4ch zwischen US-Pr\u00e4sident Donald Trump und seinem ukrainischen Amtskollegen Wolodymyr Selenskyj dr\u00e4ngt Trump&hellip;\n","protected":false},"author":2,"featured_media":508033,"comment_status":"","ping_status":"","sticky":false,"template":"","format":"standard","meta":{"footnotes":""},"categories":[3977],"tags":[331,332,13,14,15,12,4017,4018,4016,64,4019,4020],"class_list":{"0":"post-508032","1":"post","2":"type-post","3":"status-publish","4":"format-standard","5":"has-post-thumbnail","7":"category-usa","8":"tag-aktuelle-nachrichten","9":"tag-aktuelle-news","10":"tag-headlines","11":"tag-nachrichten","12":"tag-news","13":"tag-schlagzeilen","14":"tag-united-states","15":"tag-united-states-of-america","16":"tag-us","17":"tag-usa","18":"tag-vereinigte-staaten","19":"tag-vereinigte-staaten-von-amerika"},"share_on_mastodon":{"url":"https:\/\/pubeurope.com\/@de\/115394481005046112","error":""},"_links":{"self":[{"href":"https:\/\/www.europesays.com\/de\/wp-json\/wp\/v2\/posts\/508032","targetHints":{"allow":["GET"]}}],"collection":[{"href":"https:\/\/www.europesays.com\/de\/wp-json\/wp\/v2\/posts"}],"about":[{"href":"https:\/\/www.europesays.com\/de\/wp-json\/wp\/v2\/types\/post"}],"author":[{"embeddable":true,"href":"https:\/\/www.europesays.com\/de\/wp-json\/wp\/v2\/users\/2"}],"replies":[{"embeddable":true,"href":"https:\/\/www.europesays.com\/de\/wp-json\/wp\/v2\/comments?post=508032"}],"version-history":[{"count":0,"href":"https:\/\/www.europesays.com\/de\/wp-json\/wp\/v2\/posts\/508032\/revisions"}],"wp:featuredmedia":[{"embeddable":true,"href":"https:\/\/www.europesays.com\/de\/wp-json\/wp\/v2\/media\/508033"}],"wp:attachment":[{"href":"https:\/\/www.europesays.com\/de\/wp-json\/wp\/v2\/media?parent=508032"}],"wp:term":[{"taxonomy":"category","embeddable":true,"href":"https:\/\/www.europesays.com\/de\/wp-json\/wp\/v2\/categories?post=508032"},{"taxonomy":"post_tag","embeddable":true,"href":"https:\/\/www.europesays.com\/de\/wp-json\/wp\/v2\/tags?post=508032"}],"curies":[{"name":"wp","href":"https:\/\/api.w.org\/{rel}","templated":true}]}}