{"id":508036,"date":"2025-10-18T09:34:18","date_gmt":"2025-10-18T09:34:18","guid":{"rendered":"https:\/\/www.europesays.com\/de\/508036\/"},"modified":"2025-10-18T09:34:18","modified_gmt":"2025-10-18T09:34:18","slug":"krise-in-frankreich-sp-senkt-einstufung-frankreich-drohen-hoehere-zinszahlungen","status":"publish","type":"post","link":"https:\/\/www.europesays.com\/de\/508036\/","title":{"rendered":"Krise in Frankreich: S&#038;P senkt Einstufung: Frankreich drohen h\u00f6here Zinszahlungen"},"content":{"rendered":"<p>        Krise in Frankreich<br \/>\n      S&amp;P senkt Einstufung: Frankreich drohen h\u00f6here Zinszahlungen<\/p>\n<p>            Kopiere den aktuellen Link<\/p>\n<p>          Zur Merkliste hinzuf\u00fcgen<\/p>\n<p>Auf Frankreich lastet die gewaltige Summe von 3.300 Milliarden Euro Schulden. Was passiert, wenn Wirtschaftsreformen weiter ausbleiben und Investoren das Vertrauen verlieren?<\/p>\n<p class=\"typo-body-sc-md is-initial\">Weiteres Alarmzeichen f\u00fcr <a class=\"taxonomy-entity place\" data-target-type=\"article\" href=\"https:\/\/www.stern.de\/politik\/ausland\/themen\/frankreich-4540716.html\" target=\"_blank\" rel=\"noopener\">Frankreichs<\/a> Regierung: Die Ratingagentur Standard &amp; Poor&#8217;s (S&amp;P) hat die Kreditw\u00fcrdigkeit des hoch verschuldeten Landes von &#8222;AA-&#8220; auf &#8222;A+&#8220; abgestuft. Obwohl zuletzt ein Entwurf f\u00fcr den Haushalt eingebracht wurde, bleibe die Unsicherheit bestehen, begr\u00fcndete S&amp;P den Schritt vom Freitagabend. Durch die schlechtere Bewertung kann die Zinslast bei neu auszugebenden Staatsanleihen steigen.<\/p>\n<p class=\"typo-body-sc-md\">Finanzminister Roland Lescure interpretiert die Ratingentscheidung als &#8222;Aufruf zur Klarheit, zur Verantwortung&#8220;, wie er dem Radiosender <a class=\"taxonomy-entity organization\" data-target-type=\"article\" href=\"https:\/\/www.stern.de\/panorama\/themen\/franceinfo-7280030.html\" target=\"_blank\" rel=\"noopener\">Franceinfo<\/a> sagte. &#8222;Es ist ein Aufruf zur Ernsthaftigkeit&#8220;, f\u00fcgte er mit Blick auf die \u00f6ffentlichen Finanzen Frankreichs hinzu. &#8222;Wir k\u00f6nnen diese Wolke nicht ignorieren, die zu einem Wetterbericht hinzukommt, der ohnehin schon ziemlich d\u00fcster ist.&#8220;<\/p>\n<p class=\"typo-body-sc-md\">Bei S&amp;P hat die zweitgr\u00f6\u00dfte Volkswirtschaft der Eurozone jetzt die gleiche Note wie Portugal und Spanien.\u00a0Die S&amp;P-Experten rechnen nach wie vor mit einer hohen Neuverschuldung des Landes von mehr als f\u00fcnf Prozent, gemessen am Bruttoinlandsprodukt. Die neu formierte Regierung des Landes um Premierminister S\u00e9bastien hat sich zum Ziel gesetzt, diesen Wert im kommenden Jahr von den f\u00fcr 2025 erwarteten 5,4 Prozent auf 4,7 Prozent zu dr\u00fccken. Bis 2029 soll die Neuverschuldung auf 3 Prozent der Wirtschaftsleistung gedr\u00fcckt werden.<\/p>\n<p class=\"typo-body-sc-md\">Mit der \u00fcberraschenden Abstufung durch S&amp;P hat Frankreich bei zwei der drei gr\u00f6\u00dften Ratingagenturen die Doppel-A-<a class=\"taxonomy-entity keyword\" data-target-type=\"article\" href=\"https:\/\/www.stern.de\/wirtschaft\/news\/themen\/einstufung-4196592.html\" target=\"_blank\" rel=\"noopener\">Einstufung<\/a> verloren. Erst im September hatte Fitch die Note f\u00fcr die Kreditw\u00fcrdigkeit des Landes von &#8222;AA-&#8220; auf &#8222;A+&#8220; reduziert. Am Freitag kommender Woche steht die Entscheidung von Moody&#8217;s an. Diese stuft das Land derzeit noch mit &#8222;Aa3&#8220; ein.<\/p>\n<p class=\"typo-body-sc-md\">Durch die j\u00fcngsten Abwertungen k\u00f6nnen Investmentfonds mit strengen Ratinganforderungen gezwungen werden, sich von franz\u00f6sischen Staatsanleihen zu trennen. Dies k\u00f6nnte den Druck auf den ohnehin angeschlagenen Markt f\u00fcr die Papiere erh\u00f6hen. Bereits in den vergangenen Wochen ist der Risikoaufschlag wegen der Regierungskrise im Vergleich zu deutschen Anleihen stark angestiegen, auch wenn sich die Lage in den vergangenen Tagen nach dem abgewendeten Misstrauensvotum gegen Lecornu wieder etwas beruhigte.<\/p>\n<p class=\"typo-body-sc-md\">&#8222;Frankreich erlebt derzeit die schwerste politische Instabilit\u00e4t seit der Gr\u00fcndung der F\u00fcnften Republik im Jahr 1958&#8220;, hie\u00df es in der S&amp;P-Analyse zur Abstufung. &#8222;Selbst wenn vorgezogene Parlamentswahlen angesetzt w\u00fcrden und diese zu einer klaren Mehrheit in der Nationalversammlung f\u00fchren w\u00fcrden, gibt es keine Garantie daf\u00fcr, dass dies den Weg f\u00fcr einen glaubw\u00fcrdigen mittelfristigen Plan zur Haushaltskonsolidierung oder die Umsetzung von Wirtschaftsreformen ebnen w\u00fcrde.&#8220;<\/p>\n<p>\n    dpa\n  <\/p>\n","protected":false},"excerpt":{"rendered":"Krise in Frankreich S&amp;P senkt Einstufung: Frankreich drohen h\u00f6here Zinszahlungen Kopiere den aktuellen Link Zur Merkliste hinzuf\u00fcgen Auf&hellip;\n","protected":false},"author":2,"featured_media":508037,"comment_status":"","ping_status":"","sticky":false,"template":"","format":"standard","meta":{"footnotes":""},"categories":[3974],"tags":[331,332,548,663,3934,3980,156,13,14,15,12],"class_list":{"0":"post-508036","1":"post","2":"type-post","3":"status-publish","4":"format-standard","5":"has-post-thumbnail","7":"category-frankreich","8":"tag-aktuelle-nachrichten","9":"tag-aktuelle-news","10":"tag-eu","11":"tag-europa","12":"tag-europe","13":"tag-france","14":"tag-frankreich","15":"tag-headlines","16":"tag-nachrichten","17":"tag-news","18":"tag-schlagzeilen"},"share_on_mastodon":{"url":"https:\/\/pubeurope.com\/@de\/115394489001492338","error":""},"_links":{"self":[{"href":"https:\/\/www.europesays.com\/de\/wp-json\/wp\/v2\/posts\/508036","targetHints":{"allow":["GET"]}}],"collection":[{"href":"https:\/\/www.europesays.com\/de\/wp-json\/wp\/v2\/posts"}],"about":[{"href":"https:\/\/www.europesays.com\/de\/wp-json\/wp\/v2\/types\/post"}],"author":[{"embeddable":true,"href":"https:\/\/www.europesays.com\/de\/wp-json\/wp\/v2\/users\/2"}],"replies":[{"embeddable":true,"href":"https:\/\/www.europesays.com\/de\/wp-json\/wp\/v2\/comments?post=508036"}],"version-history":[{"count":0,"href":"https:\/\/www.europesays.com\/de\/wp-json\/wp\/v2\/posts\/508036\/revisions"}],"wp:featuredmedia":[{"embeddable":true,"href":"https:\/\/www.europesays.com\/de\/wp-json\/wp\/v2\/media\/508037"}],"wp:attachment":[{"href":"https:\/\/www.europesays.com\/de\/wp-json\/wp\/v2\/media?parent=508036"}],"wp:term":[{"taxonomy":"category","embeddable":true,"href":"https:\/\/www.europesays.com\/de\/wp-json\/wp\/v2\/categories?post=508036"},{"taxonomy":"post_tag","embeddable":true,"href":"https:\/\/www.europesays.com\/de\/wp-json\/wp\/v2\/tags?post=508036"}],"curies":[{"name":"wp","href":"https:\/\/api.w.org\/{rel}","templated":true}]}}