{"id":508047,"date":"2025-10-18T09:40:10","date_gmt":"2025-10-18T09:40:10","guid":{"rendered":"https:\/\/www.europesays.com\/de\/508047\/"},"modified":"2025-10-18T09:40:10","modified_gmt":"2025-10-18T09:40:10","slug":"bonner-staatsanwaltschaft-klagt-marco-gianni-an","status":"publish","type":"post","link":"https:\/\/www.europesays.com\/de\/508047\/","title":{"rendered":"Bonner Staatsanwaltschaft klagt Marco Gianni an"},"content":{"rendered":"<p>Es geht darum, dass Gianni f\u00fcr eine Fernsehproduktion in einer t\u00e4uschend echten Polizeiuniform durch die Euskirchener Innenstadt gelaufen ist. Das sei Amtsanma\u00dfung, teilt das Amtsgericht Euskirchen auf Anfrage mit. Die Ermittler wurden durch den Instagram-Account des Komikers auf die mutma\u00dfliche Straftat aufmerksam. In einem Video zeigt sich Gianni vor seinen knapp 600 tausend Followern in der Uniform. Auch den Strafbefehl teilte Gianni auf seinem Instagram-Konto. Das Gericht hat eine Geldstrafe von 3.200 Euro verh\u00e4ngt, dagegen hat der Komiker Einspruch gelegt. Jetzt kommt es zu einer Verhandlung.\u00a0<\/p>\n","protected":false},"excerpt":{"rendered":"Es geht darum, dass Gianni f\u00fcr eine Fernsehproduktion in einer t\u00e4uschend echten Polizeiuniform durch die Euskirchener Innenstadt gelaufen&hellip;\n","protected":false},"author":2,"featured_media":508048,"comment_status":"","ping_status":"","sticky":false,"template":"","format":"standard","meta":{"footnotes":""},"categories":[1842],"tags":[126696,126695,126697,126694,1741,3364,29,2214,30,152,1209],"class_list":{"0":"post-508047","1":"post","2":"type-post","3":"status-publish","4":"format-standard","5":"has-post-thumbnail","7":"category-bonn","8":"tag-amtsgericht-euskirchen","9":"tag-komiker","10":"tag-marco-gianni","11":"tag-staatsanwaltschaft-bonn","12":"tag-bonn","13":"tag-de","14":"tag-deutschland","15":"tag-euskirchen","16":"tag-germany","17":"tag-instagram","18":"tag-nordrhein-westfalen"},"share_on_mastodon":{"url":"https:\/\/pubeurope.com\/@de\/115394512445685050","error":""},"_links":{"self":[{"href":"https:\/\/www.europesays.com\/de\/wp-json\/wp\/v2\/posts\/508047","targetHints":{"allow":["GET"]}}],"collection":[{"href":"https:\/\/www.europesays.com\/de\/wp-json\/wp\/v2\/posts"}],"about":[{"href":"https:\/\/www.europesays.com\/de\/wp-json\/wp\/v2\/types\/post"}],"author":[{"embeddable":true,"href":"https:\/\/www.europesays.com\/de\/wp-json\/wp\/v2\/users\/2"}],"replies":[{"embeddable":true,"href":"https:\/\/www.europesays.com\/de\/wp-json\/wp\/v2\/comments?post=508047"}],"version-history":[{"count":0,"href":"https:\/\/www.europesays.com\/de\/wp-json\/wp\/v2\/posts\/508047\/revisions"}],"wp:featuredmedia":[{"embeddable":true,"href":"https:\/\/www.europesays.com\/de\/wp-json\/wp\/v2\/media\/508048"}],"wp:attachment":[{"href":"https:\/\/www.europesays.com\/de\/wp-json\/wp\/v2\/media?parent=508047"}],"wp:term":[{"taxonomy":"category","embeddable":true,"href":"https:\/\/www.europesays.com\/de\/wp-json\/wp\/v2\/categories?post=508047"},{"taxonomy":"post_tag","embeddable":true,"href":"https:\/\/www.europesays.com\/de\/wp-json\/wp\/v2\/tags?post=508047"}],"curies":[{"name":"wp","href":"https:\/\/api.w.org\/{rel}","templated":true}]}}