{"id":508058,"date":"2025-10-18T09:47:55","date_gmt":"2025-10-18T09:47:55","guid":{"rendered":"https:\/\/www.europesays.com\/de\/508058\/"},"modified":"2025-10-18T09:47:55","modified_gmt":"2025-10-18T09:47:55","slug":"pleiten-pech-und-pannen-hannover-96-verliert-gegen-schalke-2","status":"publish","type":"post","link":"https:\/\/www.europesays.com\/de\/508058\/","title":{"rendered":"Pleiten, Pech und Pannen: Hannover 96 verliert gegen Schalke"},"content":{"rendered":"<p>        <img decoding=\"async\" src=\"https:\/\/www.europesays.com\/de\/wp-content\/uploads\/2025\/10\/hannover-490.webp\" alt=\"Trainer Christian Titz von Hannover 96\" title=\"Trainer Christian Titz von Hannover 96 | IMAGO\/Marco Steinbrenner\/DeFodi Images\" class=\"responsive\"\/><\/p>\n<p>AUDIO: 96-Trainer Titz: &#8222;Waren am Anfang fahrig&#8220; (3 Min)<\/p>\n<p>\n            Stand: 17.10.2025 21:13 Uhr<\/p>\n<p class=\"preface\">Hannover 96 hat das Zweitliga-Topspiel am Freitagabend gegen den FC Schalke 04 mit 0:3 (0:2) verloren. Die Niedersachsen luden den Gegner erst zum Toreschie\u00dfen ein, dann ging auch vorne alles schief.<\/p>\n<p class=\"textauthor\">von Florian Neuhauss<\/p>\n<p class=\"\">&#8222;The trend is your friend&#8220;, hei\u00dft es im Fu\u00dfball oft, wenn es l\u00e4uft. Und manchmal kann von Freundschaft schlicht keine Rede sein. Neu-Trainer Christian Titz war mit Hannover mit vier Siegen in die Saison gestartet. Von den folgenden f\u00fcnf Spielen konnte das Team aber nur noch eines gewinnen.<\/p>\n<p class=\"\">&#8222;Wir haben es leider heute nicht hinbekommen&#8220;, sagte Titz, der mit der schwachen Anfangsphase und der eigenen Chancenverwertung haderte. Die Fehler werde er &#8222;klar ansprechen&#8220;, diese gelte es schnellstm\u00f6glich abzustellen.<\/p>\n<p>        <img decoding=\"async\" src=\"https:\/\/www.europesays.com\/de\/wp-content\/uploads\/2025\/08\/1755785782_765_tabelle190.webp\" alt=\"Eine Fu\u00dfballtabelle vor eine Fu\u00dfballmotiv\" title=\"Eine Fu\u00dfballtabelle vor eine Fu\u00dfballmotiv | Colourbox, Pressmaster\" class=\"responsive\" loading=\"lazy\"\/><\/p>\n<p>Ergebnisse, Tabellenst\u00e4nde und die Spieltage im \u00dcberblick.<\/p>\n<p class=\"\">W\u00e4hrend Schalke dank Doppelpacker Moussa Sylla (3.\/14.) und Christian Gomis (86.) die drei Punkte holte und zumindest f\u00fcr eine Nacht Tabellenf\u00fchrer ist, droht 96 am Wochenende den Anschluss an die Aufstiegsr\u00e4nge erst einmal zu verlieren. Und nun kommt das Niedersachsenderby bei der Braunschweiger Eintracht, die ihre <a href=\"https:\/\/www.ndr.de\/sport\/fussball\/pleitenserie-beendet-eintracht-braunschweig-siegt-in-duesseldorf,eintracht-184.html\" title=\"Negativserie beendet: Eintracht Braunschweig siegt in D\u00fcsseldorf\" target=\"_blank\" rel=\"noopener\">Negativserie beendet<\/a> hat.<\/p>\n<p>    Kurz nach dem Anpfiff: Kalte Dusche f\u00fcr Hannover<\/p>\n<p class=\"\">Das Spiel h\u00e4tte aus Sicht der Hausherren gar nicht schlechter beginnen k\u00f6nnen. Maurice\u00a0Neubauer verlor den Ball in der eigenen H\u00e4lfte und Schalke schlug eiskalt zu: Sylla war im Strafraum zwar von &#8222;Roten&#8220; umringt, richtig gest\u00f6rt wurde der malische Nationalspieler beim Abschluss aber nicht. 1:0 f\u00fcr die Knappen &#8211; da waren noch nicht mal drei Minuten gespielt.<\/p>\n<p>                    <a href=\"https:\/\/www.europesays.com\/de\/wp-content\/uploads\/2025\/10\/hannover-488.webp\" class=\"zoomimage\" title=\"Bild vergr\u00f6\u00dfern\"><\/p>\n<p>        <img decoding=\"async\" src=\"https:\/\/www.europesays.com\/de\/wp-content\/uploads\/2025\/10\/hannover-488.webp\" alt=\"Szene aus dem Zweitliga-Spiel Hannover 96 - Schalke 04\" title=\"Schalkes Moussa Sylla k\u00f6pft ungest\u00f6rt zum 2:0 ein. | IMAGO\/osnapix \/ Michael Titgemeyer\" class=\"responsive\" loading=\"lazy\"\/><\/p>\n<p>                    <\/a><\/p>\n<p>                    Schalkes Moussa Sylla k\u00f6pft ungest\u00f6rt zum 2:0 ein.<\/p>\n<p class=\"\">In der 14. Minute legte Schalkes Angreifer nach: Bei einer Ecke sah die 96-Verteidigung wieder ganz schlecht aus. Am langen Pfosten kam Sylla vollkommen frei zum Abschluss und lie\u00df sich nicht zweimal bitten &#8211; 2:0.<\/p>\n<p>    Zwei 96-Tore z\u00e4hlen wegen Abseits nicht<\/p>\n<p class=\"\">Das war eine kalte Dusche f\u00fcr Hannover, das offensiv selbst durchaus zu gefallen wusste. Aber Benjamin K\u00e4llman verfehlte das Tor (5.), Mustapha\u00a0Bundu scheiterte an S04-Keeper Loris Karius (32.) und Jannik Rochelts Schuss wurde noch von der Linie gekratzt (39.). Kurios: Gleich zweimal jubelten die Niedersachsen \u00fcber einen vermeintlichen Treffer, aber sowohl Bundu (16.) als auch K\u00e4llman (34.) standen im Abseits.<\/p>\n<p>    Elfmeter zur\u00fcckgenommen, Tormusik f\u00e4lschlicherweise<\/p>\n<p class=\"\">Unmittelbar nach Wiederbeginn brandete erneut Jubel im ausverkauften Stadion auf &#8211; Schiedsrichter Martin Petersen entschied auf Handelfmeter f\u00fcr Hannover. Doch wieder w\u00e4hrte die Freude nur kurz, weil der Videoassistent sich meldete: Vitalie Beckers Arm war bei der Flanke von Hayate Matsuda angelegt (46.).<\/p>\n<p class=\"\">Und kurz darauf erklang sogar schon die Tormusik. Dabei hatte Bundu nur eine Stange hinter dem Tor getroffen &#8211; von der sprang der Ball von hinten ans Netz (63.). Nach Pleiten und Pech war jetzt auch noch die Panne dazugekommen.<\/p>\n<p class=\"\">Titz versuchte mit einem Dreifachwechsel (74.), f\u00fcr Schwung in der Schlussphase zu sorgen. Doch das letzte Tor schoss wiederum Schalke: Joker Gomis traf per Kopf zum 3:0 (86.).<\/p>\n<p>9. Spieltag, 17.10.2025 18:30 Uhr<\/p>\n<p>                    <img decoding=\"async\" alt=\"\" aria-hidden=\"true\" class=\"steno-team-emblem\" src=\"https:\/\/images.ndr.de\/image\/b6942033-d951-4cf2-95ca-b5feb7d68bdb\/AAABlbMYTA0\/AAABmKJi16M\/original\/wappen234.svg\"\/><\/p>\n<p>Noll &#8211; Ghita, Tomiak, Blank &#8211; Leopold &#8211; Matsuda, Neubauer (74. Chakroun) &#8211; Taibi (81. Aseko Nkili) &#8211; Bundu (74. Yokota), K\u00e4llman (89. Nielsen), Rochelt (74. Oudenne)<\/p>\n<p>0<\/p>\n<p>                    <img decoding=\"async\" alt=\"\" aria-hidden=\"true\" class=\"steno-team-emblem\" src=\"https:\/\/images.ndr.de\/image\/e14543e7-34b4-4558-b192-081808cd2d78\/AAABlbMG8CM\/AAABmKJi16M\/original\/wappen194.svg\"\/><\/p>\n<p>Karius &#8211; Ayhan, Katic, Kurucay &#8211; Gantenbein, El-Faouzi, Schallenberg (90.+6 Zalazar), V. Becker (83. S\u00e1nchez), Antwi-Adjei (76. Gomis), Karaman (90.+6 Porath) &#8211; Sylla (76. Bachmann)<\/p>\n<p>3<\/p>\n<p>                Tore<\/p>\n<ul class=\"steno-facts-list\" aria-label=\"Liste der im Spiel erzielten Treffer\">\n<li><strong>0:1<\/strong> Sylla (3.)<\/li>\n<li><strong>0:2<\/strong> Sylla (14.)<\/li>\n<li><strong>0:3<\/strong> Gomis (85.)<\/li>\n<\/ul>\n<p>        <a class=\"button\" href=\"https:\/\/www.ndr.de\/sport\/ergebnisse\/spielstatistik-866.html\" target=\"_blank\" rel=\"noopener\">Weitere Daten zum Spiel<\/a><\/p>\n","protected":false},"excerpt":{"rendered":"AUDIO: 96-Trainer Titz: &#8222;Waren am Anfang fahrig&#8220; (3 Min) Stand: 17.10.2025 21:13 Uhr Hannover 96 hat das Zweitliga-Topspiel&hellip;\n","protected":false},"author":2,"featured_media":506475,"comment_status":"","ping_status":"","sticky":false,"template":"","format":"standard","meta":{"footnotes":""},"categories":[1836],"tags":[621,3364,29,347,30,46,2366,1552,1411],"class_list":{"0":"post-508058","1":"post","2":"type-post","3":"status-publish","4":"format-standard","5":"has-post-thumbnail","7":"category-hannover","8":"tag-2-bundesliga","9":"tag-de","10":"tag-deutschland","11":"tag-fussball","12":"tag-germany","13":"tag-hannover","14":"tag-hannover-96","15":"tag-newsticker","16":"tag-niedersachsen"},"share_on_mastodon":{"url":"https:\/\/pubeurope.com\/@de\/115394544607673300","error":""},"_links":{"self":[{"href":"https:\/\/www.europesays.com\/de\/wp-json\/wp\/v2\/posts\/508058","targetHints":{"allow":["GET"]}}],"collection":[{"href":"https:\/\/www.europesays.com\/de\/wp-json\/wp\/v2\/posts"}],"about":[{"href":"https:\/\/www.europesays.com\/de\/wp-json\/wp\/v2\/types\/post"}],"author":[{"embeddable":true,"href":"https:\/\/www.europesays.com\/de\/wp-json\/wp\/v2\/users\/2"}],"replies":[{"embeddable":true,"href":"https:\/\/www.europesays.com\/de\/wp-json\/wp\/v2\/comments?post=508058"}],"version-history":[{"count":0,"href":"https:\/\/www.europesays.com\/de\/wp-json\/wp\/v2\/posts\/508058\/revisions"}],"wp:featuredmedia":[{"embeddable":true,"href":"https:\/\/www.europesays.com\/de\/wp-json\/wp\/v2\/media\/506475"}],"wp:attachment":[{"href":"https:\/\/www.europesays.com\/de\/wp-json\/wp\/v2\/media?parent=508058"}],"wp:term":[{"taxonomy":"category","embeddable":true,"href":"https:\/\/www.europesays.com\/de\/wp-json\/wp\/v2\/categories?post=508058"},{"taxonomy":"post_tag","embeddable":true,"href":"https:\/\/www.europesays.com\/de\/wp-json\/wp\/v2\/tags?post=508058"}],"curies":[{"name":"wp","href":"https:\/\/api.w.org\/{rel}","templated":true}]}}