{"id":508061,"date":"2025-10-18T09:50:14","date_gmt":"2025-10-18T09:50:14","guid":{"rendered":"https:\/\/www.europesays.com\/de\/508061\/"},"modified":"2025-10-18T09:50:14","modified_gmt":"2025-10-18T09:50:14","slug":"schaedelknochen-heimlich-an-uniklinik-herausoperiert","status":"publish","type":"post","link":"https:\/\/www.europesays.com\/de\/508061\/","title":{"rendered":"Sch\u00e4delknochen heimlich an Uniklinik herausoperiert"},"content":{"rendered":"<p>&#8222;St\u00f6rung der Totenruhe&#8220; <\/p>\n<p>Sch\u00e4delknochen heimlich an Uniklinik herausoperiert<\/p>\n<p>18.10.2025 &#8211; 11:38 UhrLesedauer: 2 Min.<\/p>\n<p><a href=\"#focus-0\" class=\"transition-colors duration-200 block text-current relative\" data-sctrack=\"FocusGalleryImage.Reference\"><img fetchpriority=\"high\" data-testid=\"Opener.Image\" style=\"--lqipURL:url('https:\/\/images.t-online.de\/2024\/09\/KdlIrVxTt9to\/0x59:4000x2250\/fit-in\/150x0\/filters:blur(25)\/notaufnahme-des-uniklinikums-dresden-symbolbild-der-einbrecher-ist-weiterhin-fluechtig.jpg')\"   loading=\"eager\" src=\"https:\/\/www.europesays.com\/de\/wp-content\/uploads\/2025\/10\/notaufnahme-des-uniklinikums-dresden-symbolbild-der-einbrecher-ist-weiterhin-fluechtig.jpg\" alt=\"Blick auf Notaufnahme des Uniklinikums Dresden (Symbolbild):\" title=\"Blick auf Notaufnahme des Uniklinikums Dresden (Symbolbild):\" width=\"4000\" height=\"2250\" class=\"bg-[url:var(--lqipURL)] bg-cover bg-center flex h-full w-full max-w-full\" decoding=\"async\"\/><img style=\"--width:32;--height:32\" loading=\"lazy\" src=\"https:\/\/www.t-online.de\/s\/paper\/_next\/static\/media\/zoom-in.f7dae02f.svg\" alt=\"Vergr\u00f6\u00dfern des Bildes\" title=\"Vergr\u00f6\u00dfern des Bildes\" class=\"block h-[calc(var(--height)_\/_16_*_1rem)] w-[calc(var(--width)_\/_16_*_1rem)] max-w-none absolute bottom-8 right-8 rounded-4 bg-snow p-8\" decoding=\"async\"\/><\/a><\/p>\n<p>Notaufnahme des Uniklinikums Dresden (Symbolbild): Es geht um 13 F\u00e4lle. (Quelle: imago)<\/p>\n<p class=\"font-bold text-18 leading-17\">Beamte fahren an der Uniklinik Dresden vor \u2013 und starten eine Razzia. Der Verdacht: Mitarbeiter sollen sich an Leichen vergangen haben.<\/p>\n<p class=\"text-18 leading-17\">Am Universit\u00e4tsklinikum <a rel=\"nofollow noopener\" target=\"_blank\" class=\"transition-colors duration-200 cursor-pointer text-inherit no-underline text-salemsfur md:hover:text-magenta md:hover:border-magenta md:focus:text-magenta border-current border-b border-solid break-words\" href=\"https:\/\/dresden.t-online.de\/region\/dresden\/\" data-sctrack=\"BodyAnchor\">Dresden<\/a> ermitteln Polizei und Staatsanwaltschaft wegen einer m\u00f6glichen St\u00f6rung der Totenruhe. Am Donnerstag starteten die Beamten eine Razzia. Wie die Uniklinik mitteilte, durchsuchten Ermittler R\u00e4ume des Klinikums und der Medizinischen Fakult\u00e4t der TU Dresden.<\/p>\n<p class=\"text-18 leading-17\">Laut Staatsanwaltschaft Dresden richten sich die Ermittlungen gegen drei Mitarbeiter des Universit\u00e4tsklinikums und des Instituts f\u00fcr Rechtsmedizin der TU Dresden. Es gehe um die &#8222;unrechtm\u00e4\u00dfige Entnahme von menschlichen Felsenbeinen in 13 F\u00e4llen&#8220;.<\/p>\n<p class=\"text-18 leading-17\">Die Mitarbeiter sollen demnach Leichen Sch\u00e4delknochen herausoperiert haben. Das Felsenbein (Pars petrosa ossis temporalis), ist ein Teil des Sch\u00e4delskeletts. Es liegt an der Basis des Schl\u00e4fenbeins und umgibt das Innenohr.<\/p>\n<p class=\"text-18 leading-17\">&#8222;Der im Raum stehende Tatbestand schockiert uns zutiefst&#8220;, teilte das Universit\u00e4tsklinikum am Freitag mit. Das Klinikum trete f\u00fcr einen klaren ethischen und medizinrechtlichen Wertekanon ein.<\/p>\n<p class=\"text-18 leading-17\">&#8222;Selbstverst\u00e4ndlich&#8220; unterst\u00fctze das Klinikum die Beh\u00f6rden bei der Aufkl\u00e4rung nach Kr\u00e4ften und mit absoluter Transparenz: &#8222;Wir werden alle notwendigen Ma\u00dfnahmen schnellstm\u00f6glich einleiten. Ziel muss eine l\u00fcckenlose Aufkl\u00e4rung sein.&#8220;<\/p>\n<p class=\"text-18 leading-17\">Weitere Einzelheiten nannte das Universit\u00e4tsklinikum unter Verweis auf die laufenden Ermittlungen nicht. Die Staatsanwaltschaft teilte unterdessen mit, bei der Durchsuchung seien umfangreiche Beweismittel, darunter Handys und Speichermedien, sichergestellt worden. Die Ermittlungen, in die auch das Landeskriminalamt Sachsen eingebunden sei, w\u00fcrden noch einige Zeit in Anspruch nehmen.<\/p>\n<p class=\"text-18 leading-17\">St\u00f6rung der Totenruhe ist eine Straftat und wird mit Freiheitsstrafe bis zu drei Jahren oder mit einer Geldstrafe geahndet. Auch der Versuch ist strafbar. Die Totenruhe wird beispielsweise gest\u00f6rt, wenn Totenasche unbefugt entnommen, zerst\u00f6rt oder besch\u00e4digt wird. Auch die Besch\u00e4digung von Gr\u00e4bern oder ihre Entweihung z\u00e4hlt darunter.<\/p>\n","protected":false},"excerpt":{"rendered":"&#8222;St\u00f6rung der Totenruhe&#8220; Sch\u00e4delknochen heimlich an Uniklinik herausoperiert 18.10.2025 &#8211; 11:38 UhrLesedauer: 2 Min. Notaufnahme des Uniklinikums Dresden&hellip;\n","protected":false},"author":2,"featured_media":508062,"comment_status":"","ping_status":"","sticky":false,"template":"","format":"standard","meta":{"footnotes":""},"categories":[1835],"tags":[3364,29,2386,30,4358,121,1442,859,1997,3809,126698,13852,20953,27566,104609],"class_list":{"0":"post-508061","1":"post","2":"type-post","3":"status-publish","4":"format-standard","5":"has-post-thumbnail","7":"category-dresden","8":"tag-de","9":"tag-deutschland","10":"tag-dresden","11":"tag-germany","12":"tag-notaufnahme","13":"tag-polizei","14":"tag-razzia","15":"tag-sachsen","16":"tag-staatsanwaltschaft","17":"tag-stoerung","18":"tag-totenruhe","19":"tag-tu-dresden","20":"tag-uniklinik","21":"tag-uniklinikum","22":"tag-universitaetsklinikum-dresden"},"share_on_mastodon":{"url":"","error":""},"_links":{"self":[{"href":"https:\/\/www.europesays.com\/de\/wp-json\/wp\/v2\/posts\/508061","targetHints":{"allow":["GET"]}}],"collection":[{"href":"https:\/\/www.europesays.com\/de\/wp-json\/wp\/v2\/posts"}],"about":[{"href":"https:\/\/www.europesays.com\/de\/wp-json\/wp\/v2\/types\/post"}],"author":[{"embeddable":true,"href":"https:\/\/www.europesays.com\/de\/wp-json\/wp\/v2\/users\/2"}],"replies":[{"embeddable":true,"href":"https:\/\/www.europesays.com\/de\/wp-json\/wp\/v2\/comments?post=508061"}],"version-history":[{"count":0,"href":"https:\/\/www.europesays.com\/de\/wp-json\/wp\/v2\/posts\/508061\/revisions"}],"wp:featuredmedia":[{"embeddable":true,"href":"https:\/\/www.europesays.com\/de\/wp-json\/wp\/v2\/media\/508062"}],"wp:attachment":[{"href":"https:\/\/www.europesays.com\/de\/wp-json\/wp\/v2\/media?parent=508061"}],"wp:term":[{"taxonomy":"category","embeddable":true,"href":"https:\/\/www.europesays.com\/de\/wp-json\/wp\/v2\/categories?post=508061"},{"taxonomy":"post_tag","embeddable":true,"href":"https:\/\/www.europesays.com\/de\/wp-json\/wp\/v2\/tags?post=508061"}],"curies":[{"name":"wp","href":"https:\/\/api.w.org\/{rel}","templated":true}]}}