{"id":508078,"date":"2025-10-18T09:59:17","date_gmt":"2025-10-18T09:59:17","guid":{"rendered":"https:\/\/www.europesays.com\/de\/508078\/"},"modified":"2025-10-18T09:59:17","modified_gmt":"2025-10-18T09:59:17","slug":"7-good-news-vom-niederrhein-duesseldorfer-kultkneipe-ist-zurueck","status":"publish","type":"post","link":"https:\/\/www.europesays.com\/de\/508078\/","title":{"rendered":"7 Good News vom Niederrhein: D\u00fcsseldorfer Kultkneipe ist zur\u00fcck"},"content":{"rendered":"<p class=\"expressive-copy-lg-body\">Zwischen Krisenmeldungen und Alltagstrubel gehen sie leicht unter \u2013 die leisen, hoffnungsvollen Geschichten, die zeigen, dass die Welt auch anders kann. Auch diese Woche kommen deshalb wieder sieben gute Nachrichten aus unserer Region, die das Herz erw\u00e4rmen.<\/p>\n<p>D\u00fcsseldorfer Altstadtkneipe kehrt mit neuer Betreiberin zur\u00fcck<\/p>\n<p class=\"expressive-copy-lg-body\">Die legend\u00e4re Jazz-Bar \u201eEm P\u00f6\u00f6tzke\u201c wird mit Stanislava Balueva wieder neues Leben bekommen. Die 38-J\u00e4hrige ist die neue Betreiberin der Kultkneipe, die mittlerweile \u00fcber 59 Jahre Stadtgeschichte transportiert und als eine der \u00e4ltesten Jazz-Kneipen Deutschlands gilt.\u00a0Zu Beginn des Jahres schloss die Kneipe \u2013 damit verschwand einer der letzten Orte der Altstadt, in demr es noch Livemusik gab. Doch es gibt ein Happy End: Nach einigen Monaten Ruhe wird das  \u201eEm P\u00f6\u00f6tzke\u201c nun mit neuer F\u00fchrung zur\u00fcckkehren.<\/p>\n<p class=\"expressive-copy-lg-body\">Das Lokal hat Balueva bei ihrem ersten Besuch sofort in seinen Bann gezogen. <a href=\"https:\/\/www.nrz.de\/lokales\/duesseldorf\/article410199189\/em-poeoetzke-wieder-auf.html\" data-category-full-path=\"https:\/\/www.nrz.de\/lokales\/duesseldorf\/\" data-paid-status=\"premium\" data-article-publish-date=\"1760346360\" rel=\"nofollow noopener\" target=\"_blank\">Was die 38-J\u00e4hrige so verzaubert hat und was Besucher nun erwartet.<\/a><\/p>\n<p>Dinslakener Krankenhaus gelingt schwierige Krebsoperation <\/p>\n<p>    <img decoding=\"async\" src=\"https:\/\/www.europesays.com\/de\/wp-content\/uploads\/2025\/10\/410228891_1760519379_v16_9_1200.jpeg\" class=\"block w-full object-cover relative z-10 aspect-[16\/9] md:aspect-[16\/9] lg:aspect-[16\/9] \" alt=\"Julia Terhorst (Assistenz\u00e4rztin), Patientin Jutta und Chefarzt Adel Rizk sind froh \u00fcber die gegl\u00fcckte Operation im St. Vinzenz Hospital in Dinslaken.\" title=\"Julia Terhorst (Assistenz\u00e4rztin), Patientin Jutta und Chefarzt Adel Rizk sind froh \u00fcber die gegl\u00fcckte Operation im St. Vinzenz Hospital in Dinslaken.\" loading=\"lazy\"\/><\/p>\n<p>\n      Julia Terhorst (Assistenz\u00e4rztin), Patientin Jutta und Chefarzt Adel Rizk sind froh \u00fcber die gegl\u00fcckte Operation im St. Vinzenz Hospital in Dinslaken.<br \/>\n      \u00a9 PR | GFO-Kliniken\n    <\/p>\n<p class=\"expressive-copy-lg-body\">Ein Erfolg f\u00fcr das Team der Klinik f\u00fcr Gyn\u00e4kologie und Geburtshilfe des St. Vinzenz Hospitals in Dinslaken: Eine schwierige Operation ist ihnen gegl\u00fcckt.<\/p>\n<p class=\"expressive-copy-lg-body\">Bei der Patientin Jutta V. sollten die Geb\u00e4rmutter inklusive Eileiter, Eierst\u00f6cke sowie die Lymphknoten entfernt werden. Doch die Voraussetzungen daf\u00fcr waren komplex, denn bei der Patientin wurde bereits eine Voroperation mit L\u00e4ngsschnitt (Laparotomie) durchgef\u00fchrt, dazu kommen ein starkes \u00dcbergewicht mit einem BMI \u00fcber 50 sowie zahlreiche Verwachsungen im Bauchraum. \u201eUnter solchen Bedingungen w\u00e4re noch vor wenigen Jahren eine minimal-invasive Operation kaum m\u00f6glich gewesen\u201c, erkl\u00e4rt Chefarzt Adel Rizk. Doch durch modernste Technik und viel Erfahrung auf Seiten der Klinik konnte der Eingriff minimal-invasiv durchgef\u00fchrt und damit die Belastung der Patientin erheblich verringert werden. <\/p>\n<p class=\"expressive-copy-lg-body\">Schon wenige Tage nach der Operation konnte Jutta V. das Krankenhaus schon wieder verlassen. <a href=\"https:\/\/www.nrz.de\/lokales\/dinslaken-huenxe-voerde\/article410228874\/schwierige-krebsoperation-in-dinslaken-krankenhaus-stolz.html\" data-category-full-path=\"https:\/\/www.nrz.de\/lokales\/dinslaken-huenxe-voerde\/\" data-paid-status=\"free\" data-article-publish-date=\"1760519004\" rel=\"nofollow noopener\" target=\"_blank\">Was Chefarzt Adel Rizk \u00fcber den Erfolg seiner Klinik sagt.<\/a><\/p>\n<p>Naturspektakel in Wesel: Tausende Wildg\u00e4nse k\u00f6nnen beobachtet werden <\/p>\n<p>    <img decoding=\"async\" src=\"https:\/\/www.europesays.com\/de\/wp-content\/uploads\/2025\/10\/410223311_1760451545_v16_9_1200.jpeg\" class=\"block w-full object-cover relative z-10 aspect-[16\/9] md:aspect-[16\/9] lg:aspect-[16\/9] \" alt=\"Die meisten arktischen Winterg\u00e4ste am Niederrhein sind Bl\u00e4ssg\u00e4nse, erkennbar am wei\u00dfen Fleck \u00fcber dem Schnabel. \" title=\"Die meisten arktischen Winterg\u00e4ste am Niederrhein sind Bl\u00e4ssg\u00e4nse, erkennbar am wei\u00dfen Fleck \u00fcber dem Schnabel. \" loading=\"lazy\"\/><\/p>\n<p>\n      Die meisten arktischen Winterg\u00e4ste am Niederrhein sind Bl\u00e4ssg\u00e4nse, erkennbar am wei\u00dfen Fleck \u00fcber dem Schnabel.<br \/>\n      \u00a9 FUNKE Foto Services | STEFAN AREND\n    <\/p>\n<p class=\"expressive-copy-lg-body\">Die Zeit der Wildg\u00e4nse hat begonnen: In den kommenden Wochen und Monaten werden tausende Wildg\u00e4nse aus ihrer kalten Heimat f\u00fcr den Winter in die Region kehren. Am gr\u00fcnen Niederrhein mit seinen saftigen Wiesen und meist milden Wintern k\u00f6nnen die Tiere die kalte Jahreszeit gut \u00fcberstehen. Und Naturfreunde k\u00f6nnen sich \u00fcber ein spektakul\u00e4res Schauspiel freuen, wenn die Wildg\u00e4nse von weit weg anreisen. Daher bietet die Biologische Station im Kreis Wesel auch dieses Jahr wieder Busexkursionen an, mit denen das Naturspektakel beobachtet werden kann. <a href=\"https:\/\/www.nrz.de\/lokales\/wesel-hamminkeln-schermbeck\/article410222348\/naturspektakel-200000-wildgaense-erwartet-wo-sie-zu-sehen-sind.html\" data-category-full-path=\"https:\/\/www.nrz.de\/lokales\/wesel-hamminkeln-schermbeck\/\" data-paid-status=\"default\" data-article-publish-date=\"1760450520\" rel=\"nofollow noopener\" target=\"_blank\">Wie viele Wildg\u00e4nse und andere V\u00f6gel dieses Jahr erwartet werden und wann die Exkursionen stattfinden.<\/a><\/p>\n<p>Klever Architekt erschafft preisgekr\u00f6ntes Mehr-Generationen-Haus <\/p>\n<p>    <img decoding=\"async\" src=\"https:\/\/www.europesays.com\/de\/wp-content\/uploads\/2025\/10\/410216599_1760601108_v16_9_1200.jpeg\" class=\"block w-full object-cover relative z-10 aspect-[16\/9] md:aspect-[16\/9] lg:aspect-[16\/9] \" alt=\"Menschen im Kreis Kleve\" title=\"\u00dcber die Anerkennung beim Architekturwettbewerb \" das=\"\" goldene=\"\" haus=\"\" freuten=\"\" sich=\"\" vater=\"\" heinz=\"\" k=\"\" architektenpaar=\"\" kerstin=\"\" und=\"\" andr=\"\" lemmens=\"\" die=\"\" baufamilie=\"\" stephan=\"\" sabrina=\"\" mit=\"\" deren=\"\" tochter=\"\" clara=\"\" mutter=\"\" agnes=\"\" sowie=\"\" lbs-gebietsleiter=\"\" dennis=\"\" b=\"\" loading=\"lazy\"\/><\/p>\n<p>\n      \u00dcber die Anerkennung beim Architekturwettbewerb &#8222;Das goldene Haus 2025&#8220; freuten sich (v.l.) Vater Heinz K\u00fchn, das Architektenpaar Kerstin und Andr\u00e9 Lemmens, die Baufamilie Stephan und Sabrina K\u00fchn mit deren Tochter Clara und Mutter Agnes K\u00fchn sowie LBS-Gebietsleiter Dennis B\u00f6hm.\u00a0\u00a0<br \/>\n      \u00a9 LBS | LBS\n    <\/p>\n<p class=\"expressive-copy-lg-body\">Andr\u00e9 Lemmens aus Kleve hat ein Einfamilienhaus in ein nachhaltiges, bezahlbares Zwei-Generationen-Zuhause verwandelt und wurde daf\u00fcr nun bei einem bundesweiten Wettbewerb der Bau- und Wohnzeitschrift \u201eDas Haus\u201c und der LBS mit einer Anerkennung und 2000 Euro Preisgeld ausgezeichnet. \u201eWir wollten zeigen, dass auch ein scheinbar\u00a0normales Haus Potenzial\u00a0f\u00fcr eine ganz neue Nutzung hat\u201c, so Lemmens. Dem Haus der Familie K\u00fchn verpasste er unter anderem einen neuen Dachaufbau, eine offene Wohnk\u00fcche sowie eine Einliegerwohnung mit separatem Eingang. Insgesamt 90 Projekte aus ganz Deutschland hatten sich in dem Wettbewerb beworben. <a href=\"https:\/\/www.nrz.de\/lokales\/kleve-und-umland\/article410216506\/klever-architekt-macht-60er-jahre-haus-zum-modernen-generationen-wunder.html\" data-category-full-path=\"https:\/\/www.nrz.de\/lokales\/kleve-und-umland\/\" data-paid-status=\"default\" data-article-publish-date=\"1760601600\" rel=\"nofollow noopener\" target=\"_blank\">Was die Jury von Lemmens Projekt \u00fcberzeugen konnte.<\/a><\/p>\n<p>  Tierpark Kalisto in Kamp-Lintfort feiert Besucherrekord <\/p>\n<p>    <img decoding=\"async\" src=\"https:\/\/www.europesays.com\/de\/wp-content\/uploads\/2025\/10\/410231632_1760539744_v16_9_1200.jpeg\" class=\"block w-full object-cover relative z-10 aspect-[16\/9] md:aspect-[16\/9] lg:aspect-[16\/9] \" alt=\"Der Tierpark Kalisto in Kamp-Lintfort feierte j\u00fcngst einen Besucherrekord. \" title=\"Der Tierpark Kalisto in Kamp-Lintfort feierte j\u00fcngst einen Besucherrekord. \" loading=\"lazy\"\/><\/p>\n<p>\n      Der Tierpark Kalisto in Kamp-Lintfort feierte j\u00fcngst einen Besucherrekord.<br \/>\n      \u00a9 Kalisto | Kalisto\n    <\/p>\n<p class=\"expressive-copy-lg-body\">Besonderer Meilenstein f\u00fcr den Tierpark Kalisto in Kamp-Lintfort: Am Samstag, 11. Oktober, konnte der Park seinen 100.000 Besucher im Jahr 2025 begr\u00fc\u00dfen. Die gl\u00fccklichen Besucher \u00fcberraschte das Kalisto-Team mit einem Pr\u00e4sentpaket, bestehend aus einem kuscheligen Warmie, Freikarten f\u00fcr den n\u00e4chsten Besuch sowie Lollis f\u00fcr die Enkelkinder der Jubil\u00e4umsg\u00e4ste Eva und Richard aus Kampf-Lintfort. <a href=\"https:\/\/www.nrz.de\/lokales\/moers-und-umland\/article410231637\/kalisto-in-kamp-lintfort-feiert-besucherrekord-meilenstein.html\" data-category-full-path=\"https:\/\/www.nrz.de\/lokales\/moers-und-umland\/\" data-paid-status=\"default\" data-article-publish-date=\"1760531038\" rel=\"nofollow noopener\" target=\"_blank\">Wie sich die Zahl der Besucher im Vergleich zum letzten Jahr ver\u00e4ndert hat und was die Betreiberin des Tierparks\u00a0Dr. Stephanie Winkendick zu dem Meilenstein sagt.<\/a><\/p>\n<p>Viersen: Besondere Behandlungsform hilft Ute R\u00f6mer aus schweren Depressionen <\/p>\n<p>    <img decoding=\"async\" src=\"https:\/\/www.europesays.com\/de\/wp-content\/uploads\/2025\/10\/410112254_1760346574_v16_9_1200.jpeg\" class=\"block w-full object-cover relative z-10 aspect-[16\/9] md:aspect-[16\/9] lg:aspect-[16\/9] \" alt=\"Ute R\u00f6mer ist schwer depressiv. Erst die EKT-Methode half ihr.\" title=\"Ute R\u00f6mer ist schwer depressiv. Erst die EKT-Methode half ihr.\" loading=\"lazy\"\/><\/p>\n<p>\n      Ute R\u00f6mer ist schwer depressiv. Erst die EKT-Methode half ihr.<\/p>\n<p class=\"expressive-copy-lg-body\">Seit fast 30 Jahren leidet Ute R\u00f6mer an schweren Depressionen, als Folge von sexuellem Missbrauch in ihrer Kindheit. 19-mal ist sie deshalb bis heute schon in der Klinik gewesen, probierte verschiedenste Therapieformen und diverse Antidepressiva. \u201eAber die Depressionen kommen immer wieder\u201c, sagt sie. \u201eIch wurde schon als therapieresistent eingestuft.\u201c Das Leben mit den Depressionen brachte R\u00f6mer immer weiter an ihre Grenzen.<\/p>\n<p class=\"expressive-copy-lg-body\">2012 erf\u00e4hrt sie dann von der Elektrokonvulsionstherapie, bei der Patienten in eine kurze Narkose versetzt werden und anschlie\u00dfend f\u00fcr wenige Sekunden elektrische Impulse durch Elektroden an der Kopfhaut abgegeben werden. Ziel ist die Aussch\u00fcttung von Neurotransmittern und die damit einhergehende Anregung zum Zellenwachstum. Neu ist diese Behandlungsform nicht und insbesondere durch Filme wie \u201eEiner flog \u00fcber das Kuckucksnest\u201c genie\u00dft die Methode immer noch keinen guten Ruf.<\/p>\n<p class=\"expressive-copy-lg-body\">F\u00fcr Ute R\u00f6mer war die Behandlung aber insgesamt ein gro\u00dfer Erfolg. Ganz weg ist ihre Depression heute nicht, doch endlich versp\u00fcrt Ute R\u00f6mer wieder Lebensfreude. <a href=\"https:\/\/www.nrz.de\/niederrhein\/article410060637\/ute-roemer-59-hat-depressionen-ekt-methode-wie-ein-wundermittel.html\" data-category-full-path=\"https:\/\/www.nrz.de\/niederrhein\/\" data-paid-status=\"premium\" data-article-publish-date=\"1760452500\" rel=\"nofollow noopener\" target=\"_blank\">Wie Ute die Behandlung erlebte.<\/a><\/p>\n<p>Klever Naturfotograf gelingen besondere Tierfotos <\/p>\n<p>    <img decoding=\"async\" src=\"https:\/\/www.europesays.com\/de\/wp-content\/uploads\/2025\/10\/410140899_1760078608_v16_9_1200.jpeg\" class=\"block w-full object-cover relative z-10 aspect-[16\/9] md:aspect-[16\/9] lg:aspect-[16\/9] \" alt=\"Willi Christant fotografiert Adler\" title=\"Willi Christant gelingen mit seinem gro\u00dfen Teleobjektiv samt Tarn\u00fcberzug sensationelle Fotos.\" loading=\"lazy\"\/><\/p>\n<p>\n      Willi Christant gelingen mit seinem gro\u00dfen Teleobjektiv samt Tarn\u00fcberzug sensationelle Fotos.<br \/>\n      \u00a9 NRZ | Johannes Kruck\n    <\/p>\n<p class=\"expressive-copy-lg-body\">Schwanzmeise, Seidenreiher, Flussregenpfeifer: All diese seltenen V\u00f6gel hat Hobby-Ornithologe Willi Christant schon vor die Linse bekommen. Der 62-j\u00e4hrige Rentner aus Kleve-Kellen ist leidenschaftlicher Naturfotograf und ist sich auch nicht zu schade, f\u00fcr seine Schnappsch\u00fcsse schon fr\u00fchmorgens bei Sonnenaufgang auf die Suche zu gehen. Nun ist Christant ein ganz besonderer Treffer gelungen: Er konnte einen Fischadler fotografieren, ein \u00e4u\u00dferst seltener Vogel in NRW. <a href=\"https:\/\/www.nrz.de\/lokales\/kleve-und-umland\/article410136815\/naturliebhaber-aus-kleve-hat-ein-seltenes-tier-vor-seine-linse-bekommen.html\" data-category-full-path=\"https:\/\/www.nrz.de\/lokales\/kleve-und-umland\/\" data-paid-status=\"premium\" data-article-publish-date=\"1760367600\" rel=\"nofollow noopener\" target=\"_blank\">Wo er den Vogel ersp\u00e4hte und was f\u00fcr ein besonderes Motiv der Adler Willi Christant anbot.<\/a><\/p>\n","protected":false},"excerpt":{"rendered":"Zwischen Krisenmeldungen und Alltagstrubel gehen sie leicht unter \u2013 die leisen, hoffnungsvollen Geschichten, die zeigen, dass die Welt&hellip;\n","protected":false},"author":2,"featured_media":508079,"comment_status":"","ping_status":"","sticky":false,"template":"","format":"standard","meta":{"footnotes":""},"categories":[1831],"tags":[3364,29,3405,30,1209],"class_list":{"0":"post-508078","1":"post","2":"type-post","3":"status-publish","4":"format-standard","5":"has-post-thumbnail","7":"category-duesseldorf","8":"tag-de","9":"tag-deutschland","10":"tag-duesseldorf","11":"tag-germany","12":"tag-nordrhein-westfalen"},"share_on_mastodon":{"url":"https:\/\/pubeurope.com\/@de\/115394588402595892","error":""},"_links":{"self":[{"href":"https:\/\/www.europesays.com\/de\/wp-json\/wp\/v2\/posts\/508078","targetHints":{"allow":["GET"]}}],"collection":[{"href":"https:\/\/www.europesays.com\/de\/wp-json\/wp\/v2\/posts"}],"about":[{"href":"https:\/\/www.europesays.com\/de\/wp-json\/wp\/v2\/types\/post"}],"author":[{"embeddable":true,"href":"https:\/\/www.europesays.com\/de\/wp-json\/wp\/v2\/users\/2"}],"replies":[{"embeddable":true,"href":"https:\/\/www.europesays.com\/de\/wp-json\/wp\/v2\/comments?post=508078"}],"version-history":[{"count":0,"href":"https:\/\/www.europesays.com\/de\/wp-json\/wp\/v2\/posts\/508078\/revisions"}],"wp:featuredmedia":[{"embeddable":true,"href":"https:\/\/www.europesays.com\/de\/wp-json\/wp\/v2\/media\/508079"}],"wp:attachment":[{"href":"https:\/\/www.europesays.com\/de\/wp-json\/wp\/v2\/media?parent=508078"}],"wp:term":[{"taxonomy":"category","embeddable":true,"href":"https:\/\/www.europesays.com\/de\/wp-json\/wp\/v2\/categories?post=508078"},{"taxonomy":"post_tag","embeddable":true,"href":"https:\/\/www.europesays.com\/de\/wp-json\/wp\/v2\/tags?post=508078"}],"curies":[{"name":"wp","href":"https:\/\/api.w.org\/{rel}","templated":true}]}}