{"id":508084,"date":"2025-10-18T10:02:12","date_gmt":"2025-10-18T10:02:12","guid":{"rendered":"https:\/\/www.europesays.com\/de\/508084\/"},"modified":"2025-10-18T10:02:12","modified_gmt":"2025-10-18T10:02:12","slug":"stuttgart-ploetzlich-steht-der-gitarrist-von-queen-auf-der-buehne","status":"publish","type":"post","link":"https:\/\/www.europesays.com\/de\/508084\/","title":{"rendered":"Stuttgart | Pl\u00f6tzlich steht der Gitarrist von Queen auf der B\u00fchne"},"content":{"rendered":"<p>Stuttgart (dpa) &#8211; \u00dcberraschung f\u00fcr Queen-Fans: Bei der Premiere des Musicals \u00a0\u00abWe Will Rock You\u00bb in Stuttgart kam Sir Brian May auf die B\u00fchne. Der 78 Jahre alte Leadgitarrist und Songwriter der legend\u00e4ren Band spielte zum Abschluss der Show im Stage Palladium Theater das Solo der Rock-Hymne \u00abBohemian Rhapsody\u00bb. Das Publikum feierte den unerwarteten Gastauftritt.<\/p>\n<p>\u00a0\u00abIch wollte eine richtige \u00dcberraschung\u00bb<\/p>\n<p>\u00abIch wollte nicht \u00fcber den roten Teppich, ich wollte eine richtige \u00dcberraschung\u00bb, sagte May im Anschluss am Freitag der Deutschen Presse-Agentur. May schrieb Musikgeschichte, komponierte Welthits wie \u00abWe Will Rock You\u00bb oder \u00abThe Show Must Go On\u00bb, wurde sogar zum Ritter geschlagen.\u00a0<\/p>\n<p>Queen gilt als eine der besten und erfolgreichsten Rockbands der Welt. Mit ihrer Mischung aus Rock, Oper, Pop und Theatralik haben die Musiker um S\u00e4nger Freddy Mercury Generationen von Fans weltweit begeistert. Hits wie \u00abAnother One Bites The Dust\u00bb oder \u00abWe Are The Champions\u00bb sind l\u00e4ngst zu epischen Hymnen geworden.\u00a0<\/p>\n<p>Musical mit neuem Drehbuch und anderer Besetzung<\/p>\n<p>Die Queen-Show ist wahrlich nicht neu, feierte bereits im Jahr 2002 Premiere in London. Auch in Stuttgart war das Musical bereits zu Gast \u2013 2008 bis 2010. Nun wurde der Stoff neu inszeniert, mit neuem Drehbuch, anderen Choreographien und j\u00fcngerer Besetzung. Auch Prominente wie Tatort-Kommissar Richy M\u00fcller und DJ Robin (\u00abLayla\u00bb) kamen zur Premiere.<\/p>\n","protected":false},"excerpt":{"rendered":"Stuttgart (dpa) &#8211; \u00dcberraschung f\u00fcr Queen-Fans: Bei der Premiere des Musicals \u00a0\u00abWe Will Rock You\u00bb in Stuttgart kam&hellip;\n","protected":false},"author":2,"featured_media":508085,"comment_status":"","ping_status":"","sticky":false,"template":"","format":"standard","meta":{"footnotes":""},"categories":[1830],"tags":[1634,3364,29,30,2549,810,1441,94],"class_list":{"0":"post-508084","1":"post","2":"type-post","3":"status-publish","4":"format-standard","5":"has-post-thumbnail","7":"category-stuttgart","8":"tag-baden-wuerttemberg","9":"tag-de","10":"tag-deutschland","11":"tag-germany","12":"tag-leute","13":"tag-musik","14":"tag-stuttgart","15":"tag-theater"},"share_on_mastodon":{"url":"https:\/\/pubeurope.com\/@de\/115394599068673275","error":""},"_links":{"self":[{"href":"https:\/\/www.europesays.com\/de\/wp-json\/wp\/v2\/posts\/508084","targetHints":{"allow":["GET"]}}],"collection":[{"href":"https:\/\/www.europesays.com\/de\/wp-json\/wp\/v2\/posts"}],"about":[{"href":"https:\/\/www.europesays.com\/de\/wp-json\/wp\/v2\/types\/post"}],"author":[{"embeddable":true,"href":"https:\/\/www.europesays.com\/de\/wp-json\/wp\/v2\/users\/2"}],"replies":[{"embeddable":true,"href":"https:\/\/www.europesays.com\/de\/wp-json\/wp\/v2\/comments?post=508084"}],"version-history":[{"count":0,"href":"https:\/\/www.europesays.com\/de\/wp-json\/wp\/v2\/posts\/508084\/revisions"}],"wp:featuredmedia":[{"embeddable":true,"href":"https:\/\/www.europesays.com\/de\/wp-json\/wp\/v2\/media\/508085"}],"wp:attachment":[{"href":"https:\/\/www.europesays.com\/de\/wp-json\/wp\/v2\/media?parent=508084"}],"wp:term":[{"taxonomy":"category","embeddable":true,"href":"https:\/\/www.europesays.com\/de\/wp-json\/wp\/v2\/categories?post=508084"},{"taxonomy":"post_tag","embeddable":true,"href":"https:\/\/www.europesays.com\/de\/wp-json\/wp\/v2\/tags?post=508084"}],"curies":[{"name":"wp","href":"https:\/\/api.w.org\/{rel}","templated":true}]}}