{"id":508088,"date":"2025-10-18T10:04:11","date_gmt":"2025-10-18T10:04:11","guid":{"rendered":"https:\/\/www.europesays.com\/de\/508088\/"},"modified":"2025-10-18T10:04:11","modified_gmt":"2025-10-18T10:04:11","slug":"frankfurt-am-main-widerstand-bei-festnahme-frau-verletzt-polizistin-panorama","status":"publish","type":"post","link":"https:\/\/www.europesays.com\/de\/508088\/","title":{"rendered":"Frankfurt am Main &#8211; Widerstand bei Festnahme: Frau verletzt Polizistin &#8211; Panorama"},"content":{"rendered":"<p data-manual=\"paragraph\" data-schema-org-speakable=\"true\" class=\"css-1eosz7k\">Frankfurt\/Main (dpa\/lhe) &#8211; Bei ihrer Festnahme hat eine Frau in Frankfurt am Main einer Polizistin gegen den Kopf getreten. Die Beamtin wurde dabei am Freitag so verletzt, dass sie ihre Schicht abbrechen musste, wie die <a href=\"https:\/\/www.sueddeutsche.de\/thema\/Polizei\" target=\"_blank\" rel=\"noopener\">Polizei<\/a> mitteilte. Die festgenommene Frau muss jetzt laut einer Sprecherin unter anderem mit einer Anzeige wegen K\u00f6rperverletzung rechnen.\u00a0<\/p>\n<p data-manual=\"paragraph\" data-schema-org-speakable=\"true\" class=\"css-1eosz7k\">Eigentlich waren die Einsatzkr\u00e4fte wegen eines freilaufenden Hundes gerufen worden. W\u00e4hrend sie das Tier einfingen, wurden die Polizisten laut Mitteilung von der mutma\u00dflichen Halterin angesprochen und wollten sie daraufhin kontrollieren. Kurz darauf hob die Frau mehrere Scherben vom Boden auf und lief damit auf die Beamten zu. Als sie die Scherben nicht fallen lie\u00df und die Polizisten die Frau festnahmen, leistete sie Widerstand und verletzte die Beamtin.\u00a0<\/p>\n<p data-manual=\"paragraph\" data-schema-org-speakable=\"true\" class=\"css-1eosz7k\">Die Festgenommene sei erst mit aufs Revier und dann in eine psychiatrische Klinik gebracht worden. Diese habe aber keinen Grund daf\u00fcr festgestellt, die Frau aufzunehmen. Als die Polizeima\u00dfnahmen fertig waren, kam sie demnach wieder auf freien Fu\u00df.<\/p>\n<p data-manual=\"paragraph\" data-schema-org-speakable=\"true\" class=\"css-1eosz7k\">\u00a9 dpa-infocom, dpa:251018-930-177552\/1<\/p>\n","protected":false},"excerpt":{"rendered":"Frankfurt\/Main (dpa\/lhe) &#8211; Bei ihrer Festnahme hat eine Frau in Frankfurt am Main einer Polizistin gegen den Kopf&hellip;\n","protected":false},"author":2,"featured_media":508089,"comment_status":"","ping_status":"","sticky":false,"template":"","format":"standard","meta":{"footnotes":""},"categories":[1829],"tags":[29,2050,2051,30,2052,1584,1974,121,149,2631,1886,21049,9326],"class_list":{"0":"post-508088","1":"post","2":"type-post","3":"status-publish","4":"format-standard","5":"has-post-thumbnail","7":"category-frankfurt-am-main","8":"tag-deutschland","9":"tag-frankfurt","10":"tag-frankfurt-am-main","11":"tag-germany","12":"tag-hessen","13":"tag-kriminalitaet","14":"tag-panorama","15":"tag-polizei","16":"tag-sueddeutsche-zeitung","17":"tag-tier","18":"tag-tiere","19":"tag-ungefaehrer-ort","20":"tag-updateme"},"share_on_mastodon":{"url":"https:\/\/pubeurope.com\/@de\/115394606954498420","error":""},"_links":{"self":[{"href":"https:\/\/www.europesays.com\/de\/wp-json\/wp\/v2\/posts\/508088","targetHints":{"allow":["GET"]}}],"collection":[{"href":"https:\/\/www.europesays.com\/de\/wp-json\/wp\/v2\/posts"}],"about":[{"href":"https:\/\/www.europesays.com\/de\/wp-json\/wp\/v2\/types\/post"}],"author":[{"embeddable":true,"href":"https:\/\/www.europesays.com\/de\/wp-json\/wp\/v2\/users\/2"}],"replies":[{"embeddable":true,"href":"https:\/\/www.europesays.com\/de\/wp-json\/wp\/v2\/comments?post=508088"}],"version-history":[{"count":0,"href":"https:\/\/www.europesays.com\/de\/wp-json\/wp\/v2\/posts\/508088\/revisions"}],"wp:featuredmedia":[{"embeddable":true,"href":"https:\/\/www.europesays.com\/de\/wp-json\/wp\/v2\/media\/508089"}],"wp:attachment":[{"href":"https:\/\/www.europesays.com\/de\/wp-json\/wp\/v2\/media?parent=508088"}],"wp:term":[{"taxonomy":"category","embeddable":true,"href":"https:\/\/www.europesays.com\/de\/wp-json\/wp\/v2\/categories?post=508088"},{"taxonomy":"post_tag","embeddable":true,"href":"https:\/\/www.europesays.com\/de\/wp-json\/wp\/v2\/tags?post=508088"}],"curies":[{"name":"wp","href":"https:\/\/api.w.org\/{rel}","templated":true}]}}