{"id":508090,"date":"2025-10-18T10:05:26","date_gmt":"2025-10-18T10:05:26","guid":{"rendered":"https:\/\/www.europesays.com\/de\/508090\/"},"modified":"2025-10-18T10:05:26","modified_gmt":"2025-10-18T10:05:26","slug":"cybergrooming-kinderschutzbund-startet-kampagne-gegen-gewalt-im-netz","status":"publish","type":"post","link":"https:\/\/www.europesays.com\/de\/508090\/","title":{"rendered":"Cybergrooming:\u00a0Kinderschutzbund startet Kampagne gegen Gewalt im Netz"},"content":{"rendered":"<p class=\"dm-paragraph my-8 dm-article-content-width\" index=\"0\" should-collapse-on-mobile=\"true\" has-padding=\"\" data-v-586984a4=\"\">Fast ein Viertel aller Minderj\u00e4hrigen war schon mindestens einmal von <a href=\"https:\/\/www.ksta.de\/wir-helfen\/cybergrooming-fatal-verliebt-im-netz-173139\" rel=\"nofollow noopener\" target=\"_blank\">Cybergrooming<\/a> betroffen. Damit ist die Bel\u00e4stigung im Internet gemeint, genauer: die Anbahnung von sexuellen Kontakten. \u201eCyber\u201c steht dabei f\u00fcr die Onlinewelt und \u201eGrooming\u201c bezeichnet sinnbildhaft, dass sich Erwachsene im Netz bei jungen Menschen Vertrauen erschleichen f\u00fcr sexuelle Gewalttaten.<\/p>\n<p class=\"dm-paragraph my-8 dm-article-content-width\" index=\"1\" should-collapse-on-mobile=\"true\" has-padding=\"\" data-v-586984a4=\"\">Wie die Studie der Landesmedienanstalt NRW \u201e<a target=\"_blank\" href=\"https:\/\/www.medienanstalt-nrw.de\/fileadmin\/user_upload\/Forschung\/LFM_Cybergrooming_Studie_2024.pdf\" rel=\"nofollow noopener\">Kinder und Jugendliche als Opfer von Cybergrooming<\/a>\u201c ergeben hat, kennt knapp die H\u00e4lfte der mehr als 2.000 Befragten zwischen acht und 17 Jahren den Begriff nicht, fast jede und jeder Siebte wurde schon \u00fcber das Internet von einer erwachsenen Person zu einer Verabredung aufgefordert, mehr als jeder und jedem Achten wurde etwas als Gegenleistung f\u00fcr Fotos oder Videos von sich versprochen, sieben von 100 Minderj\u00e4hrigen wurden aufgefordert, sich vor der Kamera auszuziehen.<\/p>\n<p>K\u00f6lner Kinder, Eltern und Lehrer \u00fcber Cybergrooming aufkl\u00e4ren<\/p>\n<p class=\"dm-paragraph my-8 dm-article-content-width\" index=\"3\" should-collapse-on-mobile=\"true\" has-padding=\"\" data-v-586984a4=\"\">Was die Studie auch offenbart: Kinder und Jugendliche w\u00fcnschen sich diesbez\u00fcglich mehr Hilfs- und Beratungsangebote. Und auf die Frage, an welche Vertrauensperson sie sich im Fall von Cybergrooming wenden, geben 43 Prozent einen Elternteil an, 36 Prozent eine Lehrkraft, einem Freund oder einer Freundin vertrauen sich 34 Prozent an \u2013 und 33 Prozent niemandem.<\/p>\n<p class=\"dm-paragraph my-8 dm-article-content-width\" index=\"4\" should-collapse-on-mobile=\"true\" has-padding=\"\" data-v-586984a4=\"\">Genau hier sieht der Landesverband NRW des Kinderschutzbunds gro\u00dfen Handlungsbedarf \u2013 und hat die landesweite Kampagne \u201eMach mich nicht an! Cybergrooming, die versteckte Gefahr\u201c gestartet \u2013 mit dem Ziel, vor allem Eltern und Lehrkr\u00e4fte auf die Gefahren des Ph\u00e4nomens aufmerksam zu machen. Unterst\u00fctzt wird der Verband dabei vom Landeskriminalamt und der Landesanstalt f\u00fcr Medien. An der Kampagne beteiligt sich ma\u00dfgeblich auch der <a href=\"https:\/\/www.ksta.de\/wir-helfen\/kinderschutzbund-sichere-raeume-fuer-koelns-kinder-684761\" rel=\"nofollow noopener\" target=\"_blank\">Kinderschutzbund K\u00f6ln<\/a>.<\/p>\n<p><img decoding=\"async\" width=\"4000\" height=\"2250\" loading=\"lazy\" onerror=\"this.setAttribute('data-error', 1)\" class=\"current-image dm-figure__image dm-figure__image--undefined undefined\" data-nuxt-pic=\"\" src=\"https:\/\/www.europesays.com\/de\/wp-content\/uploads\/2025\/10\/9b24c04a-fa52-4df1-8b7f-144fbfa8c686.jpeg\"  \/><\/p>\n<p class=\"dm-figure__subline\" data-v-b90b7bba=\"\">Lars H\u00fcttler<\/p>\n<p class=\"dm-figure__copyright\" data-v-b90b7bba=\"\">Copyright: Inge Swolek<\/p>\n<blockquote class=\"dm-blockquote__quote-text\" data-v-3a231a3f=\"\"><p>Ich bef\u00fcrchte, dass die H\u00e4lfte der Dritt- und Viertkl\u00e4ssler erste Erfahrungen mit sexuellen Ann\u00e4herungen von Erwachsenen im Netz gemacht hat, aber aus Scham nicht dar\u00fcber spricht. Deshalb m\u00fcssen wir unbedingt noch mehr Kinder erreichen<\/p><\/blockquote>\n<p>Lars H\u00fcttler, Gesch\u00e4ftsf\u00fchrer Kinderschutzbund K\u00f6ln<\/p>\n<p class=\"dm-paragraph my-8 dm-article-content-width\" index=\"7\" should-collapse-on-mobile=\"true\" has-padding=\"\" data-v-586984a4=\"\">Bei der Auftaktveranstaltung in dessen Gesch\u00e4ftsstelle erkl\u00e4rte dessen Gesch\u00e4ftsf\u00fchrer Lars H\u00fcttler die Schwerpunkte der Kampagne vor Ort: \u201eMit unserem, auch von wir helfen gef\u00f6rderten, Pr\u00e4ventionsprojekt \u201a<a href=\"https:\/\/www.ksta.de\/wir-helfen\/kinderschutzbund-koeln-gewaltschutzprojekt-steht-vor-dem-aus-1002840\" rel=\"nofollow noopener\" target=\"_blank\">B\u00e4rt und B\u00e4rta\u2018<\/a> konnten wir seit August 2021 bereits knapp 900 Grundsch\u00fclerinnen und -sch\u00fcler spielerisch \u00fcber die verschiedenen Formen von sexualisierter Gewalt auch in den sozialen Medien aufkl\u00e4ren. Ich bef\u00fcrchte, dass die H\u00e4lfte der Dritt- und Viertkl\u00e4ssler erste Erfahrungen mit sexuellen Ann\u00e4herungen von Erwachsenen im Netz gemacht hat, aber aus Scham nicht dar\u00fcber spricht. Deshalb m\u00fcssen wir unbedingt noch mehr Kinder erreichen.\u201c<\/p>\n<p class=\"dm-paragraph my-8 dm-article-content-width\" index=\"8\" should-collapse-on-mobile=\"true\" has-padding=\"\" data-v-586984a4=\"\">Da die Studie deutlich gezeigt habe, dass Eltern und Lehrkr\u00e4fte im Fall von Cybergrooming erste Ansprechpartner f\u00fcr Kinder sind, plant der Kinderschutzbund K\u00f6ln parallel dazu, Informationsabende f\u00fcr diese Personengruppen an Grundschulen anzubieten. \u201eWir m\u00fcssen Eltern und Lehrkr\u00e4fte intensiv \u00fcber dieses Thema informieren, dar\u00fcber, wie sie intervenieren und ihre Kinder sch\u00fctzen k\u00f6nnen und welche Gefahren in jedem Kinderzimmer lauern\u201c, sagt H\u00fcttler.<\/p>\n<p>Wie T\u00e4ter das Vertrauen der Kinder im Netz erschleichen<\/p>\n<p class=\"dm-paragraph my-8 dm-article-content-width\" index=\"10\" should-collapse-on-mobile=\"true\" has-padding=\"\" data-v-586984a4=\"\">Dazu z\u00e4hlt auch, zu wissen, die wie T\u00e4ter in der Regel vorgehen: Sie suchen gezielt auf den Plattformen Kontakt, auf denen Kinder und Jugendliche besonders aktiv sind und gerne Fotos und Videos teilen, wie Instagram, TikTok oder Snapchat \u2013 aber auch Online-Spiele wie Minecraft oder Roblox. \u00dcber zun\u00e4chst unverbindlich klingende Chats bauen die T\u00e4ter peu \u00e0 peu Vertrauen zu den jungen Menschen auf. Das gelingt leicht, da viele Kinder und Jugendliche in ihren Profilen pers\u00f6nliche Informationen preisgeben. Oft geben die T\u00e4ter vor, gleichaltrig zu sein und gemeinsame Interessen zu teilen oder sie geben sich als Talentscout oder Fotograf aus. Sie machen den Kindern und Jugendlichen Komplimente oder zeigen Verst\u00e4ndnis f\u00fcr deren schwere Lebenssituation. Im sp\u00e4teren Verlauf fordern sie sie auf, sich pers\u00f6nlich mit ihnen zu treffen, Nacktbilder oder -videos von sich zu schicken \u2013 um sie damit sp\u00e4ter zu erpressen.<\/p>\n<p class=\"dm-paragraph my-8 dm-article-content-width\" index=\"11\" should-collapse-on-mobile=\"true\" has-padding=\"\" data-v-586984a4=\"\">All das zeigt: Cybergrooming ist kein Kavaliersdelikt, es f\u00e4llt hierzulande unter den Straftatbestand \u201eSexueller Missbrauch von Kindern\u201c. Wer Minderj\u00e4hrige im Internet mit sexueller Absicht bedr\u00e4ngt, muss mit Freiheitsstrafen von bis zu f\u00fcnf Jahren rechnen. Der Kontakt muss dabei nicht zwingend sexuell gepr\u00e4gt sein, strafbar ist bereits die Kontaktaufnahme mit der Absicht, das Kind zu sexuellen Handlungen zu bringen.<\/p>\n<p>Die lauernden Gefahren im Datenverkehr des Internets<\/p>\n<p class=\"dm-paragraph my-8 dm-article-content-width\" index=\"13\" should-collapse-on-mobile=\"true\" has-padding=\"\" data-v-586984a4=\"\">Eric Dieden, K\u00f6lner Kriminalhauptkommissar im Bereich Kriminalpr\u00e4vention, ist seit vielen Jahren in Schulen unterwegs, um \u00fcber Cybergrooming aufzukl\u00e4ren. Bei der Auftaktveranstaltung der Kampagne hat er von seinen Erfahrungen aus der Praxis berichtet. \u201eViele Kinder tappen aus Neugier, Einsamkeit oder mangelnder Erfahrung in die Falle. Wir brauchen dringend ein Digitaltraining f\u00fcr Eltern. Auch politische Regelungen k\u00f6nnten helfen. Wie im Stra\u00dfenverkehr lauern auch im Datenverkehr des Internets \u00fcberall Gefahren. Warum f\u00fchren wir nicht wie andere EU-L\u00e4nder einen Digitalf\u00fchrerschein ein?\u201c, fragt Dieden und fordert, dass Eltern sich mit den Medien ihrer Kinder vertraut machen: Wie richte ich ein Konto ein? Welche Fotos werden geteilt? Welche Funktionen lassen sich sperren?<\/p>\n<p><img decoding=\"async\" width=\"4000\" height=\"2250\" loading=\"lazy\" onerror=\"this.setAttribute('data-error', 1)\" class=\"current-image dm-figure__image dm-figure__image--undefined undefined\" data-nuxt-pic=\"\" src=\"https:\/\/www.europesays.com\/de\/wp-content\/uploads\/2025\/10\/d063924e-c0ed-4c7a-aefd-bb212ce38024.jpeg\"  \/><\/p>\n<p class=\"dm-figure__subline\" data-v-b90b7bba=\"\">Eric Dieden<\/p>\n<p class=\"dm-figure__copyright\" data-v-b90b7bba=\"\">Copyright: Inge Swolek<\/p>\n<blockquote class=\"dm-blockquote__quote-text\" data-v-3a231a3f=\"\"><p>Ich m\u00f6chte nicht gegen Kinder ermitteln, nur weil ihnen das Wissen fehlt. Es ist die Pflicht und erzieherische Verantwortung von uns Erwachsenen, uns mit der digitalen Lebenswelt der jungen Generation vertraut zu machen.\u00a0<\/p><\/blockquote>\n<p>Eric Dieden, K\u00f6lner Kriminalhauptkommissar im Bereich Kriminalpr\u00e4vention<\/p>\n<p class=\"dm-paragraph my-8 dm-article-content-width\" index=\"16\" should-collapse-on-mobile=\"true\" has-padding=\"\" data-v-586984a4=\"\">\u201eIch m\u00f6chte nicht gegen Kinder ermitteln, nur weil ihnen das Wissen fehlt. Es ist die Pflicht und erzieherische Verantwortung von uns Erwachsenen, uns mit der digitalen Lebenswelt der jungen Generation vertraut zu machen. Ich k\u00e4mpfe daf\u00fcr, dass wir uns alle der Realit\u00e4t stellen, denn wir begegnen Cybergrooming in allen sozialen Schichten und Altersstufen.\u201c<\/p>\n<p><a href=\"https:\/\/mobil.ksta.de\/wir-helfen\/hass-und-hetze-im-netz-hier-wird-jugendlichen-geholfen-641550\" class=\"dm-imagefeat__imagecontainer dm-imagefeat relative\" aria-label=\"\" tabindex=\"-1\" data-v-68e13160=\"\" rel=\"nofollow noopener\" target=\"_blank\"><img decoding=\"async\" width=\"3140\" height=\"3140\" alt=\"Ein kleiner Junge mit dunkelblauem Anzug sitzt w\u00fctend vor dem Computer.\" loading=\"lazy\" onerror=\"this.setAttribute('data-error', 1)\" class=\"dm-imagefeat__image w-full aspect-square sm:aspect-auto aspect-video\" style=\"aspect-ratio:1;\" data-nuxt-pic=\"\" src=\"https:\/\/www.europesays.com\/de\/wp-content\/uploads\/2025\/10\/c31d9626-466a-4805-ab82-e36c22b5a819.jpeg\"  \/><\/a><\/p>\n<p class=\"dm-paragraph my-8 dm-article-content-width\" index=\"18\" should-collapse-on-mobile=\"true\" has-padding=\"\" data-v-586984a4=\"\">\u201eEltern k\u00f6nnen ihre Kinder am besten vor Cybergrooming sch\u00fctzen, indem sie im engen Kontakt mit ihnen bleiben. Es geht nicht um Kontrolle, sondern darum, eine Vertrauensbasis zu schaffen, in der Kinder angstfrei \u00fcber alles sprechen k\u00f6nnen \u2013 auch \u00fcber Dinge, die ihnen peinlich sind\u201c, sagt H\u00fcttler.<\/p>\n<p>Kinderschutzbund sucht Spenderinnen und Spender<\/p>\n<p class=\"dm-paragraph my-8 dm-article-content-width\" index=\"20\" should-collapse-on-mobile=\"true\" has-padding=\"\" data-v-586984a4=\"\">Um die Kampagne landesweit gut aufzustellen, muss Personal geschult und neue Stellen geschaffen werden. Daf\u00fcr ist der Kinderschutzbund auf Spenden angewiesen. Die Bethe-Stiftung beteiligt sich bereits an der F\u00f6rderung der landesweiten Kampagne \u2013 \u201ewir helfen\u201c unterst\u00fctzt die Umsetzung in K\u00f6ln und der Region.<\/p>\n<p><img decoding=\"async\" width=\"1200\" height=\"1500\" loading=\"lazy\" onerror=\"this.setAttribute('data-error', 1)\" class=\"current-image dm-figure__image dm-figure__image--undefined undefined\" data-nuxt-pic=\"\" src=\"https:\/\/www.europesays.com\/de\/wp-content\/uploads\/2025\/10\/1760781926_901_76dc9484-005e-4abe-bbb2-5b85f58acd06.png\"  \/><\/p>\n<p class=\"dm-figure__subline\" data-v-b90b7bba=\"\">Auszug aus dem neuen \u201ewir helfen\u201c-Folder 2025_2026<\/p>\n<p class=\"dm-figure__copyright\" data-v-b90b7bba=\"\">Copyright: MALZKORN Kommunikation &amp; Gestaltung GmbH\/Unsplash<\/p>\n<p>So k\u00f6nnen Sie helfen<\/p>\n<ol class=\"dm-bulletlist my-8 dm-article-content-width\" style=\"list-style-type:square;\" index=\"24\" should-collapse-on-mobile=\"true\" has-padding=\"\" data-v-37c1d93f=\"\">\n<li class=\"dm-bulletlist__item\" data-v-37c1d93f=\"\"><b>Mit unserer neuen Jahresaktion \u201ewir helfen: Kinder fr\u00fchzeitig auf einen guten Weg zu bringen\u201c<\/b> bitten wir um Spenden f\u00fcr Pr\u00e4ventionsprojekte in K\u00f6ln und der Region, die vor allem benachteiligten Kindern und Jugendlichen zu einer motivierenden Zukunftsperspektive verhelfen. Damit jeder junge Mensch eine Chance hat!<\/li>\n<li class=\"dm-bulletlist__item\" data-v-37c1d93f=\"\">\u201eDie Spendenkonten lauten:\u201c wir helfen \u2013 Der Unterst\u00fctzungsverein von M. DuMont Schauberg e. V.<\/li>\n<li class=\"dm-bulletlist__item\" data-v-37c1d93f=\"\">Kreissparkasse K\u00f6ln, IBAN: DE03 3705 0299 0000 1621 55<\/li>\n<li class=\"dm-bulletlist__item\" data-v-37c1d93f=\"\">Sparkasse K\u00f6ln-Bonn, IBAN: DE21 3705 0198 0022 2522 25<\/li>\n<li class=\"dm-bulletlist__item\" data-v-37c1d93f=\"\">W\u00fcnschen Sie eine Spendenbescheinigung, geben Sie bitte +S+ im Verwendungszweck an. Sollten sie regelm\u00e4\u00dfig spenden, ist auch eine j\u00e4hrliche Bescheinigung m\u00f6glich. Bitte melden Sie sich hierzu gerne per <a href=\"https:\/\/mobil.ksta.de\/wir-helfen\/mailto:wirhelfen@kstamedien.de\" rel=\"nofollow noopener\" target=\"_blank\">E-Mail<\/a> bei uns. Soll Ihre Spende nicht ver\u00f6ffentlicht werden, notieren Sie +A+ im Verwendungszweck. M\u00f6chten Sie anonym bleiben und eine Spendenbescheinigung erhalten, kennzeichnen Sie dies bitte mit +AS+.<\/li>\n<li class=\"dm-bulletlist__item\" data-v-37c1d93f=\"\"><b>Bitte geben Sie in jedem Fall auch immer ihre komplette Adresse<\/b> an. Auch wenn Sie ein Zeitungsabonnement der \u201ekstamedien\u201c beziehen, ist Ihre Adresse nicht automatisch hinterlegt.<\/li>\n<li class=\"dm-bulletlist__item\" data-v-37c1d93f=\"\"><b>Sollten Sie per PayPal spenden<\/b>, beachten Sie bitte, dass Ihre Spende immer anonym ist. W\u00fcnschen Sie eine Spendenbescheinigung, schicken Sie eine <a href=\"https:\/\/mobil.ksta.de\/wir-helfen\/mailto:wirhelfen@kstamedien.de\" rel=\"nofollow noopener\" target=\"_blank\">E-Mail<\/a> an uns.<\/li>\n<li class=\"dm-bulletlist__item\" data-v-37c1d93f=\"\"><b>Sollten Sie anl\u00e4sslich einer Trauerfreier, einer Hochzeit oder eines Geburtstags<\/b> zu einer Spendenaktion aufzurufen, informieren Sie uns bitte vorab per <a href=\"https:\/\/mobil.ksta.de\/wir-helfen\/mailto:wirhelfen@kstamedien.de\" rel=\"nofollow noopener\" target=\"_blank\">E-Mail<\/a> \u00fcber die Aktion. Sehr gerne lassen wir Ihnen dann, zwei Wochen nach dem letzten Spendeneingang, die gesammelte Spendensumme zukommen.<\/li>\n<li class=\"dm-bulletlist__item\" data-v-37c1d93f=\"\"><b>Kontakt:<\/b> \u201ewir helfen e.V.\u201c, Amsterdamer Stra\u00dfe 192, 50735 K\u00f6ln, Telefon: 0221-224-2789 (Allgemeines, Antr\u00e4ge, Regine Leuker) 0221-224-2130 (Gesch\u00e4ftsf\u00fchrung\/Redaktion, Caroline Kron), <a href=\"https:\/\/mobil.ksta.de\/wir-helfen\/mailto:wirhelfen@kstamedien.de\" rel=\"nofollow noopener\" target=\"_blank\">wirhelfen@kstamedien.d<\/a>e<\/li>\n<li class=\"dm-bulletlist__item\" data-v-37c1d93f=\"\"><b>Mehr Informationen und die M\u00f6glichkeit, online zu spenden<\/b><a href=\"https:\/\/www.wirhelfen-koeln.de\" rel=\"nofollow noopener\" target=\"_blank\"> finden Sie auf unserer Vereinshomepage hier &gt;&gt;<\/li>\n<\/ol>\n","protected":false},"excerpt":{"rendered":"Fast ein Viertel aller Minderj\u00e4hrigen war schon mindestens einmal von Cybergrooming betroffen. Damit ist die Bel\u00e4stigung im Internet&hellip;\n","protected":false},"author":2,"featured_media":508091,"comment_status":"","ping_status":"","sticky":false,"template":"","format":"standard","meta":{"footnotes":""},"categories":[1828],"tags":[29,30,1420,1209],"class_list":{"0":"post-508090","1":"post","2":"type-post","3":"status-publish","4":"format-standard","5":"has-post-thumbnail","7":"category-koeln","8":"tag-deutschland","9":"tag-germany","10":"tag-koeln","11":"tag-nordrhein-westfalen"},"share_on_mastodon":{"url":"https:\/\/pubeurope.com\/@de\/115394611696368214","error":""},"_links":{"self":[{"href":"https:\/\/www.europesays.com\/de\/wp-json\/wp\/v2\/posts\/508090","targetHints":{"allow":["GET"]}}],"collection":[{"href":"https:\/\/www.europesays.com\/de\/wp-json\/wp\/v2\/posts"}],"about":[{"href":"https:\/\/www.europesays.com\/de\/wp-json\/wp\/v2\/types\/post"}],"author":[{"embeddable":true,"href":"https:\/\/www.europesays.com\/de\/wp-json\/wp\/v2\/users\/2"}],"replies":[{"embeddable":true,"href":"https:\/\/www.europesays.com\/de\/wp-json\/wp\/v2\/comments?post=508090"}],"version-history":[{"count":0,"href":"https:\/\/www.europesays.com\/de\/wp-json\/wp\/v2\/posts\/508090\/revisions"}],"wp:featuredmedia":[{"embeddable":true,"href":"https:\/\/www.europesays.com\/de\/wp-json\/wp\/v2\/media\/508091"}],"wp:attachment":[{"href":"https:\/\/www.europesays.com\/de\/wp-json\/wp\/v2\/media?parent=508090"}],"wp:term":[{"taxonomy":"category","embeddable":true,"href":"https:\/\/www.europesays.com\/de\/wp-json\/wp\/v2\/categories?post=508090"},{"taxonomy":"post_tag","embeddable":true,"href":"https:\/\/www.europesays.com\/de\/wp-json\/wp\/v2\/tags?post=508090"}],"curies":[{"name":"wp","href":"https:\/\/api.w.org\/{rel}","templated":true}]}}