{"id":508250,"date":"2025-10-18T11:41:13","date_gmt":"2025-10-18T11:41:13","guid":{"rendered":"https:\/\/www.europesays.com\/de\/508250\/"},"modified":"2025-10-18T11:41:13","modified_gmt":"2025-10-18T11:41:13","slug":"wir-brauchen-keine-bueros-oder-leerstehenden-geschaefte","status":"publish","type":"post","link":"https:\/\/www.europesays.com\/de\/508250\/","title":{"rendered":"\u201eWir brauchen keine B\u00fcros oder leerstehenden Gesch\u00e4fte\u201c"},"content":{"rendered":"<p class=\"tspBHk0 tspBHk1\">Mehrere Personen haben am Samstagmittag versucht, den Bierpinsel an der Schlo\u00dfstra\u00dfe in Berlin-Steglitz zu besetzen. Das berichtete ein Tagesspiegel-Reporter. <\/p>\n<p>Bezirke-Newsletter: Steglitz-Zehlendorf<\/p>\n<p><img decoding=\"async\" src=\"https:\/\/www.europesays.com\/de\/wp-content\/uploads\/2025\/04\/icon-steglitz-zehlendorf.png\" alt=\"\" class=\"tspBXfv\"\/><\/p>\n<p class=\"tspBXmz\"> Mehr Neuigkeiten zum Bezirk gibt es in unserem Newsletter \u2014 jede Woche per E-Mail. <\/p>\n<p class=\"tspBHk0\">Den Angaben nach waren mindestens f\u00fcnf Polizeiwagen vor Ort. Die Schildhornstra\u00dfe in Richtung Schlo\u00dfstra\u00dfe wurde gesperrt. Neben einer rosafarbenen Totenkopfflagge im Stile des Mangas \u201eOne Piece\u201c brachten die Unbekannten ein Transparent mit der Aufschrift \u201eBierpinsel f\u00fcr alle\u201c an der Turmfassade an. <\/p>\n<p class=\"tspBHk0\">Ein Polizeisprecher best\u00e4tigte den Einsatz auf Tagesspiegel-Anfrage, konnte aber noch keine Details nennen. Er sprach von mehreren Personen, die sich unberechtigt dort aufhielten. <\/p>\n<p><img decoding=\"async\" src=\"https:\/\/www.europesays.com\/de\/wp-content\/uploads\/2025\/10\/img-5205.jpeg\"   alt=\"\" aria-labelledby=\"caption-14601059\" width=\"440\" height=\"330\" loading=\"lazy\" class=\"tspAShw\"\/> Die Unbekannten warfen Flugbl\u00e4tter vom Bierpinsel herab. <\/p>\n<p class=\"tspABfi\"> \u00a9 Daniel Krause <\/p>\n<p class=\"tspBHk0\">Auf herunter geworfenen Flugbl\u00e4ttern erkl\u00e4rten sie ihre Beweggr\u00fcnde f\u00fcr die Aktion. \u201eDer Bierpinsel ist besetzt und wir fordern, dass er gemeinschaftlich genutzt werden kann\u201c, hei\u00dft es im einleitenden Satz des Schreibens. Im Folgenden prangern die Verfasser an, dass der Turm nach Jahren des Leerstands nun mit B\u00fcros gef\u00fcllt werden solle. \u201eWir brauchen keine B\u00fcros oder leerstehenden Gesch\u00e4fte\u201c, hie\u00df es weiter.<\/p>\n<p> Mehr aus Berlin-Steglitz: <a href=\"https:\/\/www.tagesspiegel.de\/berlin\/planungsdesaster-in-berlin-steglitz-gruselbahnhof-schlossstrasse-bleibt-noch-fur-jahre-eine-baustelle-14147702.html?icid=topic-list_14601068___\" data-gtm-class=\"article-mzt-link\" class=\"tspBRlv\" target=\"_blank\" rel=\"noopener\">Planungsdesaster in Berlin-Steglitz Gruselbahnhof Schlo\u00dfstra\u00dfe bleibt noch f\u00fcr Jahre eine Baustelle <\/a><a href=\"https:\/\/www.tagesspiegel.de\/berlin\/bezirke\/gewerbetreibende-mussten-zusammenarbeiten-dann-konnte-die-schlossstrasse-im-berliner-sudwesten-attraktiver-werden-13364266.html?icid=topic-list_14601068___\" data-gtm-class=\"article-mzt-link\" class=\"tspBRlv\" target=\"_blank\" rel=\"noopener\">Gewerbetreibende m\u00fcssten zusammenarbeiten So k\u00f6nnte die Schlo\u00dfstra\u00dfe im Berliner S\u00fcdwesten attraktiver werden <\/a><a href=\"https:\/\/www.tagesspiegel.de\/berlin\/bezirke\/steglitz-zehlendorf\/marode-autobahnbrucke-am-s-bahnhof-rathaus-steglitz-wie-aus-einem-hasslichen-ein-noch-hasslicherer-ort-wurde-14178131.html?icid=topic-list_14601068___\" data-gtm-class=\"article-mzt-link\" class=\"tspBRlv\" target=\"_blank\" rel=\"noopener\">Marode Autobahnbr\u00fccke am S-Bahnhof Rathaus Steglitz Wie aus einem h\u00e4sslichen ein noch h\u00e4sslicherer Ort wurde <\/a><\/p>\n<p class=\"tspBHk0\">Nach Ansicht der Verfasser fehle es im Kiez vielmehr an unkommerziellen Orten der Begegnung: \u201eIn den letzten Jahren wird hier ein Shop nach dem anderen geschlossen, L\u00e4den stehen leer und es werden neue B\u00fcros gebaut. Nachbarschaftszentren, Jugendzentren und Begegnungsorte werden nicht er\u00f6ffnet.\u201c<\/p>\n<p class=\"tspBHk0\">Mit der Aktion wolle man ein Zeichen setzen gegen Gentrifizierung sowie gegen die K\u00fcrzungen des Berliner Senats bei sozialen Projekten.<\/p>\n<p class=\"tspBHk0\">Zuletzt hatte <a href=\"https:\/\/www.bz-berlin.de\/berlin\/bierpinsel-investor-plaene\" target=\"_blank\" rel=\"noopener\" class=\"link link--external\" data-gtm-class=\"article-text-link\" data-gtm-val=\"external\" aria-describedby=\"message-target-blank\">im Januar die \u201eB.Z.\u201c <\/a>\u00fcber die Pl\u00e4ne des Eigent\u00fcmers f\u00fcr das Steglitzer Wahrzeichen berichtet. Demnach plant der Immobilienunternehmer G\u00f6tz Fluck dort mehr als nur B\u00fcros. Im Erdgeschoss solle demnach eine Au\u00dfenstelle der Freien Universit\u00e4t einziehen, in den mittleren Etagen B\u00fcros, ganz oben ein Gastronomiebetrieb mit Dachterrasse. <\/p>\n","protected":false},"excerpt":{"rendered":"Mehrere Personen haben am Samstagmittag versucht, den Bierpinsel an der Schlo\u00dfstra\u00dfe in Berlin-Steglitz zu besetzen. Das berichtete ein&hellip;\n","protected":false},"author":2,"featured_media":508251,"comment_status":"","ping_status":"","sticky":false,"template":"","format":"standard","meta":{"footnotes":""},"categories":[1825],"tags":[296,29,30,3295],"class_list":{"0":"post-508250","1":"post","2":"type-post","3":"status-publish","4":"format-standard","5":"has-post-thumbnail","7":"category-berlin","8":"tag-berlin","9":"tag-deutschland","10":"tag-germany","11":"tag-hochschulen"},"share_on_mastodon":{"url":"https:\/\/pubeurope.com\/@de\/115394988380381396","error":""},"_links":{"self":[{"href":"https:\/\/www.europesays.com\/de\/wp-json\/wp\/v2\/posts\/508250","targetHints":{"allow":["GET"]}}],"collection":[{"href":"https:\/\/www.europesays.com\/de\/wp-json\/wp\/v2\/posts"}],"about":[{"href":"https:\/\/www.europesays.com\/de\/wp-json\/wp\/v2\/types\/post"}],"author":[{"embeddable":true,"href":"https:\/\/www.europesays.com\/de\/wp-json\/wp\/v2\/users\/2"}],"replies":[{"embeddable":true,"href":"https:\/\/www.europesays.com\/de\/wp-json\/wp\/v2\/comments?post=508250"}],"version-history":[{"count":0,"href":"https:\/\/www.europesays.com\/de\/wp-json\/wp\/v2\/posts\/508250\/revisions"}],"wp:featuredmedia":[{"embeddable":true,"href":"https:\/\/www.europesays.com\/de\/wp-json\/wp\/v2\/media\/508251"}],"wp:attachment":[{"href":"https:\/\/www.europesays.com\/de\/wp-json\/wp\/v2\/media?parent=508250"}],"wp:term":[{"taxonomy":"category","embeddable":true,"href":"https:\/\/www.europesays.com\/de\/wp-json\/wp\/v2\/categories?post=508250"},{"taxonomy":"post_tag","embeddable":true,"href":"https:\/\/www.europesays.com\/de\/wp-json\/wp\/v2\/tags?post=508250"}],"curies":[{"name":"wp","href":"https:\/\/api.w.org\/{rel}","templated":true}]}}