{"id":508414,"date":"2025-10-18T13:10:11","date_gmt":"2025-10-18T13:10:11","guid":{"rendered":"https:\/\/www.europesays.com\/de\/508414\/"},"modified":"2025-10-18T13:10:11","modified_gmt":"2025-10-18T13:10:11","slug":"ich-bin-schockiert-so-kam-kim-kardashian-die-idee-zum-schamhaar-schlueppi","status":"publish","type":"post","link":"https:\/\/www.europesays.com\/de\/508414\/","title":{"rendered":"&#8222;Ich bin schockiert&#8220;: So kam Kim Kardashian die Idee zum Schamhaar-Schl\u00fcppi"},"content":{"rendered":"<p>                    &#8222;Ich bin schockiert&#8220;<br \/>\n                So kam Kim Kardashian die Idee zum Schamhaar-Schl\u00fcppi<\/p>\n<p>\t\t\t\t              18.10.2025, 13:57 Uhr<\/p>\n<p>\t\t\t\t\t       Artikel anh\u00f6ren<\/p>\n<p>\t\t\t\t\t\t\tDiese Audioversion wurde k\u00fcnstlich generiert. <a href=\"https:\/\/www.n-tv.de\/23249898\" target=\"_blank\" rel=\"noopener\">Mehr Infos<\/a><\/p>\n<p><strong>Ein String mit k\u00fcnstlichem Schamhaar? Was klingt, wie ein schlechter Scherz, ist bereits nach kurzer Zeit im Onlineshop von Kim Kardashians Modemarke Skims ausverkauft. Jetzt verr\u00e4t die Unternehmerin, wie sie dar\u00fcber selbst \u00fcberrascht ist &#8211; und woher die Idee urspr\u00fcnglich stammt.<\/strong><\/p>\n<p>Mit ihrem neuesten Produkt hatte Kim Kardashian die Aufmerksamkeit mal wieder auf ihrer Seite: Ein String mit k\u00fcnstlichem Schamhaar hat das Internet in Aufruhr versetzt. Bei der Premiere ihrer neuen Hulu-Serie &#8222;All&#8217;s Fair&#8220; sprach der Reality-Star \u00fcber den Hype. &#8222;Ich bin schockiert&#8220;, sagte die 44-J\u00e4hrige im Gespr\u00e4ch mit &#8222;E! News&#8220; auf dem roten Teppich. &#8222;Es bekam so viel Aufmerksamkeit &#8211; wir haben den ganzen Tag lang dar\u00fcber gelacht und gesprochen.&#8220;<\/p>\n<p>Die Idee f\u00fcr das provokante Dessous kam Kardashian w\u00e4hrend eines Fotoshootings. Doch sie betont, dass Skims nicht die erste Marke sei, die ein solches Produkt kreiert. &#8222;Es war einfach eine lustige, alberne Idee&#8220;, erkl\u00e4rte sie dem Sender. Als Vorbild nannte sie den britischen Modedesigner John Galliano, der bei einer Maison-Margiela-Haute-Couture-Show 2024 seine Models bereits mit sogenannten Merkins &#8211; k\u00fcnstlichen Schamhaarper\u00fccken &#8211; \u00fcber den Laufsteg schickte.<\/p>\n<p>32 Dollar f\u00fcr einen Mikro-String mit Fake-Schamhaar<\/p>\n<p>Der &#8222;Faux Hair Micro String Thong&#8220; wurde am 14. Oktober auf Kardashians Instagram-Kanal vorgestellt. Mit einem Preis von 32 Dollar pro St\u00fcck und erh\u00e4ltlich in zw\u00f6lf verschiedenen Nude-T\u00f6nen sowie unterschiedlichen Haartexturen beschreibt Skims das Produkt als &#8222;unser bisher gewagtestes H\u00f6schen&#8220;. Die Resonanz war gewaltig: Bereits kurz nach dem Launch war die gesamte erste Charge ausverkauft. Aktuell gibt es eine Warteliste f\u00fcr die n\u00e4chste Lieferung.<\/p>\n<p>&#8222;Just Dropped: The Ultimate Bush&#8220;, k\u00fcndigte Skims auf Instagram an. &#8222;Mit unserem gewagten neuen Faux Hair Panty kann dein Busch jede Farbe haben, die du m\u00f6chtest.&#8220; Die Reaktionen in den sozialen Medien fielen gespalten aus. W\u00e4hrend einige User kommentierten &#8222;Ich rufe die Polizei&#8220;, fragten andere: &#8222;Wie w\u00e4re es mit mehr Farbvarianten bei der Loungewear?&#8220;<\/p>\n","protected":false},"excerpt":{"rendered":"&#8222;Ich bin schockiert&#8220; So kam Kim Kardashian die Idee zum Schamhaar-Schl\u00fcppi 18.10.2025, 13:57 Uhr Artikel anh\u00f6ren Diese Audioversion&hellip;\n","protected":false},"author":2,"featured_media":508415,"comment_status":"","ping_status":"","sticky":false,"template":"","format":"standard","meta":{"footnotes":""},"categories":[155],"tags":[29,214,30,5286,215],"class_list":{"0":"post-508414","1":"post","2":"type-post","3":"status-publish","4":"format-standard","5":"has-post-thumbnail","7":"category-unterhaltung","8":"tag-deutschland","9":"tag-entertainment","10":"tag-germany","11":"tag-kim-kardashian","12":"tag-unterhaltung"},"share_on_mastodon":{"url":"https:\/\/pubeurope.com\/@de\/115395338285076385","error":""},"_links":{"self":[{"href":"https:\/\/www.europesays.com\/de\/wp-json\/wp\/v2\/posts\/508414","targetHints":{"allow":["GET"]}}],"collection":[{"href":"https:\/\/www.europesays.com\/de\/wp-json\/wp\/v2\/posts"}],"about":[{"href":"https:\/\/www.europesays.com\/de\/wp-json\/wp\/v2\/types\/post"}],"author":[{"embeddable":true,"href":"https:\/\/www.europesays.com\/de\/wp-json\/wp\/v2\/users\/2"}],"replies":[{"embeddable":true,"href":"https:\/\/www.europesays.com\/de\/wp-json\/wp\/v2\/comments?post=508414"}],"version-history":[{"count":0,"href":"https:\/\/www.europesays.com\/de\/wp-json\/wp\/v2\/posts\/508414\/revisions"}],"wp:featuredmedia":[{"embeddable":true,"href":"https:\/\/www.europesays.com\/de\/wp-json\/wp\/v2\/media\/508415"}],"wp:attachment":[{"href":"https:\/\/www.europesays.com\/de\/wp-json\/wp\/v2\/media?parent=508414"}],"wp:term":[{"taxonomy":"category","embeddable":true,"href":"https:\/\/www.europesays.com\/de\/wp-json\/wp\/v2\/categories?post=508414"},{"taxonomy":"post_tag","embeddable":true,"href":"https:\/\/www.europesays.com\/de\/wp-json\/wp\/v2\/tags?post=508414"}],"curies":[{"name":"wp","href":"https:\/\/api.w.org\/{rel}","templated":true}]}}