{"id":508416,"date":"2025-10-18T13:11:12","date_gmt":"2025-10-18T13:11:12","guid":{"rendered":"https:\/\/www.europesays.com\/de\/508416\/"},"modified":"2025-10-18T13:11:12","modified_gmt":"2025-10-18T13:11:12","slug":"samsung-galaxy-s26-kamera-und-akku-upgrade-in-letzter-minute-moeglich-galaxy-s26-plus-statt-galaxy-s26-edge-bestaetigt","status":"publish","type":"post","link":"https:\/\/www.europesays.com\/de\/508416\/","title":{"rendered":"Samsung Galaxy S26: Kamera- und Akku-Upgrade in letzter Minute m\u00f6glich. Galaxy S26 Plus statt Galaxy S26 Edge best\u00e4tigt"},"content":{"rendered":"<p>Alt oder neu: Das ist hier die Frage<\/p>\n<p class=\"bodytext\">Laut Erencans Recherche im OneUI-Code testet Samsung derzeit zwei unterschiedliche Galaxy S26 Modelle, von denen das erste die gleichen Kamera-Sensoren wie die Vorg\u00e4nger aufweist, das andere aber doch einige Neuigkeiten bringen k\u00f6nnte. Das zweite Modell nennt etwa einen neuen 50 Megapixel ISOCELL GNG Sensor f\u00fcr die Hauptkamera der bisher noch nicht ver\u00f6ffentlicht wurde, einen 50 MP ISOCELL JN3 f\u00fcr das Ultraweitwinkel sowie einen 12 Megapixel S5K3LD f\u00fcr das Telefoto. Selbst die Frontkamera ist hier neu und basiert auf einem Sony IMX874 statt eines ISOCELL S5K3LU. Das gr\u00f6\u00dfte Upgrade w\u00e4re hier wohl ein 50 MP Ultraweitwinkel statt eines 12 Megapixel Sensors, das Telefoto w\u00e4re trotz Sensor-Upgrades mit 10\/12 Megapixeln weiterhin f\u00fcr ein Kamera-Flaggschiff des Jahres 2026 sehr unterdurchschnittlich best\u00fcckt.<br \/>\u00a0<\/p>\n","protected":false},"excerpt":{"rendered":"Alt oder neu: Das ist hier die Frage Laut Erencans Recherche im OneUI-Code testet Samsung derzeit zwei unterschiedliche&hellip;\n","protected":false},"author":2,"featured_media":508417,"comment_status":"","ping_status":"","sticky":false,"template":"","format":"standard","meta":{"footnotes":""},"categories":[135],"tags":[260,29,258,80327,80330,126751,80329,30,261,126753,126752,259,80338,251,253,234,264,263,15,250,252,262,363,190,189,126755,126754,194,54796,191,254,255,257,256,193,192],"class_list":{"0":"post-508416","1":"post","2":"type-post","3":"status-publish","4":"format-standard","5":"has-post-thumbnail","7":"category-wissenschaft-technik","8":"tag-benchmarks","9":"tag-deutschland","10":"tag-forum","11":"tag-galaxy-s26","12":"tag-galaxy-s26-plus","13":"tag-galaxy-s26-pro","14":"tag-galaxy-s26-ultra","15":"tag-germany","16":"tag-grafikkarten","17":"tag-gsma","18":"tag-imei","19":"tag-informationen","20":"tag-kamera-specs","21":"tag-laptop","22":"tag-laptops","23":"tag-leak","24":"tag-netbook","25":"tag-netbooks","26":"tag-news","27":"tag-notebook","28":"tag-notebooks","29":"tag-prozessoren","30":"tag-samsung","31":"tag-science","32":"tag-science-technology","33":"tag-sm-s942","34":"tag-sm-s947b","35":"tag-technik","36":"tag-technische-daten","37":"tag-technology","38":"tag-test","39":"tag-testbericht","40":"tag-testberichte","41":"tag-tests","42":"tag-wissenschaft","43":"tag-wissenschaft-technik"},"share_on_mastodon":{"url":"","error":"Validation failed: Text character limit of 500 exceeded"},"_links":{"self":[{"href":"https:\/\/www.europesays.com\/de\/wp-json\/wp\/v2\/posts\/508416","targetHints":{"allow":["GET"]}}],"collection":[{"href":"https:\/\/www.europesays.com\/de\/wp-json\/wp\/v2\/posts"}],"about":[{"href":"https:\/\/www.europesays.com\/de\/wp-json\/wp\/v2\/types\/post"}],"author":[{"embeddable":true,"href":"https:\/\/www.europesays.com\/de\/wp-json\/wp\/v2\/users\/2"}],"replies":[{"embeddable":true,"href":"https:\/\/www.europesays.com\/de\/wp-json\/wp\/v2\/comments?post=508416"}],"version-history":[{"count":0,"href":"https:\/\/www.europesays.com\/de\/wp-json\/wp\/v2\/posts\/508416\/revisions"}],"wp:featuredmedia":[{"embeddable":true,"href":"https:\/\/www.europesays.com\/de\/wp-json\/wp\/v2\/media\/508417"}],"wp:attachment":[{"href":"https:\/\/www.europesays.com\/de\/wp-json\/wp\/v2\/media?parent=508416"}],"wp:term":[{"taxonomy":"category","embeddable":true,"href":"https:\/\/www.europesays.com\/de\/wp-json\/wp\/v2\/categories?post=508416"},{"taxonomy":"post_tag","embeddable":true,"href":"https:\/\/www.europesays.com\/de\/wp-json\/wp\/v2\/tags?post=508416"}],"curies":[{"name":"wp","href":"https:\/\/api.w.org\/{rel}","templated":true}]}}