{"id":508432,"date":"2025-10-18T13:20:11","date_gmt":"2025-10-18T13:20:11","guid":{"rendered":"https:\/\/www.europesays.com\/de\/508432\/"},"modified":"2025-10-18T13:20:11","modified_gmt":"2025-10-18T13:20:11","slug":"bundesweite-auszeichnung-chemnitzer-busfahrer-erobert-die-herzen-der-fahrgaeste","status":"publish","type":"post","link":"https:\/\/www.europesays.com\/de\/508432\/","title":{"rendered":"Bundesweite Auszeichnung: Chemnitzer Busfahrer erobert die Herzen der Fahrg\u00e4ste"},"content":{"rendered":"<p class=\"text\">\nSteffen Scholz kann es immer noch nicht fassen. Durch sein Engagement ist er zum Lieblingsbusfahrer 2025 gew\u00e4hlt worden. &#8222;Es ist eine Auszeichnung, die alles \u00fcberschreitet, was ich gedacht habe&#8220;, sagt der 63-J\u00e4hrige, der noch nie im Rampenlicht gestanden hat. Neben vier weiteren Teilnehmern hat er dieses Jahr die Auszeichnung erhalten, aus \u00fcber 2.000 Nominierten. <\/p>\n<p>Doch was macht Steffen Scholz anders als andere Busfahrer? <a href=\"https:\/\/www.mdr.de\/nachrichten\/sachsen\/chemnitz\/weihnachtsmann-im-bus-unterwegs-100.html\" title=\"In Chemnitz f\u00e4hrt der Weihnachtsmann Bus\" target=\"_blank\" rel=\"noopener\">Er verkleidet sich an Heiligabend als Weihnachtsmann<\/a>.\n<\/p>\n<blockquote>\n<p class=\"text\">Ich habe noch nie im Rampenlicht gestanden. Man steht auf der B\u00fchne, man schaut in das Licht. Man schaut in die Menge. Das ist \u00fcberw\u00e4ltigend. <\/p>\n<p>Steffen Scholz<br \/>\nLieblingsbusfahrer 2025<\/p>\n<\/blockquote>\n<p class=\"text\">\nAuf die Idee kam Steffen Scholz vor rund neun Jahren. Schon vorher hatte er bei Freunden an Heiligabend den Weihnachtsmann gespielt, warum nicht auch in seinen Job ein wenig festliche Stimmung bringen? Gesagt, getan.\n<\/p>\n<p>Kinder und Erwachsene wollen den Weihnachtsmann sehen<\/p>\n<p class=\"text\">\nSeitdem schm\u00fcckt der 63-J\u00e4hrige jeden Tag vor Heiligabend gemeinsam mit seiner Lebensgef\u00e4hrtin seinen Bus. Und geht dann an Heiligabend als Weihnachtsmann auf Tour. Die Resonanz sei von an Anfang an emotional gewesen. &#8222;Die Kinder kommen, weil sie den Weihnachtsmann sehen wollen.&#8220; Und auch die Erwachsenen w\u00fcrden kommen und an fr\u00fcher denken. &#8222;Vielleicht haben sie den Weihnachtsmann noch nie gesehen. Aber ich bin da&#8220;, so Busfahrer Steffen Scholz.<\/p>\n","protected":false},"excerpt":{"rendered":"Steffen Scholz kann es immer noch nicht fassen. Durch sein Engagement ist er zum Lieblingsbusfahrer 2025 gew\u00e4hlt worden.&hellip;\n","protected":false},"author":2,"featured_media":508433,"comment_status":"","ping_status":"","sticky":false,"template":"","format":"standard","meta":{"footnotes":""},"categories":[1851],"tags":[3681,296,126757,2770,126758,3364,29,548,663,3934,30,13,23121,81,14,15,859,12,126759],"class_list":{"0":"post-508432","1":"post","2":"type-post","3":"status-publish","4":"format-standard","5":"has-post-thumbnail","7":"category-chemnitz","8":"tag-auszeichnung","9":"tag-berlin","10":"tag-bester-busfahrer","11":"tag-chemnitz","12":"tag-cvag","13":"tag-de","14":"tag-deutschland","15":"tag-eu","16":"tag-europa","17":"tag-europe","18":"tag-germany","19":"tag-headlines","20":"tag-liebling","21":"tag-mdr","22":"tag-nachrichten","23":"tag-news","24":"tag-sachsen","25":"tag-schlagzeilen","26":"tag-weihnachtsmann"},"share_on_mastodon":{"url":"https:\/\/pubeurope.com\/@de\/115395377606044486","error":""},"_links":{"self":[{"href":"https:\/\/www.europesays.com\/de\/wp-json\/wp\/v2\/posts\/508432","targetHints":{"allow":["GET"]}}],"collection":[{"href":"https:\/\/www.europesays.com\/de\/wp-json\/wp\/v2\/posts"}],"about":[{"href":"https:\/\/www.europesays.com\/de\/wp-json\/wp\/v2\/types\/post"}],"author":[{"embeddable":true,"href":"https:\/\/www.europesays.com\/de\/wp-json\/wp\/v2\/users\/2"}],"replies":[{"embeddable":true,"href":"https:\/\/www.europesays.com\/de\/wp-json\/wp\/v2\/comments?post=508432"}],"version-history":[{"count":0,"href":"https:\/\/www.europesays.com\/de\/wp-json\/wp\/v2\/posts\/508432\/revisions"}],"wp:featuredmedia":[{"embeddable":true,"href":"https:\/\/www.europesays.com\/de\/wp-json\/wp\/v2\/media\/508433"}],"wp:attachment":[{"href":"https:\/\/www.europesays.com\/de\/wp-json\/wp\/v2\/media?parent=508432"}],"wp:term":[{"taxonomy":"category","embeddable":true,"href":"https:\/\/www.europesays.com\/de\/wp-json\/wp\/v2\/categories?post=508432"},{"taxonomy":"post_tag","embeddable":true,"href":"https:\/\/www.europesays.com\/de\/wp-json\/wp\/v2\/tags?post=508432"}],"curies":[{"name":"wp","href":"https:\/\/api.w.org\/{rel}","templated":true}]}}