{"id":508436,"date":"2025-10-18T13:22:15","date_gmt":"2025-10-18T13:22:15","guid":{"rendered":"https:\/\/www.europesays.com\/de\/508436\/"},"modified":"2025-10-18T13:22:15","modified_gmt":"2025-10-18T13:22:15","slug":"kellerbrand-mit-menschenrettung-radio-90-1","status":"publish","type":"post","link":"https:\/\/www.europesays.com\/de\/508436\/","title":{"rendered":"Kellerbrand mit Menschenrettung &#8211; Radio 90.1"},"content":{"rendered":"<p class=\"small date article__date\">Ver\u00f6ffentlicht:\u00a0Samstag, 18.10.2025 10:51<\/p>\n<p class=\"article__teaser flow-text abstract\">M\u00f6nchengladbach Hardterbroich Pesch, 18.10.2025, 08:41 Uhr Oststra\u00dfe 24 (ots) &#8211; <\/p>\n<p><img decoding=\"async\" alt=\".\" src=\"https:\/\/www.europesays.com\/de\/wp-content\/uploads\/2025\/10\/logo_pressebrand_neu-v1.jpg&#038;crop=0x10x646x404&#038;resize=646x404&#038;dt=202510181125010.jpeg\" data-size=\"646x404\"\/><\/p>\n<p>Am heutigen Morgen ist der Leitstelle der Feuerwehr M\u00f6nchengladbach ein Kellerbrand in einem Mehrfamilienhaus gemeldet worden.<\/p>\n<p>Bei Eintreffen der Einsatzkr\u00e4fte an der Einsatzstelle hat sich die gemeldete Lage best\u00e4tigt. Aus dem Keller drang Rauch und der Treppenraum war ebenfalls schon leicht verraucht. Zwei Personen haben sich bereits vor Eintreffen der Feuerwehr eigenst\u00e4ndig aus dem Geb\u00e4ude gerettet. Ein Trupp ist gesch\u00fctzt mit Atemschutzger\u00e4ten zur Brandbek\u00e4mpfung in den Keller vorgegangen. Ein weiterer Trupp ebenfalls gesch\u00fctzt mit Atemschutzger\u00e4ten hat den Treppenraum kontrolliert und die verbliebenen Bewohner aus dem Geb\u00e4ude gef\u00fchrt. Parallel ist eine Drehleiter vor dem Geb\u00e4ude in Stellung gebracht worden, um die Menschenrettung bei Bedarf zu unterst\u00fctzen. Die Bewohner aus den Wohnungen sind im Au\u00dfenbereich gesammelt und vom Rettungsdienst gesichtet und betreut worden. Durch den eingesetzten Trupp im Keller wurde eine Person aus dem Keller gerettet. Der mit alarmierte Notarzt hat die Person gesichtet und konnte ein Rauchgasintoxikation ausschlie\u00dfen. Der Brand konnte schnell gel\u00f6scht werden und war auf einen kleinen Bereich begrenzt. Mittels einem Hochleistungsbel\u00fcftungsger\u00e4t ist der Brandrauch aus dem Geb\u00e4ude entfernt worden. Alle Bewohner konnte anschlie\u00dfend wieder in die Wohnungen zur\u00fcck.<\/p>\n<p>W\u00e4hrend des Einsatzes kam es im Bereich der Einsatzstelle zu Verkehrsbeeintr\u00e4chtigungen.<\/p>\n<p>Im Einsatz waren die L\u00f6schz\u00fcge der Feuer- und Rettungswachen II (Holt) und III (Rheydt) sowie die Einheit Stadtmitte der Freiwilligen Feuerwehr, ein Notarzt und zwei Rettungswagen.<\/p>\n<p>Einsatzleiter: Brandoberinspektor Roman Cr\u00fctzen<\/p>\n<p>R\u00fcckfragen bitte an:<\/p>\n<p>Stadt M\u00f6nchengladbach Fachbereich 37 &#8211; Feuerwehr F\u00fchrungs- und Lagezentrum Stockholtweg 132 41238 M\u00f6nchengladbach<\/p>\n<p>Telefon: 02166\/9989-0 Fax: 02166\/9989-37729 E-Mail: leitstelle.feuerwehr@moenchengladbach.de http:\/\/www.feuerwehr-mg.de\/<\/p>\n<p> Original-Content von: Feuerwehr M\u00f6nchengladbach, \u00fcbermittelt durch news aktuell<\/p>\n","protected":false},"excerpt":{"rendered":"Ver\u00f6ffentlicht:\u00a0Samstag, 18.10.2025 10:51 M\u00f6nchengladbach Hardterbroich Pesch, 18.10.2025, 08:41 Uhr Oststra\u00dfe 24 (ots) &#8211; Am heutigen Morgen ist der&hellip;\n","protected":false},"author":2,"featured_media":508437,"comment_status":"","ping_status":"","sticky":false,"template":"","format":"standard","meta":{"footnotes":""},"categories":[1849],"tags":[3364,29,548,663,3934,30,13,4455,14,15,1209,12925,12],"class_list":{"0":"post-508436","1":"post","2":"type-post","3":"status-publish","4":"format-standard","5":"has-post-thumbnail","7":"category-moenchengladbach","8":"tag-de","9":"tag-deutschland","10":"tag-eu","11":"tag-europa","12":"tag-europe","13":"tag-germany","14":"tag-headlines","15":"tag-moenchengladbach","16":"tag-nachrichten","17":"tag-news","18":"tag-nordrhein-westfalen","19":"tag-polizeimeldungen","20":"tag-schlagzeilen"},"share_on_mastodon":{"url":"https:\/\/pubeurope.com\/@de\/115395386252350772","error":""},"_links":{"self":[{"href":"https:\/\/www.europesays.com\/de\/wp-json\/wp\/v2\/posts\/508436","targetHints":{"allow":["GET"]}}],"collection":[{"href":"https:\/\/www.europesays.com\/de\/wp-json\/wp\/v2\/posts"}],"about":[{"href":"https:\/\/www.europesays.com\/de\/wp-json\/wp\/v2\/types\/post"}],"author":[{"embeddable":true,"href":"https:\/\/www.europesays.com\/de\/wp-json\/wp\/v2\/users\/2"}],"replies":[{"embeddable":true,"href":"https:\/\/www.europesays.com\/de\/wp-json\/wp\/v2\/comments?post=508436"}],"version-history":[{"count":0,"href":"https:\/\/www.europesays.com\/de\/wp-json\/wp\/v2\/posts\/508436\/revisions"}],"wp:featuredmedia":[{"embeddable":true,"href":"https:\/\/www.europesays.com\/de\/wp-json\/wp\/v2\/media\/508437"}],"wp:attachment":[{"href":"https:\/\/www.europesays.com\/de\/wp-json\/wp\/v2\/media?parent=508436"}],"wp:term":[{"taxonomy":"category","embeddable":true,"href":"https:\/\/www.europesays.com\/de\/wp-json\/wp\/v2\/categories?post=508436"},{"taxonomy":"post_tag","embeddable":true,"href":"https:\/\/www.europesays.com\/de\/wp-json\/wp\/v2\/tags?post=508436"}],"curies":[{"name":"wp","href":"https:\/\/api.w.org\/{rel}","templated":true}]}}