{"id":508438,"date":"2025-10-18T13:23:11","date_gmt":"2025-10-18T13:23:11","guid":{"rendered":"https:\/\/www.europesays.com\/de\/508438\/"},"modified":"2025-10-18T13:23:11","modified_gmt":"2025-10-18T13:23:11","slug":"dachgeschosswohnung-in-essen-brennt-radio-essen","status":"publish","type":"post","link":"https:\/\/www.europesays.com\/de\/508438\/","title":{"rendered":"Dachgeschosswohnung in Essen brennt &#8211; Radio Essen"},"content":{"rendered":"<p>Feuerwehr Essen verhindert Schlimmeres<\/p>\n<p>Auf der Ahornstra\u00dfe in Essen-Stadtwald hat es am Samstag gebrannt. Gegen 13.10 Uhr quoll dichter Rauch aus einer Dachgeschosswohnung. Die Familie, die in dem Haus wohnt, konnte selbst nach drau\u00dfen fl\u00fcchten. Zuf\u00e4llig war ein Feuerwehrmann privat zu Besuch in einem Haus auf der gegen\u00fcberliegenden Stra\u00dfenseite. Er hat sich direkt einen \u00dcberblick \u00fcber die Lage verschafft und so konnten die zugerufenen Einsatzkr\u00e4fte das Feuer schnell unter Kontrolle bekommen &#8211; obwohl mittlerweile richtige Flammen aus der Wohnung drangen, nicht mehr nur Rauch. Die Einsatzkr\u00e4fte verhinderten, dass das Feuer auf den Dachstuhl \u00fcbergreift. Deswegen kann die Familie weiter in ihrem Haus wohnen, nur die Dachgeschosswohnung ist unbewohnbar. <\/p>\n<p>Mehr Nachrichten aus Essen<\/p>\n","protected":false},"excerpt":{"rendered":"Feuerwehr Essen verhindert Schlimmeres Auf der Ahornstra\u00dfe in Essen-Stadtwald hat es am Samstag gebrannt. Gegen 13.10 Uhr quoll&hellip;\n","protected":false},"author":2,"featured_media":508439,"comment_status":"","ping_status":"","sticky":false,"template":"","format":"standard","meta":{"footnotes":""},"categories":[1848],"tags":[9145,3275,3364,29,548,663,3934,985,3658,30,13,14,15,1209,12],"class_list":{"0":"post-508438","1":"post","2":"type-post","3":"status-publish","4":"format-standard","5":"has-post-thumbnail","7":"category-gelsenkirchen","8":"tag-brnde","9":"tag-lokalnachrichten","10":"tag-de","11":"tag-deutschland","12":"tag-eu","13":"tag-europa","14":"tag-europe","15":"tag-feuerwehr","16":"tag-gelsenkirchen","17":"tag-germany","18":"tag-headlines","19":"tag-nachrichten","20":"tag-news","21":"tag-nordrhein-westfalen","22":"tag-schlagzeilen"},"share_on_mastodon":{"url":"https:\/\/pubeurope.com\/@de\/115395389371942490","error":""},"_links":{"self":[{"href":"https:\/\/www.europesays.com\/de\/wp-json\/wp\/v2\/posts\/508438","targetHints":{"allow":["GET"]}}],"collection":[{"href":"https:\/\/www.europesays.com\/de\/wp-json\/wp\/v2\/posts"}],"about":[{"href":"https:\/\/www.europesays.com\/de\/wp-json\/wp\/v2\/types\/post"}],"author":[{"embeddable":true,"href":"https:\/\/www.europesays.com\/de\/wp-json\/wp\/v2\/users\/2"}],"replies":[{"embeddable":true,"href":"https:\/\/www.europesays.com\/de\/wp-json\/wp\/v2\/comments?post=508438"}],"version-history":[{"count":0,"href":"https:\/\/www.europesays.com\/de\/wp-json\/wp\/v2\/posts\/508438\/revisions"}],"wp:featuredmedia":[{"embeddable":true,"href":"https:\/\/www.europesays.com\/de\/wp-json\/wp\/v2\/media\/508439"}],"wp:attachment":[{"href":"https:\/\/www.europesays.com\/de\/wp-json\/wp\/v2\/media?parent=508438"}],"wp:term":[{"taxonomy":"category","embeddable":true,"href":"https:\/\/www.europesays.com\/de\/wp-json\/wp\/v2\/categories?post=508438"},{"taxonomy":"post_tag","embeddable":true,"href":"https:\/\/www.europesays.com\/de\/wp-json\/wp\/v2\/tags?post=508438"}],"curies":[{"name":"wp","href":"https:\/\/api.w.org\/{rel}","templated":true}]}}