{"id":508465,"date":"2025-10-18T13:37:17","date_gmt":"2025-10-18T13:37:17","guid":{"rendered":"https:\/\/www.europesays.com\/de\/508465\/"},"modified":"2025-10-18T13:37:17","modified_gmt":"2025-10-18T13:37:17","slug":"reparaturarbeiten-koennen-starten-lokale-waffenruhe-am-akw-saporischschja-tritt-in-kraft","status":"publish","type":"post","link":"https:\/\/www.europesays.com\/de\/508465\/","title":{"rendered":"Reparaturarbeiten k\u00f6nnen starten: Lokale Waffenruhe am AKW Saporischschja tritt in Kraft"},"content":{"rendered":"<p>                    Reparaturarbeiten k\u00f6nnen starten<br \/>\n                Lokale Waffenruhe am AKW Saporischschja tritt in Kraft<\/p>\n<p>\t\t\t\t              18.10.2025, 14:40 Uhr<\/p>\n<p>\t\t\t\t\t       Artikel anh\u00f6ren<\/p>\n<p>\t\t\t\t\t\t\tDiese Audioversion wurde k\u00fcnstlich generiert. <a href=\"https:\/\/www.n-tv.de\/23249898\" rel=\"nofollow noopener\" target=\"_blank\">Mehr Infos<\/a><\/p>\n<p><strong>Das von Russland besetzte Atomkraftwerk in der ukrainischen Region Saporischschja ist seit Wochen von der externen Stromversorgung abgeschnitten. Zeitweise f\u00fcrchten Experten um die nukleare Sicherheit. Nun gibt es aber gute Nachrichten.<\/strong><\/p>\n<p>Nach fast vier Wochen ohne externe Stromversorgung haben Reparaturarbeiten an Leitungen zum von Russland besetzten ukrainischen Kernkraftwerk Saporischschja begonnen. Das teilte die Internationale Atomenergiebeh\u00f6rde (IAEA) auf der Plattform X mit. Um die Arbeiten an den besch\u00e4digten Stromleitungen zu erm\u00f6glichen, seien lokale Waffenruhezonen eingerichtet worden. <\/p>\n<p>Die Wiederherstellung der externen Stromversorgung sei entscheidend f\u00fcr die nukleare Sicherheit. Die letzte Hochspannungsleitung zur Versorgung des gr\u00f6\u00dften Atomkraftwerks in Europa war am 23. September au\u00dfer Betrieb gegangen. Wegen K\u00e4mpfen in der N\u00e4he des Kraftwerks erkl\u00e4rten sich Russland und die Ukraine zun\u00e4chst au\u00dferstande, die Leitungen zu reparieren. <\/p>\n<p>Nach Angaben der IAEA ist die Anlage bereits zum zehnten Mal vom Netz abgeschnitten &#8211; allerdings dauert die Trennung diesmal so lange wie noch nie zuvor in dem seit mehr als dreieinhalb Jahren andauernden russischen Angriffskrieg. <\/p>\n<p>Wegen der Sicherheitsbedenken sind die Reaktoren heruntergefahren worden, m\u00fcssen aber weiter gek\u00fchlt werden. Das wird derzeit durch Dieselgeneratoren sichergestellt. Russische Truppen hatten die Anlage im M\u00e4rz 2022 kurz nach Kriegsbeginn besetzt. <\/p>\n<p>Trotz des hohen Risikos ist die Umgebung des Kernkraftwerks umk\u00e4mpft. Moskau und Kiew werfen sich immer wieder gegenseitig Beschuss vor. Beobachter der IAEA sind dauerhaft vor Ort. <\/p>\n","protected":false},"excerpt":{"rendered":"Reparaturarbeiten k\u00f6nnen starten Lokale Waffenruhe am AKW Saporischschja tritt in Kraft 18.10.2025, 14:40 Uhr Artikel anh\u00f6ren Diese Audioversion&hellip;\n","protected":false},"author":2,"featured_media":508466,"comment_status":"","ping_status":"","sticky":false,"template":"","format":"standard","meta":{"footnotes":""},"categories":[4013],"tags":[331,332,661,5930,13,30012,14,15,16,4043,4044,850,307,25102,12,317,3081,580],"class_list":{"0":"post-508465","1":"post","2":"type-post","3":"status-publish","4":"format-standard","5":"has-post-thumbnail","7":"category-russland","8":"tag-aktuelle-nachrichten","9":"tag-aktuelle-news","10":"tag-angriff-auf-die-ukraine","11":"tag-atomkraftwerke","12":"tag-headlines","13":"tag-iaea","14":"tag-nachrichten","15":"tag-news","16":"tag-politik","17":"tag-russia","18":"tag-russian-federation","19":"tag-russische-foederation","20":"tag-russland","21":"tag-saporischschja","22":"tag-schlagzeilen","23":"tag-ukraine","24":"tag-ukraine-konflikt","25":"tag-waffenruhe"},"share_on_mastodon":{"url":"","error":""},"_links":{"self":[{"href":"https:\/\/www.europesays.com\/de\/wp-json\/wp\/v2\/posts\/508465","targetHints":{"allow":["GET"]}}],"collection":[{"href":"https:\/\/www.europesays.com\/de\/wp-json\/wp\/v2\/posts"}],"about":[{"href":"https:\/\/www.europesays.com\/de\/wp-json\/wp\/v2\/types\/post"}],"author":[{"embeddable":true,"href":"https:\/\/www.europesays.com\/de\/wp-json\/wp\/v2\/users\/2"}],"replies":[{"embeddable":true,"href":"https:\/\/www.europesays.com\/de\/wp-json\/wp\/v2\/comments?post=508465"}],"version-history":[{"count":0,"href":"https:\/\/www.europesays.com\/de\/wp-json\/wp\/v2\/posts\/508465\/revisions"}],"wp:featuredmedia":[{"embeddable":true,"href":"https:\/\/www.europesays.com\/de\/wp-json\/wp\/v2\/media\/508466"}],"wp:attachment":[{"href":"https:\/\/www.europesays.com\/de\/wp-json\/wp\/v2\/media?parent=508465"}],"wp:term":[{"taxonomy":"category","embeddable":true,"href":"https:\/\/www.europesays.com\/de\/wp-json\/wp\/v2\/categories?post=508465"},{"taxonomy":"post_tag","embeddable":true,"href":"https:\/\/www.europesays.com\/de\/wp-json\/wp\/v2\/tags?post=508465"}],"curies":[{"name":"wp","href":"https:\/\/api.w.org\/{rel}","templated":true}]}}