{"id":508475,"date":"2025-10-18T13:42:13","date_gmt":"2025-10-18T13:42:13","guid":{"rendered":"https:\/\/www.europesays.com\/de\/508475\/"},"modified":"2025-10-18T13:42:13","modified_gmt":"2025-10-18T13:42:13","slug":"eu-laender-und-norwegen-fordern-massnahmen-zur-rueckfuehrung-von-afghanen","status":"publish","type":"post","link":"https:\/\/www.europesays.com\/de\/508475\/","title":{"rendered":"EU-L\u00e4nder und Norwegen fordern Ma\u00dfnahmen zur R\u00fcckf\u00fchrung von Afghanen"},"content":{"rendered":"<p>\n  Von&amp;nbsp<b>Euronews<\/b>\n<\/p>\n<p>\n         Zuerst ver\u00f6ffentlicht am<br \/>\n            18\/10\/2025 &#8211; 15:37 MESZ\n            <\/p>\n<p>          <img decoding=\"async\" class=\"c-ad__placeholder__logo\" src=\"https:\/\/static.euronews.com\/website\/images\/logos\/logo-euronews-stacked-outlined-72x72-grey-9.svg\" width=\"72\" height=\"72\" alt=\"\" loading=\"lazy\"\/><br \/>\n          WERBUNG<\/p>\n<p>In einem Brief an Magnus Brunner, den Kommissar f\u00fcr Inneres und Migration, haben zwanzig EU-L\u00e4nder gemeinsam Druck auf die Europ\u00e4ische Kommission ausge\u00fcbt. Sie fordern Wege zu finden, afghanische Staatsangeh\u00f6rige, die illegal in Europa leben, freiwillig oder zwangsweise zur\u00fcckzuschicken, so die belgische Ministerin f\u00fcr Asyl und Migration Anneleen Van Bossuyt am Samstag.<\/p>\n<p>Viele EU-L\u00e4nder sagen, dass die Tatsache, dass sie derzeit keine Afghanen abschieben k\u00f6nnen, selbst solche, die wegen Verbrechen verurteilt wurden, ein Sicherheitsrisiko f\u00fcr die EU-L\u00e4nder darstellt. Zudem untergrabe es das \u00f6ffentliche Vertrauen in die Asylpolitik, da seit der Macht\u00fcbernahme der Taliban 2021 keine formale R\u00fcckf\u00fchrungsvereinbarung mit Afghanistan besteht.<\/p>\n<p>Die Initiative, die von Belgiens Ministerin f\u00fcr Asyl und Migration, Anneleen Van Bossuyt, angef\u00fchrt wird, wird von 19 weiteren L\u00e4ndern in der EU unterst\u00fctzt: \u00d6sterreich, Belgien, Bulgarien, Zypern, Tschechien, Estland, Finnland, Deutschland, Griechenland, Ungarn, Irland, Italien, Litauen, Luxemburg, Malta, die Niederlande, Norwegen, Polen, die Slowakei und Schweden.<\/p>\n<p>Sie fordern die Europ\u00e4ische Kommission auf, die R\u00fcckf\u00fchrung von Afghanen ganz oben auf ihre Agenda zu setzen, einschlie\u00dflich Verhandlungen mit dem Taliban-Regime, um eine R\u00fcckf\u00fchrungspolitik zu vereinbaren.<\/p>\n<p>Van Bossuyt hat vorgeschlagen, der EU-Grenzschutzagentur Frontex eine st\u00e4rkere Rolle bei der Organisation und Unterst\u00fctzung freiwilliger R\u00fcckf\u00fchrungen durch das EU-Reintegrationsprogramm zu geben. F\u00fcr Zwangsr\u00fcckf\u00fchrungen schl\u00e4gt der Brief vor, gef\u00e4hrliche oder kriminelle Personen zu priorisieren, durch eine gemeinsame Mission nach Afghanistan zwischen der Kommission, dem EAD und den Mitgliedstaaten, die teilnehmen m\u00f6chten.<\/p>\n<p>Seit dem Fall von Kabul 2021 hat nur Russland die Taliban als legitime Regierung Afghanistans anerkannt. Trotz dessen steht Deutschland, unter der konservativen Regierung von Friedrich Merz, kurz davor, ein Abkommen mit den Taliban \u00fcber die R\u00fcckf\u00fchrung von Afghanen abzuschlie\u00dfen. Diese bilden die zweitgr\u00f6\u00dfte Gruppe von Asylsuchenden in Deutschland. Im Juli f\u00fchrte die Merz-Regierung einen Flug durch, bei dem 81 Afghanen abgeschoben wurden, und hofft, dass andere europ\u00e4ische L\u00e4nder diesem Beispiel folgen.<\/p>\n<p>Deutschlands Vorgehen wurde jedoch zuvor von den Vereinten Nationen kritisiert, da Afghanistan laut Ravina Shamdasani, einer Sprecherin des UN-Fl\u00fcchtlingshilfswerks, immer noch unter einer \u201eNicht-R\u00fcckf\u00fchrungs-Beratung\u201c steht.<\/p>\n<p>In der Zwischenzeit sagte Arafat Jamal, ein Mitarbeiter des UN-Menschenrechtsb\u00fcros (OHCHR): \u201eWir dokumentieren weiterhin Menschenrechtsverletzungen in Afghanistan.\u201c<\/p>\n","protected":false},"excerpt":{"rendered":"Von&amp;nbspEuronews Zuerst ver\u00f6ffentlicht am 18\/10\/2025 &#8211; 15:37 MESZ WERBUNG In einem Brief an Magnus Brunner, den Kommissar f\u00fcr&hellip;\n","protected":false},"author":2,"featured_media":508476,"comment_status":"","ping_status":"","sticky":false,"template":"","format":"standard","meta":{"footnotes":""},"categories":[3933],"tags":[7451,331,332,548,663,158,3934,3935,13,42765,14,15,12,15451],"class_list":{"0":"post-508475","1":"post","2":"type-post","3":"status-publish","4":"format-standard","5":"has-post-thumbnail","7":"category-eu","8":"tag-afghanistan","9":"tag-aktuelle-nachrichten","10":"tag-aktuelle-news","11":"tag-eu","12":"tag-europa","13":"tag-europaeische-union","14":"tag-europe","15":"tag-european-union","16":"tag-headlines","17":"tag-magnus-brunner","18":"tag-nachrichten","19":"tag-news","20":"tag-schlagzeilen","21":"tag-taliban"},"share_on_mastodon":{"url":"https:\/\/pubeurope.com\/@de\/115395464020376421","error":""},"_links":{"self":[{"href":"https:\/\/www.europesays.com\/de\/wp-json\/wp\/v2\/posts\/508475","targetHints":{"allow":["GET"]}}],"collection":[{"href":"https:\/\/www.europesays.com\/de\/wp-json\/wp\/v2\/posts"}],"about":[{"href":"https:\/\/www.europesays.com\/de\/wp-json\/wp\/v2\/types\/post"}],"author":[{"embeddable":true,"href":"https:\/\/www.europesays.com\/de\/wp-json\/wp\/v2\/users\/2"}],"replies":[{"embeddable":true,"href":"https:\/\/www.europesays.com\/de\/wp-json\/wp\/v2\/comments?post=508475"}],"version-history":[{"count":0,"href":"https:\/\/www.europesays.com\/de\/wp-json\/wp\/v2\/posts\/508475\/revisions"}],"wp:featuredmedia":[{"embeddable":true,"href":"https:\/\/www.europesays.com\/de\/wp-json\/wp\/v2\/media\/508476"}],"wp:attachment":[{"href":"https:\/\/www.europesays.com\/de\/wp-json\/wp\/v2\/media?parent=508475"}],"wp:term":[{"taxonomy":"category","embeddable":true,"href":"https:\/\/www.europesays.com\/de\/wp-json\/wp\/v2\/categories?post=508475"},{"taxonomy":"post_tag","embeddable":true,"href":"https:\/\/www.europesays.com\/de\/wp-json\/wp\/v2\/tags?post=508475"}],"curies":[{"name":"wp","href":"https:\/\/api.w.org\/{rel}","templated":true}]}}