{"id":508480,"date":"2025-10-18T13:45:13","date_gmt":"2025-10-18T13:45:13","guid":{"rendered":"https:\/\/www.europesays.com\/de\/508480\/"},"modified":"2025-10-18T13:45:13","modified_gmt":"2025-10-18T13:45:13","slug":"jugendwort-2025-das-crazy-ist-jugendwort-des-jahres","status":"publish","type":"post","link":"https:\/\/www.europesays.com\/de\/508480\/","title":{"rendered":"Jugendwort 2025: &#8222;Das crazy&#8220; ist Jugendwort des Jahres"},"content":{"rendered":"<p class=\"paragraph article__item\">Der Ausdruck &#8222;das crazy&#8220; ist zum <a href=\"https:\/\/www.zeit.de\/thema\/jugendsprache\" class=\"\" target=\"_blank\" rel=\"noopener\">Jugendwort des Jahres<\/a> 2025 gew\u00e4hlt worden. Das gab der Langenscheidt-Verlag am Samstag auf der <a href=\"https:\/\/www.zeit.de\/thema\/frankfurter-buchmesse\" class=\"\" target=\"_blank\" rel=\"noopener\">Frankfurter Buchmesse<\/a> bekannt. Der Begriff werde als &#8222;Allzweckwaffe der Sprachlosigkeit&#8220; und\u00a0Alternative zu einem &#8222;okay&#8220; vor allem dann verwendet, wenn Jugendlichen keine passende Antwort einf\u00e4llt oder sie knapp reagieren wollen, teilte der Verlag mit.\u00a0\n<\/p>\n<p>            Entwicklung der Sprache        <\/p>\n<p>Mehr zum Thema<\/p>\n<p>                <a href=\"https:\/\/www.zeit.de\/2025\/36\/humor-verletzend-witze-juergen-von-der-lippe-elissa-hamurcu\" data-ct-label=\"Humor: &quot;Seit MeToo lachen die Leute bei Baggerspr\u00fcchen von fr\u00fcher extra laut&quot;\" target=\"_blank\" rel=\"noopener\"><\/p>\n<p>        Z+ (abopflichtiger Inhalt);<\/p>\n<p>    Humor:<br \/>\n                        &#8222;Seit MeToo lachen die Leute bei Baggerspr\u00fcchen von fr\u00fcher extra laut&#8220;<\/p>\n<p>                <\/a><\/p>\n<p>                <a href=\"https:\/\/www.zeit.de\/2024\/12\/jugendsprache-erwachsener-entwicklung-englisch\" data-ct-label=\"Jugendsprache: Was k\u00f6nnte ich denn statt geil sagen?\" target=\"_blank\" rel=\"noopener\"><\/p>\n<p>        Z+ (registrierungspflichtiger Inhalt);<\/p>\n<p>    Jugendsprache:<br \/>\n                        Was k\u00f6nnte ich denn statt geil sagen?<\/p>\n<p>                <\/a><\/p>\n<p>                <a href=\"https:\/\/www.zeit.de\/kultur\/2024-08\/brainrot-social-media-internet-bildschirmzeit\" data-ct-label=\"Brainrot: L\u00e4sst das Internet unser Gehirn schimmeln?\" target=\"_blank\" rel=\"noopener\"><\/p>\n<p>                        Brainrot:<br \/>\n                        L\u00e4sst das Internet unser Gehirn schimmeln?<\/p>\n<p>                <\/a><\/p>\n<p class=\"paragraph article__item\">Elf- bis 20-J\u00e4hrige konnten bis zum Dienstag vergangener Woche \u00fcber das Siegerwort abstimmen. Die Wahl zeige erneut &#8222;den ungebrochenen Einfluss der englischen Sprache und<br \/>\nden Trend zum Verk\u00fcrzen&#8220;, sagte Nikolas Hoenig, Head of<br \/>\nMarketing bei PONS Langenscheidt. Auf den Pl\u00e4tzen zwei und drei der Finalabstimmung landeten &#8222;goonen&#8220; \u2013 ein Slangbegriff f\u00fcr Selbstbefriedigung \u2013 und &#8222;checkst du&#8220; im Sinne von &#8222;verstehst du?&#8220;.\u00a0\n<\/p>\n<p class=\"paragraph article__item\">&#8222;Das crazy&#8220; ist eine Verk\u00fcrzung von &#8222;das ist crazy&#8220; und zugleich die Eindeutschung der englischen, \u00e4hnlich klingenden Wendung &#8222;that&#8217;s crazy&#8220;. Verbreitung fand der Ausdruck vor allem in der Onlinekultur und auf Kurzvideo-Plattformen. Teil des Humors in der Jugendkultur ist der bewusste Bruch mit Sprachregeln.\u00a0\n<\/p>\n<p class=\"paragraph article__item\">Das Jugendwort des Jahres wird seit 2008 ermittelt. Es soll Entwicklungen der Jugendsprache abbilden und wird seit 2020 in einem mehrstufigen Onlineverfahren gew\u00e4hlt. <a href=\"https:\/\/www.zeit.de\/thema\/jugendliche\" class=\"\" target=\"_blank\" rel=\"noopener\">Jugendliche<\/a> k\u00f6nnen dabei Begriffe vorschlagen und \u00fcber die Finalisten abstimmen. Diskriminierende oder sexistische Ausdr\u00fccke sind ausgeschlossen. Im vergangenen Jahr gewann &#8222;Aura&#8220;. Der<br \/>\nBegriff umschreibt scherzhaft besondere, aber nicht immer positive<br \/>\nEigenschaften einer Person.\n<\/p>\n<p>            Das waren die Jugendw\u00f6rter von 2008 bis 2025<\/p>\n<ul class=\"list article__item\">\n<li>\n<strong>2025<\/strong>:\u00a0Das crazy \u2013 kurz f\u00fcr &#8222;Das ist crazy&#8220;, vergleichbar mit \u201eAha, cool\u201c oder \u201eOkay\u201c<\/li>\n<li>\n<strong>2024:<\/strong> Aura \u2013 besondere Ausstrahlung und das Charisma einer Person<\/li>\n<li>\n<strong>2023:<\/strong> goofy \u2013 tollpatschige, alberne Person oder Verhaltensweise, die andere zum Lachen bringt<\/li>\n<li>\n<strong>2022:<\/strong> smash \u2013 mit jemandem etwas anfangen<\/li>\n<li>\n<strong>2021:<\/strong> cringe \u2013 peinlich, zum Fremdsch\u00e4men<\/li>\n<li>\n<strong>2020:<\/strong> lost \u2013 ahnungslos, verwirrt<\/li>\n<li>\n<strong>2019:<\/strong> kein Jugendwort<\/li>\n<li>\n<strong>2018:<\/strong> Ehrenmann\/Ehrenfrau \u2013 guter Mensch<\/li>\n<li>\n<strong>2017:<\/strong> I bims \u2013 Ich bin&#8217;s<\/li>\n<li>\n<strong>2016:<\/strong> fly sein \u2013 besonders abgehen<\/li>\n<li>\n<strong>2015:<\/strong> Smombie \u2013 Zusammensetzung aus Smartphone und Zombie<\/li>\n<li>\n<strong>2014:<\/strong> L\u00e4uft bei dir \u2013 Gut gemacht! Du hast es drauf! Cool!<\/li>\n<li>\n<strong>2013:<\/strong> Babo \u2013 Boss, Chef, Chefin<\/li>\n<li>\n<strong>2012:<\/strong> YOLO \u2013 \u201eYou Only Live Once\u201c<\/li>\n<li>\n<strong>2011:<\/strong> Swag \u2013 Coolness<\/li>\n<li>\n<strong>2010:<\/strong> Niveaulimbo \u2013 beschreibt das sinkende Niveau innerhalb einer sozialen Interaktion<\/li>\n<li>\n<strong>2009:<\/strong> hartzen \u2013 herumh\u00e4ngen, chillen<\/li>\n<li>\n<strong>2008:<\/strong> Gammel\u00adfleisch\u00adparty \u2013 Bezeichnung f\u00fcr eine Party mit \u00dc-30-Teilnehmer<\/li>\n<\/ul>\n","protected":false},"excerpt":{"rendered":"Der Ausdruck &#8222;das crazy&#8220; ist zum Jugendwort des Jahres 2025 gew\u00e4hlt worden. Das gab der Langenscheidt-Verlag am Samstag&hellip;\n","protected":false},"author":2,"featured_media":508481,"comment_status":"","ping_status":"","sticky":false,"template":"","format":"standard","meta":{"footnotes":""},"categories":[5],"tags":[331,332,3364,29,30,13,1722,53120,3930,80,53121,14,15,24461,12,1978,1300],"class_list":{"0":"post-508480","1":"post","2":"type-post","3":"status-publish","4":"format-standard","5":"has-post-thumbnail","7":"category-nachrichten","8":"tag-aktuelle-nachrichten","9":"tag-aktuelle-news","10":"tag-de","11":"tag-deutschland","12":"tag-germany","13":"tag-headlines","14":"tag-jugendliche","15":"tag-jugendwort-2025","16":"tag-kommunikation","17":"tag-kultur","18":"tag-langenscheidt","19":"tag-nachrichten","20":"tag-news","21":"tag-popkultur","22":"tag-schlagzeilen","23":"tag-schueler","24":"tag-sprache"},"share_on_mastodon":{"url":"https:\/\/pubeurope.com\/@de\/115395475770149358","error":""},"_links":{"self":[{"href":"https:\/\/www.europesays.com\/de\/wp-json\/wp\/v2\/posts\/508480","targetHints":{"allow":["GET"]}}],"collection":[{"href":"https:\/\/www.europesays.com\/de\/wp-json\/wp\/v2\/posts"}],"about":[{"href":"https:\/\/www.europesays.com\/de\/wp-json\/wp\/v2\/types\/post"}],"author":[{"embeddable":true,"href":"https:\/\/www.europesays.com\/de\/wp-json\/wp\/v2\/users\/2"}],"replies":[{"embeddable":true,"href":"https:\/\/www.europesays.com\/de\/wp-json\/wp\/v2\/comments?post=508480"}],"version-history":[{"count":0,"href":"https:\/\/www.europesays.com\/de\/wp-json\/wp\/v2\/posts\/508480\/revisions"}],"wp:featuredmedia":[{"embeddable":true,"href":"https:\/\/www.europesays.com\/de\/wp-json\/wp\/v2\/media\/508481"}],"wp:attachment":[{"href":"https:\/\/www.europesays.com\/de\/wp-json\/wp\/v2\/media?parent=508480"}],"wp:term":[{"taxonomy":"category","embeddable":true,"href":"https:\/\/www.europesays.com\/de\/wp-json\/wp\/v2\/categories?post=508480"},{"taxonomy":"post_tag","embeddable":true,"href":"https:\/\/www.europesays.com\/de\/wp-json\/wp\/v2\/tags?post=508480"}],"curies":[{"name":"wp","href":"https:\/\/api.w.org\/{rel}","templated":true}]}}