{"id":508499,"date":"2025-10-18T13:55:23","date_gmt":"2025-10-18T13:55:23","guid":{"rendered":"https:\/\/www.europesays.com\/de\/508499\/"},"modified":"2025-10-18T13:55:23","modified_gmt":"2025-10-18T13:55:23","slug":"kurzfilme-tournee-macht-station-im-thalia","status":"publish","type":"post","link":"https:\/\/www.europesays.com\/de\/508499\/","title":{"rendered":"Kurzfilme: Tournee macht Station im Thalia"},"content":{"rendered":"<p>Am Freitag, den 24. Oktober 2025, zeigt das Thalia-Kino sechs Filme aus dem aktuellen Programm der Kurz.Film.Tour 2025.<br \/>\n<img fetchpriority=\"high\" decoding=\"async\" src=\"https:\/\/www.europesays.com\/de\/wp-content\/uploads\/2025\/10\/2022-01-12-Thalia.jpg\" alt=\"Kurzfilme auf Tour im Thalia. Foto: Archiv Anton Launer\" width=\"2000\" height=\"1125\" class=\"size-full wp-image-175152\"  \/>Kurzfilme auf Tour im Thalia. Foto: Archiv Anton Launer\n<\/p>\n<p>Die Tournee bringt die nominierten und preisgekr\u00f6nten Beitr\u00e4ge des Deutschen Kurzfilmpreises in die Kinos. 2025 ist es die 27. Ausgabe. Gezeigt werden Produktionen aus verschiedenen Kategorien \u2013 von Animationsfilm bis Spielfilm.\n<\/p>\n<p>Im Programm sind:\n<\/p>\n<ul>\n<li>\u201eTako Tsubo\u201c** (Regie: Fanny Sorgo, Eva Pedroza) \u2013 Ein Animationsfilm \u00fcber einen Mann, der sein Herz entfernen l\u00e4sst, um sich von Gef\u00fchlen zu befreien.<\/li>\n<li>\u201eBull\u2019s Heart\u201c** (Regie: Margarita Bagdasaryan) \u2013 Ein sensibler Spielfilm \u00fcber Vater, Sohn und einen Geliebten, der queere Liebe und Migration thematisiert.<\/li>\n<li>\u201eDetours While Speaking of Monsters\u201c** (Regie: Deniz \u015eim\u015fek, M\u00f3nica Martins Nunes) \u2013 Ein experimenteller Dokumentarfilm \u00fcber Mythen, Erinnerung und famili\u00e4re Spannungen.<\/li>\n<li>\u201eEngar Madaram Geriste Bud Aan Shab (As If Mother Cried That Night)\u201c** (Regie: Hoda Taheri) \u2013 Ein iranisches Paar k\u00e4mpft in Deutschland um Asyl und klammert sich an die Hoffnung auf ein Kind.<\/li>\n<li>\u201eSkin on Skin\u201c** (Regie: Simon Schneckenburger) \u2013 Zwei M\u00e4nner in der Fleischindustrie entdecken eine neue Form der N\u00e4he.<\/li>\n<li>\u201eMelodies of Barking Dogs\u201c** (Regie: Daniel Huss) \u2013 Ein Jugendlicher beobachtet beim Abend mit Freunden ein tanzendes Paar und beginnt, sein eigenes Leben zu hinterfragen.<\/li>\n<\/ul>\n<p><img loading=\"lazy\" decoding=\"async\" src=\"https:\/\/www.europesays.com\/de\/wp-content\/uploads\/2025\/10\/2025-10-16-Melodies-of-Barking-Dogs-Rebecca-Hartung.jpg\" alt=\"Szene aus Melodies of Barking Dogs - Foto: Rebecca Hartung\" width=\"2048\" height=\"1152\" class=\"size-full wp-image-232086\"  \/>Szene aus Melodies of Barking Dogs \u2013 Foto: Rebecca Hartung<\/p>\n<p>Der Deutsche Kurzfilmpreis wird seit 1956 vergeben. Er gilt als wichtigste Auszeichnung f\u00fcr Kurzfilme in Deutschland. Die pr\u00e4mierten Filme erhalten Preise bis zu 275.000 Euro. Seit 1998 geht das aktuelle Repertoire jedes Jahr auf Tournee.<\/p>\n<p>Veranstaltet wird die Kurz.Film.Tour von der AG Kurzfilm. Die Organisation vertritt seit 2002 die Interessen der Kurzfilmszene bundesweit.\n<\/p>\n<p>Weitere Informationen zum Programm und zu den einzelnen Filmen finden sich auf der Website <a href=\"https:\/\/kurzfilmtournee.de\/\" target=\"_blank\" rel=\"noopener\">kurzfilmtournee.de<\/a>. Trailer auf <a target=\"_blank\" href=\"https:\/\/vimeo.com\/1044245051?fl=pl&amp;fe=sh\" rel=\"noopener\">Vimeo<\/a>.\n<\/p>\n<p>Kurzfilmtournee<\/p>\n<ul>\n<li>24. Oktober, 20.30 Uhr, Thalia, G\u00f6rlitzer Stra\u00dfe 6, 01099 Dresden<\/li>\n<\/ul>\n","protected":false},"excerpt":{"rendered":"Am Freitag, den 24. Oktober 2025, zeigt das Thalia-Kino sechs Filme aus dem aktuellen Programm der Kurz.Film.Tour 2025.&hellip;\n","protected":false},"author":2,"featured_media":508500,"comment_status":"","ping_status":"","sticky":false,"template":"","format":"standard","meta":{"footnotes":""},"categories":[1835],"tags":[3364,29,2386,30,11495,859,2992],"class_list":{"0":"post-508499","1":"post","2":"type-post","3":"status-publish","4":"format-standard","5":"has-post-thumbnail","7":"category-dresden","8":"tag-de","9":"tag-deutschland","10":"tag-dresden","11":"tag-germany","12":"tag-kurzfilme","13":"tag-sachsen","14":"tag-tournee"},"share_on_mastodon":{"url":"https:\/\/pubeurope.com\/@de\/115395515171733569","error":""},"_links":{"self":[{"href":"https:\/\/www.europesays.com\/de\/wp-json\/wp\/v2\/posts\/508499","targetHints":{"allow":["GET"]}}],"collection":[{"href":"https:\/\/www.europesays.com\/de\/wp-json\/wp\/v2\/posts"}],"about":[{"href":"https:\/\/www.europesays.com\/de\/wp-json\/wp\/v2\/types\/post"}],"author":[{"embeddable":true,"href":"https:\/\/www.europesays.com\/de\/wp-json\/wp\/v2\/users\/2"}],"replies":[{"embeddable":true,"href":"https:\/\/www.europesays.com\/de\/wp-json\/wp\/v2\/comments?post=508499"}],"version-history":[{"count":0,"href":"https:\/\/www.europesays.com\/de\/wp-json\/wp\/v2\/posts\/508499\/revisions"}],"wp:featuredmedia":[{"embeddable":true,"href":"https:\/\/www.europesays.com\/de\/wp-json\/wp\/v2\/media\/508500"}],"wp:attachment":[{"href":"https:\/\/www.europesays.com\/de\/wp-json\/wp\/v2\/media?parent=508499"}],"wp:term":[{"taxonomy":"category","embeddable":true,"href":"https:\/\/www.europesays.com\/de\/wp-json\/wp\/v2\/categories?post=508499"},{"taxonomy":"post_tag","embeddable":true,"href":"https:\/\/www.europesays.com\/de\/wp-json\/wp\/v2\/tags?post=508499"}],"curies":[{"name":"wp","href":"https:\/\/api.w.org\/{rel}","templated":true}]}}