{"id":508524,"date":"2025-10-18T14:08:18","date_gmt":"2025-10-18T14:08:18","guid":{"rendered":"https:\/\/www.europesays.com\/de\/508524\/"},"modified":"2025-10-18T14:08:18","modified_gmt":"2025-10-18T14:08:18","slug":"fussball-deutlicher-erfolg-vfb-stuttgart-ii-zu-stark-fuer-aufsteiger-schweinfurt","status":"publish","type":"post","link":"https:\/\/www.europesays.com\/de\/508524\/","title":{"rendered":"Fu\u00dfball: Deutlicher Erfolg: VfB Stuttgart II zu stark f\u00fcr Aufsteiger Schweinfurt"},"content":{"rendered":"<p>            <img loading=\"lazy\" decoding=\"async\" class=\"ts-image\" src=\"https:\/\/www.europesays.com\/de\/wp-content\/uploads\/2025\/10\/swr-44914.jpg\" alt=\"Justin Diehl (VfB Stuttgart 2) bei Schussversuch\" title=\"Justin Diehl (VfB Stuttgart 2) bei Schussversuch | IMAGO, IMAGO \/ foto2press\"\/><\/p>\n<p class=\"metatextline\">Stand: 18.10.2025 15:56 Uhr<\/p>\n<p class=\"textabsatz columns twelve  m-ten  m-offset-one l-eight l-offset-two\">\n        <strong>Der VfB Stuttgart II hat im Spiel gegen den FC Schweinfurt seine gute Form in der 3. Liga unterstrichen und einen ungef\u00e4hrdeten Heimsieg gefeiert.<\/strong>\n    <\/p>\n<p class=\"textabsatz m-ten m-offset-one l-eight l-offset-two columns twelve\">Der VfB Stuttgart II hat den FC Schweinfurt am elften Spieltag mit 3:0 (1:0) geschlagen. Justin Diehl schoss die Zweitvertretung des VfB fr\u00fch in F\u00fchrung (7. Minute). In der zweiten H\u00e4lfte erh\u00f6hten Nicol\u00e1s Sessa (56.) und Mansour Ouro-Tagba (73.) jeweils per Strafsto\u00df. Die Schwaben (18 Punkte) orientieren sich nach dem dritten ungeschlagenen Spiel in Serie in der Tabelle weiter nach oben. Der Aufsteiger aus Schweinfurt bleibt mit bislang nur einem Sieg in dieser Saison mit drei Punkten Tabellenletzter.<\/p>\n<p>    Diehl zur fr\u00fchen VfB-F\u00fchrung<\/p>\n<p class=\"textabsatz m-ten m-offset-one l-eight l-offset-two columns twelve\">VfB-Trainer Nico Willig nahm im Vergleich zum 3:1 gegen die TSG Hoffenheim II ganze sechs \u00c4nderungen an der Stuttgarter Startelf vor. Doch trotz der vielen Wechsel startete das Heimteam mit richtig viel Schwung in die Partie. Bereits nach sieben Minuten fiel das F\u00fchrungstor f\u00fcr die Schwaben, als Diehl durch einen perfekten Pass von Maximilian Herwerth frei aufs Schweinfurter Tor zulief und cool ins kurze Eck traf.<\/p>\n<p class=\"textabsatz m-ten m-offset-one l-eight l-offset-two columns twelve\">Ein fr\u00fcher Schock f\u00fcr die G\u00e4ste, von dem sie sich erst einmal erholen mussten. Nach rund siebzehn Minuten zeigte sich Schweinfurt dann das erste Mal im Angriff. Ein Kopfball von Kristian B\u00f6hnlein auf das VfB-Tor war jedoch nicht wuchtig genug, um Keeper Florian Hellstern in Bedr\u00e4ngnis zu bringen. Gef\u00e4hrliche Torchancen waren im Anschluss auf beiden Seiten eher Mangelware, oft wechselte der Ballbesitz im Mittelfeld, der VfB behielt jedoch die Oberhand und war selten gef\u00e4hrdet. So ging es nach einer ereignisarmen ersten H\u00e4lfte mit 1:0 in die Pause.<\/p>\n<p>    Sessa und Ouro-Tagba treffen vom Elfmeterpunkt<\/p>\n<p class=\"textabsatz m-ten m-offset-one l-eight l-offset-two columns twelve\">Zur zweiten Halbzeit nahm der VfB einen Wechsel vor: Dominik Nothnagel kam f\u00fcr den blass gebliebenen Mohamed Sankoh. Die ersten Minuten nach dem Seitenwechsel geh\u00f6rten jedoch den G\u00e4sten, die den VfB in die eigene H\u00e4lfte dr\u00fcckten, aus ihrer \u00dcberlegenheit aber zu wenig machten. Die Stuttgarter brauchten hingegen zehn Minuten, um wieder in die Partie zu finden, taten das dann aber mit Erfolg.<\/p>\n<p class=\"textabsatz m-ten m-offset-one l-eight l-offset-two columns twelve\">Noah Darvich ging nach leichtem Kontakt mit Pius Kr\u00e4tschmer im Strafraum zu Boden, Schiedsrichterin Fabienne Michel zeigte auf den Punkt. Nicol\u00e1s Sessa \u00fcbernahm die Verantwortung und traf souver\u00e4n zum 2:0 ins untere rechte Eck. Schweinfurt fand danach \u00fcberhaupt nicht mehr ins Spiel, der VfB hatte keinerlei Probleme &#8211; und traf sogar noch ein weiteres Mal. In der 72. Minute brachte Schweinfurts Schlussmann Maximilian Weisb\u00e4cker den eingewechselten Ouro-Tagba im Sechszehner zu Fall, erneut entschied Schiedsrichterin Michel auf Strafsto\u00df. Der Gefoulte trat selbst an und verwandelte zum 3:0-Endstand.<\/p>\n<p>    VfB bei Wehen Wiesbaden gefordert<\/p>\n<p class=\"textabsatz m-ten m-offset-one l-eight l-offset-two columns twelve\">Am kommenden Samstag tritt der VfB bei Wehen Wiesbaden an (14 Uhr). Zweieinhalb Stunden sp\u00e4ter empf\u00e4ngt Schweinfurt den VfL Osnabr\u00fcck.<\/p>\n<p class=\"textabsatz m-ten m-offset-one l-eight l-offset-two columns twelve\">Sendung am Sa., 18.10.2025 19:30 Uhr, SWR Aktuell Baden-W\u00fcrttemberg, SWR BW<\/p>\n<p>                                        <a class=\"backlink__link\" href=\"https:\/\/www.swr.de\/sport\/fussball\/vfb-stuttgart-2-schweinfurt-3-liga-100.html\" target=\"_blank\" rel=\"noopener\"><\/p>\n<p>                                                <img decoding=\"async\" src=\"https:\/\/images.sportschau.de\/image\/d14251d0-d158-4797-a47c-e97e1e58a56b\/AAABlap_vas\/AAABmKJi16M\/original\/lra-swr-logo-100.svg\" alt=\"S\u00fcdwestrundfunk\"\/><\/p>\n<p>                                        <\/a><\/p>\n","protected":false},"excerpt":{"rendered":"Stand: 18.10.2025 15:56 Uhr Der VfB Stuttgart II hat im Spiel gegen den FC Schweinfurt seine gute Form&hellip;\n","protected":false},"author":2,"featured_media":508525,"comment_status":"","ping_status":"","sticky":false,"template":"","format":"standard","meta":{"footnotes":""},"categories":[1830],"tags":[1634,3364,29,30,265,1441,1755,15437],"class_list":{"0":"post-508524","1":"post","2":"type-post","3":"status-publish","4":"format-standard","5":"has-post-thumbnail","7":"category-stuttgart","8":"tag-baden-wuerttemberg","9":"tag-de","10":"tag-deutschland","11":"tag-germany","12":"tag-sport","13":"tag-stuttgart","14":"tag-swr","15":"tag-vfb-stuttgart-ii"},"share_on_mastodon":{"url":"https:\/\/pubeurope.com\/@de\/115395566824691965","error":""},"_links":{"self":[{"href":"https:\/\/www.europesays.com\/de\/wp-json\/wp\/v2\/posts\/508524","targetHints":{"allow":["GET"]}}],"collection":[{"href":"https:\/\/www.europesays.com\/de\/wp-json\/wp\/v2\/posts"}],"about":[{"href":"https:\/\/www.europesays.com\/de\/wp-json\/wp\/v2\/types\/post"}],"author":[{"embeddable":true,"href":"https:\/\/www.europesays.com\/de\/wp-json\/wp\/v2\/users\/2"}],"replies":[{"embeddable":true,"href":"https:\/\/www.europesays.com\/de\/wp-json\/wp\/v2\/comments?post=508524"}],"version-history":[{"count":0,"href":"https:\/\/www.europesays.com\/de\/wp-json\/wp\/v2\/posts\/508524\/revisions"}],"wp:featuredmedia":[{"embeddable":true,"href":"https:\/\/www.europesays.com\/de\/wp-json\/wp\/v2\/media\/508525"}],"wp:attachment":[{"href":"https:\/\/www.europesays.com\/de\/wp-json\/wp\/v2\/media?parent=508524"}],"wp:term":[{"taxonomy":"category","embeddable":true,"href":"https:\/\/www.europesays.com\/de\/wp-json\/wp\/v2\/categories?post=508524"},{"taxonomy":"post_tag","embeddable":true,"href":"https:\/\/www.europesays.com\/de\/wp-json\/wp\/v2\/tags?post=508524"}],"curies":[{"name":"wp","href":"https:\/\/api.w.org\/{rel}","templated":true}]}}