{"id":508531,"date":"2025-10-18T14:12:18","date_gmt":"2025-10-18T14:12:18","guid":{"rendered":"https:\/\/www.europesays.com\/de\/508531\/"},"modified":"2025-10-18T14:12:18","modified_gmt":"2025-10-18T14:12:18","slug":"fc-star-kann-sich-verlaengerung-sehr-gut-vorstellen","status":"publish","type":"post","link":"https:\/\/www.europesays.com\/de\/508531\/","title":{"rendered":"FC-Star kann sich Verl\u00e4ngerung &#8222;sehr gut vorstellen&#8220;"},"content":{"rendered":"<p>Newsblog zum 1. FC K\u00f6ln <\/p>\n<p>Vertrag l\u00e4uft aus: FC-Star kann sich Verl\u00e4ngerung &#8222;sehr gut vorstellen&#8220;<\/p>\n<p>Aktualisiert am 18.10.2025 &#8211; 15:10 UhrLesedauer: 19 Min.<\/p>\n<p><a href=\"#focus-0\" class=\"transition-colors duration-200 block text-current relative\" data-sctrack=\"FocusGalleryImage.Reference\"><img fetchpriority=\"high\" data-testid=\"Opener.Image\" style=\"--lqipURL:url('https:\/\/images.t-online.de\/2025\/10\/JrjEcsJYTOww\/0x46:3725x2095\/fit-in\/150x0\/filters:blur(25)\/timo-huebers-1-fc-koeln-schaut-waehrend-des-spiels-der-bundesliga-zwischen-tsg-hoffenheim-und-1-fc-koeln-prezero-arena-am-03-october-2025-in-sinsheim-deutschland-foto-von-harry-langer-defodi-images-timo-huebers-1-fc-koeln-looks-on-during-the-bundesliga-match-between-tsg-hoffenheim-and-1-fc-koeln-at-prezero-arena-on-october-3-2025-in-sinsheim-germany-photo-by-harry-langer-defodi-images-dfl-regulations-prohibit-any-use-of-photographs-as-image-sequences-and-or-quasi-video-photo-by-harry-lang.jpg')\"   loading=\"eager\" src=\"https:\/\/www.europesays.com\/de\/wp-content\/uploads\/2025\/10\/timo-huebers-1-fc-koeln-schaut-waehrend-des-spiels-der-bundesliga-zwischen-tsg-hoffenheim-und-1-fc-k.jpeg\" alt=\"imago images 1067323595\" title=\"imago images 1067323595\" width=\"3725\" height=\"2095\" class=\"bg-[url:var(--lqipURL)] bg-cover bg-center flex h-full w-full max-w-full\" decoding=\"async\"\/><img style=\"--width:32;--height:32\" loading=\"lazy\" src=\"https:\/\/www.t-online.de\/s\/paper\/_next\/static\/media\/zoom-in.f7dae02f.svg\" alt=\"Vergr\u00f6\u00dfern des Bildes\" title=\"Vergr\u00f6\u00dfern des Bildes\" class=\"block h-[calc(var(--height)_\/_16_*_1rem)] w-[calc(var(--width)_\/_16_*_1rem)] max-w-none absolute bottom-8 right-8 rounded-4 bg-snow p-8\" decoding=\"async\"\/><\/a><\/p>\n<p>Timo H\u00fcbers m\u00f6chte \u00fcber das Saisonende hinaus beim 1. FC K\u00f6ln bleiben. (Quelle: IMAGO\/Harry Langer\/DeFodi Images\/imago)<\/p>\n<p class=\"font-bold text-18 leading-17\">Der 1. FC K\u00f6ln spielt in dieser Saison wieder erstklassig. Im Newsticker auf t-online finden Sie alle wichtigen Meldungen rund um die &#8222;Gei\u00dfb\u00f6cke&#8220;.<\/p>\n<p class=\"text-18 leading-17\">Samstag, 18. Oktober 2025<\/p>\n<p class=\"text-18 leading-17\">Timo H\u00fcbers ist beim <a class=\"transition-colors duration-200 cursor-pointer text-inherit no-underline text-salemsfur md:hover:text-magenta md:hover:border-magenta md:focus:text-magenta border-current border-b border-solid break-words\" href=\"https:\/\/www.t-online.de\/themen\/1-fc-koeln\/\" data-sctrack=\"BodyAnchor\" target=\"_blank\" rel=\"noopener\">1. FC K\u00f6ln<\/a> im Abwehrzentrum unumstrittene Stammkraft, steht aber nur noch bis zum Ende der Saison unter Vertrag. Eine Verl\u00e4ngerung seines auslaufenden Arbeitspapiers k\u00f6nne er sich &#8222;sehr gut vorstellen&#8220;, sagte H\u00fcbers nun in einem Interview mit der &#8222;K\u00f6lnischen Rundschau&#8220;.<\/p>\n<p class=\"text-18 leading-17\">Der 29-J\u00e4hrige erkl\u00e4rte: &#8222;Ich bin jetzt viereinhalb Jahre bei den FC-Profis dabei. Es gab in der Vergangenheit auch schon die M\u00f6glichkeit, den Verein zu verlassen. Letztlich ist das Pendel immer wieder f\u00fcr den FC ausgeschlagen. Ich glaube, ich habe es nicht immer so aktiv nach au\u00dfen formuliert, aber: Der Verein bedeutet mir superviel.&#8220;<\/p>\n<p class=\"text-18 leading-17\">Freitag, 17. Oktober 2025<\/p>\n<p class=\"text-18 leading-17\">Said El Mala wird eine gro\u00dfe Ehre zuteil. Wie der Deutsche Fu\u00dfball-Bund (DFB) am Freitagvormittag bekannt gegeben hat, ist der Shootingstar des 1. <a class=\"transition-colors duration-200 cursor-pointer text-inherit no-underline text-salemsfur md:hover:text-magenta md:hover:border-magenta md:focus:text-magenta border-current border-b border-solid break-words\" href=\"https:\/\/www.t-online.de\/themen\/1-fc-koeln\/\" data-sctrack=\"BodyAnchor\" target=\"_blank\" rel=\"noopener\">FC K\u00f6ln<\/a> einer der diesj\u00e4hrigen Tr\u00e4ger der Fritz-Walter-Medaille. Mit dieser werden jede Saison die gr\u00f6\u00dften Talente eines Jahrgangs ausgezeichnet.<\/p>\n<p class=\"text-18 leading-17\">Der Fl\u00fcgelst\u00fcrmer erh\u00e4lt in der U19-Kategorie die silberne Medaille. Gold geht an Stuttgarts Finn Jeltsch, Bronze an Hoffenheims Max Moerstedt. &#8222;Es freut mich sehr, die Medaille in Silber gewonnen zu haben, das ist nicht selbstverst\u00e4ndlich&#8220;, sagt El Mala und blickt bereits in die Zukunft: &#8222;Es zeigt mir einerseits, dass ich eine gute Entwicklung genommen habe, es ist aber viel mehr noch ein Zeichen und Ansporn f\u00fcr mich, weiterzumachen und mich nicht darauf auszuruhen.&#8220;<\/p>\n<p class=\"text-18 leading-17\">Donnerstag, 16. Oktober 2025<\/p>\n<p class=\"text-18 leading-17\">Said El Mala ist in Fu\u00dfball-Deutschland derzeit in aller Munde. Nur Lukas Kwasniok tat verwundert, als er am Donnerstag auf der Pressekonferenz vor dem Spiel gegen den <a class=\"transition-colors duration-200 cursor-pointer text-inherit no-underline text-salemsfur md:hover:text-magenta md:hover:border-magenta md:focus:text-magenta border-current border-b border-solid break-words\" href=\"https:\/\/www.t-online.de\/themen\/fc-augsburg\/\" data-sctrack=\"BodyAnchor\" target=\"_blank\" rel=\"noopener\">FC Augsburg<\/a> auf den 19-J\u00e4hrigen angesprochen wurde. &#8222;Ich habe gar keinen Hype um Said mitbekommen&#8220;, sagte der Trainer mit einem Schmunzeln. Gegen die <a class=\"transition-colors duration-200 cursor-pointer text-inherit no-underline text-salemsfur md:hover:text-magenta md:hover:border-magenta md:focus:text-magenta border-current border-b border-solid break-words\" href=\"https:\/\/www.t-online.de\/themen\/tsg-1899-hoffenheim\/\" data-sctrack=\"BodyAnchor\" target=\"_blank\" rel=\"noopener\">TSG Hoffenheim<\/a> hatte El Mala vor der L\u00e4nderspielpause zum ersten Mal beim FC in der Startelf gestanden \u2013 und prompt das Tor zum 1:0-Sieg erzielt.<\/p>\n<p class=\"text-18 leading-17\">F\u00fcr Kwasniok bedeutet das jedoch l\u00e4ngst nicht, dass der Angreifer auch gegen Augsburg von Anfang an auf dem Platz stehen wird. &#8222;Nur weil jemand ein Tor erzielt, hei\u00dft das noch lange nicht, dass er in Zukunft automatisch beginnt&#8220;, meinte der Trainer. Zwar gehe es einerseits darum, &#8222;den Flow&#8220; zu nutzen, andererseits m\u00fcsse man den Spieler aber auch sch\u00fctzen. So sagte der 44-J\u00e4hrige weiter: &#8222;Ich wei\u00df, dass das gerade f\u00fcr euch alle ganz schwer zu akzeptieren ist \u2013 aber der Junge ist 19 Jahre alt und hat jetzt innerhalb einer Woche drei Spiele absolviert, auf <a class=\"transition-colors duration-200 cursor-pointer text-inherit no-underline text-salemsfur md:hover:text-magenta md:hover:border-magenta md:focus:text-magenta border-current border-b border-solid break-words\" href=\"https:\/\/www.t-online.de\/sport\/fussball\/bundesliga\/\" data-sctrack=\"BodyAnchor\" target=\"_blank\" rel=\"noopener\">Bundesliga<\/a> und U21-Niveau.&#8220;<\/p>\n","protected":false},"excerpt":{"rendered":"Newsblog zum 1. FC K\u00f6ln Vertrag l\u00e4uft aus: FC-Star kann sich Verl\u00e4ngerung &#8222;sehr gut vorstellen&#8220; Aktualisiert am 18.10.2025&hellip;\n","protected":false},"author":2,"featured_media":439698,"comment_status":"","ping_status":"","sticky":false,"template":"","format":"standard","meta":{"footnotes":""},"categories":[1828],"tags":[623,3175,3176,3174,3177,87238,3167,680,2367,3166,3476,29,481,15184,3153,59123,485,3138,30,8844,54746,94111,1420,125850,13328,3134,3142,16069,47203,86563,3143,3169,3160,3172,3170,3168,38229,1552,1209,913,83114,1441,226,7249,3141,3171,3165,968],"class_list":{"0":"post-508531","1":"post","2":"type-post","3":"status-publish","4":"format-standard","5":"has-post-thumbnail","7":"category-koeln","8":"tag-1-fc-koeln","9":"tag-3175","10":"tag-3176","11":"tag-3174","12":"tag-3177","13":"tag-87238","14":"tag-anthony-modeste","15":"tag-augsburg","16":"tag-bayer-04-leverkusen","17":"tag-britta-carlson","18":"tag-deutscher-fussball-bund","19":"tag-deutschland","20":"tag-dfb","21":"tag-el-mala","22":"tag-eric-martel","23":"tag-finn-jeltsch","24":"tag-fussball-bundesliga","25":"tag-geissbock","26":"tag-germany","27":"tag-hoffenheim","28":"tag-isak-johannesson","29":"tag-jakub-kaminski","30":"tag-koeln","31":"tag-kuba-nawrocki","32":"tag-laenderspiel","33":"tag-linton-maina","34":"tag-luca-waldschmidt","35":"tag-lukas-kwasniok","36":"tag-lodz","37":"tag-marius-buelter","38":"tag-mark-uth","39":"tag-markus-rejek","40":"tag-mathias-olesen","41":"tag-max-finkgraefe","42":"tag-maximilian-schmid","43":"tag-meiko-sponsel","44":"tag-michael-reschke","45":"tag-newsticker","46":"tag-nordrhein-westfalen","47":"tag-norwegen","48":"tag-sebastian-sebulonsen","49":"tag-stuttgart","50":"tag-t-online","51":"tag-thomas-kessler","52":"tag-timo-huebers","53":"tag-trainingslager","54":"tag-transfermarkt","55":"tag-tsg-1899-hoffenheim"},"share_on_mastodon":{"url":"","error":"Validation failed: Text character limit of 500 exceeded"},"_links":{"self":[{"href":"https:\/\/www.europesays.com\/de\/wp-json\/wp\/v2\/posts\/508531","targetHints":{"allow":["GET"]}}],"collection":[{"href":"https:\/\/www.europesays.com\/de\/wp-json\/wp\/v2\/posts"}],"about":[{"href":"https:\/\/www.europesays.com\/de\/wp-json\/wp\/v2\/types\/post"}],"author":[{"embeddable":true,"href":"https:\/\/www.europesays.com\/de\/wp-json\/wp\/v2\/users\/2"}],"replies":[{"embeddable":true,"href":"https:\/\/www.europesays.com\/de\/wp-json\/wp\/v2\/comments?post=508531"}],"version-history":[{"count":0,"href":"https:\/\/www.europesays.com\/de\/wp-json\/wp\/v2\/posts\/508531\/revisions"}],"wp:featuredmedia":[{"embeddable":true,"href":"https:\/\/www.europesays.com\/de\/wp-json\/wp\/v2\/media\/439698"}],"wp:attachment":[{"href":"https:\/\/www.europesays.com\/de\/wp-json\/wp\/v2\/media?parent=508531"}],"wp:term":[{"taxonomy":"category","embeddable":true,"href":"https:\/\/www.europesays.com\/de\/wp-json\/wp\/v2\/categories?post=508531"},{"taxonomy":"post_tag","embeddable":true,"href":"https:\/\/www.europesays.com\/de\/wp-json\/wp\/v2\/tags?post=508531"}],"curies":[{"name":"wp","href":"https:\/\/api.w.org\/{rel}","templated":true}]}}