{"id":508538,"date":"2025-10-18T14:17:11","date_gmt":"2025-10-18T14:17:11","guid":{"rendered":"https:\/\/www.europesays.com\/de\/508538\/"},"modified":"2025-10-18T14:17:11","modified_gmt":"2025-10-18T14:17:11","slug":"berlin-brandenburg-nettelbeckplatz-hat-einen-neuen-namen","status":"publish","type":"post","link":"https:\/\/www.europesays.com\/de\/508538\/","title":{"rendered":"Berlin &#038; Brandenburg: Nettelbeckplatz hat einen neuen Namen"},"content":{"rendered":"<p>                    Berlin &amp; Brandenburg<br \/>\n                Nettelbeckplatz hat einen neuen Namen<\/p>\n<p>\t\t\t\t              18.10.2025, 16:09 Uhr<\/p>\n<p><strong>Ein Platz im Wedding tr\u00e4gt k\u00fcnftig den Namen von Martha Ndumbe, die in der NS-Diktatur in einem Konzentrationslager starb. Der Bezirk Mitte will mit der Umbenennung ein Zeichen setzen.<\/strong><\/p>\n<p>Berlin (dpa\/bb) &#8211; Der Nettelbeckplatz in Berlin-Mitte hei\u00dft jetzt Martha-Ndumbe-Platz. Bei einem Festakt am Nachmittag wurde das neue Stra\u00dfenschild offiziell enth\u00fcllt. Die Suche nach einem neuen Namen war ein aufwendiger Prozess. Nach Angaben des Bezirksamts gab es mehr als 500 Vorschl\u00e4ge aus der Bev\u00f6lkerung.\u00a0<\/p>\n<p>Eine Kommission aus Anwohnerinnen und Anwohnern, Initiativen und Institutionen w\u00e4hlte drei Favoriten aus. Die Bezirksverordnetenversammlung beschloss im Januar, den Platz nach Martha Ndumbe (1902 bis 1945) umzubenennen.\u00a0<\/p>\n<p>Joachim Nettelbeck (1738 bis 1824), nach dem der Platz im Wedding bisher benannt war, war Obersteuermann auf Versklavungsschiffen und gilt als Verfechter von Kolonialismus, Sklaverei und rassistisch-imperialistischen Ideologien. Aus Sicht des Bezirks werden damit auch mit Blick auf die rechtlichen Voraussetzungen die n\u00f6tigen Kriterien f\u00fcr die Umbenennung eines Stra\u00dfennamens erf\u00fcllt.\u00a0<\/p>\n<p>Martha Ndumbe starb im Konzentrationslager<\/p>\n<p>Die neue Namensgeberin Martha Ndumbe wurde in Berlin geboren. Ihre Mutter war Hamburgerin, ihr Vater stammte aus Kamerun. In der NS-Diktatur wurde Martha Ndumbe 1944 ins Frauen-Konzentrationslager Ravensbr\u00fcck deportiert. Dort starb sie im Februar 1945. Mit der Umbenennung des Platzes will der Bezirk an die Opfer rassistischer Gewalt erinnern und eine bislang marginalisierte Biografie sichtbar machen.\u00a0<\/p>\n<p>Erst Anfang Oktober wurde die Treitschkestra\u00dfe in Berlin-Steglitz in Betty-Katz-Stra\u00dfe umbenannt. Der Historiker Heinrich von Treitschke (1834 bis 1896) stand bereits zu seiner Zeit f\u00fcr seine nationalistischen und antisemitischen Ansichten in der Kritik.\u00a0<\/p>\n<p>Ende August war die Mohrenstra\u00dfe in Mitte umbenannt worden. Sie hei\u00dft inzwischen Anton-Wilhelm-Amo-Stra\u00dfe. Der aus Westafrika stammende Gelehrte lebte im 18. Jahrhundert und gilt als erster schwarzer Philosoph und Jurist an deutschen Universit\u00e4ten. Der Bezirk und mehrere Initiativen trieben die Umbenennung voran, weil der Begriff &#8222;Mohr&#8220; als rassistisch gilt.<\/p>\n","protected":false},"excerpt":{"rendered":"Berlin &amp; Brandenburg Nettelbeckplatz hat einen neuen Namen 18.10.2025, 16:09 Uhr Ein Platz im Wedding tr\u00e4gt k\u00fcnftig den&hellip;\n","protected":false},"author":2,"featured_media":508539,"comment_status":"","ping_status":"","sticky":false,"template":"","format":"standard","meta":{"footnotes":""},"categories":[1816],"tags":[1960,1958,1959,1957,296,1956,1890,29,30,1787,126777],"class_list":{"0":"post-508538","1":"post","2":"type-post","3":"status-publish","4":"format-standard","5":"has-post-thumbnail","7":"category-brandenburg","8":"tag-aktuelle-nachrichten-aus-berlin-und-brandenburg","9":"tag-aktuelle-nachrichten-aus-brandenburg","10":"tag-aktuelle-news-aus-berlin-und-brandenburg","11":"tag-aktuelle-news-aus-brandenburg","12":"tag-berlin","13":"tag-berlin-und-brandenburg","14":"tag-brandenburg","15":"tag-deutschland","16":"tag-germany","17":"tag-namen","18":"tag-nettelbeckplatz"},"share_on_mastodon":{"url":"https:\/\/pubeurope.com\/@de\/115395601917120988","error":""},"_links":{"self":[{"href":"https:\/\/www.europesays.com\/de\/wp-json\/wp\/v2\/posts\/508538","targetHints":{"allow":["GET"]}}],"collection":[{"href":"https:\/\/www.europesays.com\/de\/wp-json\/wp\/v2\/posts"}],"about":[{"href":"https:\/\/www.europesays.com\/de\/wp-json\/wp\/v2\/types\/post"}],"author":[{"embeddable":true,"href":"https:\/\/www.europesays.com\/de\/wp-json\/wp\/v2\/users\/2"}],"replies":[{"embeddable":true,"href":"https:\/\/www.europesays.com\/de\/wp-json\/wp\/v2\/comments?post=508538"}],"version-history":[{"count":0,"href":"https:\/\/www.europesays.com\/de\/wp-json\/wp\/v2\/posts\/508538\/revisions"}],"wp:featuredmedia":[{"embeddable":true,"href":"https:\/\/www.europesays.com\/de\/wp-json\/wp\/v2\/media\/508539"}],"wp:attachment":[{"href":"https:\/\/www.europesays.com\/de\/wp-json\/wp\/v2\/media?parent=508538"}],"wp:term":[{"taxonomy":"category","embeddable":true,"href":"https:\/\/www.europesays.com\/de\/wp-json\/wp\/v2\/categories?post=508538"},{"taxonomy":"post_tag","embeddable":true,"href":"https:\/\/www.europesays.com\/de\/wp-json\/wp\/v2\/tags?post=508538"}],"curies":[{"name":"wp","href":"https:\/\/api.w.org\/{rel}","templated":true}]}}