{"id":508611,"date":"2025-10-18T14:58:11","date_gmt":"2025-10-18T14:58:11","guid":{"rendered":"https:\/\/www.europesays.com\/de\/508611\/"},"modified":"2025-10-18T14:58:11","modified_gmt":"2025-10-18T14:58:11","slug":"enttaeuschung-in-der-ukraine-tomahawk-raketen-bleiben-vorerst-aus","status":"publish","type":"post","link":"https:\/\/www.europesays.com\/de\/508611\/","title":{"rendered":"Entt\u00e4uschung in der Ukraine: Tomahawk-Raketen bleiben vorerst aus"},"content":{"rendered":"<p>\n  Von&amp;nbsp<b>Euronews<\/b>\n<\/p>\n<p>\n         Zuerst ver\u00f6ffentlicht am<br \/>\n            18\/10\/2025 &#8211; 16:42 MESZ\n            <\/p>\n<p>          <img decoding=\"async\" class=\"c-ad__placeholder__logo\" src=\"https:\/\/static.euronews.com\/website\/images\/logos\/logo-euronews-stacked-outlined-72x72-grey-9.svg\" width=\"72\" height=\"72\" alt=\"\" loading=\"lazy\"\/><br \/>\n          WERBUNG<\/p>\n<p>Die Bewohner von Kyjiw haben am Samstag ihre Entt\u00e4uschung ge\u00e4u\u00dfer, nachdem US-Pr\u00e4sident Donald Trump signalisiert hatte, dass er sich gegen den Verkauf von Langstrecken-Tomahawk-Raketen an die Ukraine ausspreche.<\/p>\n<p>Trump sagte am Freitag, er hoffe, dass Tomahawks in den Friedensbem\u00fchungen mit Putin und zur Beendigung des Krieges in der Ukraine nicht ben\u00f6tigt w\u00fcrden.<\/p>\n<p>Er traf sich in Washington mit dem ukrainischen Pr\u00e4sidenten Wolodymyr Selenskyj. Es war das f\u00fcnfte pers\u00f6nliche Treffen zwischen Trump und Selenskyj seit Januar.<\/p>\n<p>\u201eHoffentlich k\u00f6nnen wir den Krieg beenden, ohne an Tomahawks zu denken\u201c, sagte Trump und f\u00fcgte hinzu, dass die USA ihre Tomahawks und \u201eeine Menge anderer Waffen, die wir in die Ukraine schicken, brauchen\u201c.<\/p>\n<p>Ukrainer glauben, dass die Raketen ein Wendepunkt sein k\u00f6nnten, um den russischen Pr\u00e4sidenten Wladimir Putin an den Verhandlungstisch zu bringen. Trumps j\u00fcngste Rhetorik zu den Tomahawks l\u00f6ste daher bei einigen Entt\u00e4uschung aus.<\/p>\n<p>\u201eIch denke, es war nur ein Spiel. Aber wir brauchen sie wirklich, um diesen Krieg zu beenden\u201c, sagte Roman Wynnytschenko, ein ukrainischer Soldat.<\/p>\n<p>\u201eWir sind seit mehr als drei Jahren im Krieg, wir wollen einfach Frieden\u201c, sagte Viktoria Chramzowa, eine Psychologin in Kyjiw. \u201eIch versuche, mich auf meine Arbeit mit Kindern zu konzentrieren. Das gibt mir die Kraft, weiterzumachen und die Hoffnung auf Besserung nicht zu verlieren.\u201c<\/p>\n<p>Ton\u00e4nderung bei Trump<\/p>\n<p>Selenskyj sagte zu Beginn der Gespr\u00e4che im Wei\u00dfen Haus, er habe einen \u201eVorschlag\u201c, bei dem die Ukraine den USA ihre fortschrittlichen Drohnen zur Verf\u00fcgung stellen k\u00f6nnte, w\u00e4hrend Washington Kyjiw die Tomahawk-Marschflugk\u00f6rper verkauft.<\/p>\n<p>Trump sagte jedoch, er z\u00f6gere, in die US-Vorr\u00e4te einzugreifen. Dies war eine Kehrtwende, nachdem er tagelang angedeutet hatte, dass er ernsthaft erw\u00e4ge, die Raketen zu schicken, um der Ukraine im Kampf gegen die russische Invasion zu helfen.<\/p>\n<p>Trumps Tonfall zum ukrainischen Krieg \u00e4nderte sich erneut, nachdem er am Donnerstag ein l\u00e4ngeres Telefonat mit Putin gef\u00fchrt und angek\u00fcndigt hatte, dass er plane, sich in den kommenden Wochen mit dem russischen Staatschef in Budapest, Ungarn, zu treffen.<\/p>\n<p>Putin warnte Trump w\u00e4hrend des Gespr\u00e4chs, dass die Lieferung der Tomahawks an Kyjiw \u201edie Situation auf dem Schlachtfeld nicht \u00e4ndern, aber den Beziehungen zwischen unseren L\u00e4ndern erheblichen Schaden zuf\u00fcgen w\u00fcrde\u201c, so Juri Uschakow, Putins au\u00dfenpolitischer Berater.<\/p>\n<p>\u201eJeden Tag sterben Zivilisten und Soldaten, Geb\u00e4ude st\u00fcrzen ein, unsere Stra\u00dfen und St\u00e4dte werden zerst\u00f6rt\u201c, f\u00fcgte Wynnytschenko hinzu und betonte die dringende Notwendigkeit der Raketen.<\/p>\n<p>In den letzten Tagen hatte Trump eine Offenheit f\u00fcr den Verkauf der Tomahawks an die Ukraine gezeigt, obwohl Putin gewarnt hatte, dass ein solcher Schritt die US-russischen Beziehungen weiter belasten w\u00fcrde.<\/p>\n","protected":false},"excerpt":{"rendered":"Von&amp;nbspEuronews Zuerst ver\u00f6ffentlicht am 18\/10\/2025 &#8211; 16:42 MESZ WERBUNG Die Bewohner von Kyjiw haben am Samstag ihre Entt\u00e4uschung&hellip;\n","protected":false},"author":2,"featured_media":508612,"comment_status":"","ping_status":"","sticky":false,"template":"","format":"standard","meta":{"footnotes":""},"categories":[4012],"tags":[331,332,106,13,5793,14,15,1713,12,317,107],"class_list":{"0":"post-508611","1":"post","2":"type-post","3":"status-publish","4":"format-standard","5":"has-post-thumbnail","7":"category-ukraine","8":"tag-aktuelle-nachrichten","9":"tag-aktuelle-news","10":"tag-donald-trump","11":"tag-headlines","12":"tag-kiew","13":"tag-nachrichten","14":"tag-news","15":"tag-russischer-ueberfall-auf-die-ukraine","16":"tag-schlagzeilen","17":"tag-ukraine","18":"tag-wolodymyr-selenskyj"},"share_on_mastodon":{"url":"https:\/\/pubeurope.com\/@de\/115395763203817362","error":""},"_links":{"self":[{"href":"https:\/\/www.europesays.com\/de\/wp-json\/wp\/v2\/posts\/508611","targetHints":{"allow":["GET"]}}],"collection":[{"href":"https:\/\/www.europesays.com\/de\/wp-json\/wp\/v2\/posts"}],"about":[{"href":"https:\/\/www.europesays.com\/de\/wp-json\/wp\/v2\/types\/post"}],"author":[{"embeddable":true,"href":"https:\/\/www.europesays.com\/de\/wp-json\/wp\/v2\/users\/2"}],"replies":[{"embeddable":true,"href":"https:\/\/www.europesays.com\/de\/wp-json\/wp\/v2\/comments?post=508611"}],"version-history":[{"count":0,"href":"https:\/\/www.europesays.com\/de\/wp-json\/wp\/v2\/posts\/508611\/revisions"}],"wp:featuredmedia":[{"embeddable":true,"href":"https:\/\/www.europesays.com\/de\/wp-json\/wp\/v2\/media\/508612"}],"wp:attachment":[{"href":"https:\/\/www.europesays.com\/de\/wp-json\/wp\/v2\/media?parent=508611"}],"wp:term":[{"taxonomy":"category","embeddable":true,"href":"https:\/\/www.europesays.com\/de\/wp-json\/wp\/v2\/categories?post=508611"},{"taxonomy":"post_tag","embeddable":true,"href":"https:\/\/www.europesays.com\/de\/wp-json\/wp\/v2\/tags?post=508611"}],"curies":[{"name":"wp","href":"https:\/\/api.w.org\/{rel}","templated":true}]}}