{"id":508626,"date":"2025-10-18T15:06:11","date_gmt":"2025-10-18T15:06:11","guid":{"rendered":"https:\/\/www.europesays.com\/de\/508626\/"},"modified":"2025-10-18T15:06:11","modified_gmt":"2025-10-18T15:06:11","slug":"brutalo-sieg-kompany-und-kovac-atmen-nach-nordirland-deutschland-auf","status":"publish","type":"post","link":"https:\/\/www.europesays.com\/de\/508626\/","title":{"rendered":"Brutalo-Sieg! Kompany und Kovac atmen nach Nordirland &#8211; Deutschland auf"},"content":{"rendered":"\n<p>Die L\u00e4nderspielpause ist bei vielen Spielern, Trainern und Vereinen unbeliebt: unn\u00f6tige Reisestrapazen, m\u00f6gliche Verletzungen und kaum Pausen f\u00fcr Nationalspieler. Mit gro\u00dfen Sorgen schauten BVB-Trainer Niko Kovac und Bayern-Coach Vincent Kompany auf die WM-Qualifikation zwischen Nordirland und Deutschland.<\/p>\n<p>Deutschland konnte zwar drei wichtige Punkte holen und den n\u00e4chsten Schritt Richtung WM-Teilnahme machen, doch Nordirland k\u00e4mpfte ihnen alles ab. So waren auch die Zweik\u00e4mpfe sehr hart gef\u00fchrt, weshalb das DFB-Team gro\u00dfe Probleme hatte. Am Ende konnten alle Deutschen aufatmen.<\/p>\n<p> Nordirland \u2013 Deutschland: Harte Gangart sorgt f\u00fcr Sorgenfalten <\/p>\n<p>Nordirland ist f\u00fcr seine harte Herangehensweise bei den Heimspielen bekannt, das ist Deutschland-Trainer Julian Nagelsmann bewusst gewesen. Schon\u00a0im Hinspiel (3:1) im September\u00a0sei es \u201enicht so einfach\u201c gewesen, \u201edieses Team zu schlagen, weil sie viele lange B\u00e4lle spielen und den ganzen Raum abdecken, um den zweiten Ball ruhig zu gewinnen\u201c.<\/p>\n<p><strong>Auch interessant:<\/strong><a href=\"https:\/\/www.derwesten.de\/sport\/sportmix\/sky-bundesliga-quoten-spieltag-bayern-news-id301822845.html\" target=\"_blank\" rel=\"noopener\"> Sky feiert irren Bundesliga-Coup \u2013 jetzt darf es jeder wissen<\/a><\/p>\n<p>Und dann ist da noch die harte Zweikampff\u00fchrung, die Nick Woltemade und Co. erneut zu sp\u00fcren bekamen. Die Nordiren warfen sich in alle Duelle rein, gaben keinen Zweikampf auf und hatten auch viele Fouls begangen.<\/p>\n<p>Da wird der eine oder andere Bundesliga-Trainer mit gro\u00dfen Sorgenfalten die Partie angeschaut haben. Vor allem in Dortmund und in M\u00fcnchen hatte man sicherlich Kopfschmerzen.<\/p>\n<p> Kovac und Kompany atmen auf <\/p>\n<p>F\u00fcnf Bayern-Spieler standen bei Nordirland \u2013 Deutschland auf dem Platz, beim BVB waren es vier Profis. Vincent Kompany und Niko Kovac atmeten nach der Partie richtig auf, dass alle deutschen Nationalspieler diese L\u00e4nderspielpause verletzungsfrei beendet haben \u2013 vor allem gegen die Nordiren.<\/p>\n<p>Mehr Nachrichten f\u00fcr dich:<\/p>\n<p>Dennoch gab es eine Schrecksekunde um einen Dortmunder Spieler: Nico Schlotterbeck wurde in der 1. Halbzeit b\u00f6se mit der Sohle getroffen. Sein Gegenspieler bekam nur die gelbe Karte. <a href=\"https:\/\/www.derwesten.de\/sport\/fussball\/bvb\/nordirland-deutschland-schlotterbeck-bvb-id301871914.html\" target=\"_blank\" rel=\"noopener\">Der Innenverteidiger konnte nach einer kurzen Behandlungspause aber weitermachen.<\/a><\/p>\n","protected":false},"excerpt":{"rendered":"Die L\u00e4nderspielpause ist bei vielen Spielern, Trainern und Vereinen unbeliebt: unn\u00f6tige Reisestrapazen, m\u00f6gliche Verletzungen und kaum Pausen f\u00fcr&hellip;\n","protected":false},"author":2,"featured_media":508627,"comment_status":"","ping_status":"","sticky":false,"template":"","format":"standard","meta":{"footnotes":""},"categories":[2],"tags":[331,3924,332,3922,3364,29,481,30,13,2602,14,3923,15,3921,13993,12],"class_list":{"0":"post-508626","1":"post","2":"type-post","3":"status-publish","4":"format-standard","5":"has-post-thumbnail","7":"category-deutschland","8":"tag-aktuelle-nachrichten","9":"tag-aktuelle-nachrichten-aus-deutschland","10":"tag-aktuelle-news","11":"tag-aktuelle-news-aus-deutschland","12":"tag-de","13":"tag-deutschland","14":"tag-dfb","15":"tag-germany","16":"tag-headlines","17":"tag-julian-nagelsmann","18":"tag-nachrichten","19":"tag-nachrichten-aus-deutschland","20":"tag-news","21":"tag-news-aus-deutschland","22":"tag-niko-kovac","23":"tag-schlagzeilen"},"share_on_mastodon":{"url":"https:\/\/pubeurope.com\/@de\/115395794331342583","error":""},"_links":{"self":[{"href":"https:\/\/www.europesays.com\/de\/wp-json\/wp\/v2\/posts\/508626","targetHints":{"allow":["GET"]}}],"collection":[{"href":"https:\/\/www.europesays.com\/de\/wp-json\/wp\/v2\/posts"}],"about":[{"href":"https:\/\/www.europesays.com\/de\/wp-json\/wp\/v2\/types\/post"}],"author":[{"embeddable":true,"href":"https:\/\/www.europesays.com\/de\/wp-json\/wp\/v2\/users\/2"}],"replies":[{"embeddable":true,"href":"https:\/\/www.europesays.com\/de\/wp-json\/wp\/v2\/comments?post=508626"}],"version-history":[{"count":0,"href":"https:\/\/www.europesays.com\/de\/wp-json\/wp\/v2\/posts\/508626\/revisions"}],"wp:featuredmedia":[{"embeddable":true,"href":"https:\/\/www.europesays.com\/de\/wp-json\/wp\/v2\/media\/508627"}],"wp:attachment":[{"href":"https:\/\/www.europesays.com\/de\/wp-json\/wp\/v2\/media?parent=508626"}],"wp:term":[{"taxonomy":"category","embeddable":true,"href":"https:\/\/www.europesays.com\/de\/wp-json\/wp\/v2\/categories?post=508626"},{"taxonomy":"post_tag","embeddable":true,"href":"https:\/\/www.europesays.com\/de\/wp-json\/wp\/v2\/tags?post=508626"}],"curies":[{"name":"wp","href":"https:\/\/api.w.org\/{rel}","templated":true}]}}